
			
				

					
				

			
		{"items":"\n\t\t\t\t\t\t\t\t\t\t\t\t\t\t<link rel=\"stylesheet\" id=\"wd-post-types-mod-categories-style-bg-css\" href=\"https:\/\/oscarguedez.com\/wp-content\/themes\/woodmart\/css\/parts\/post-types-mod-categories-style-bg.min.css?ver=8.2.7\" type=\"text\/css\" media=\"all\" \/> \t\t\t\n<article id=\"post-29856\" class=\"wd-post blog-design-masonry blog-post-loop blog-style-flat wd-col post-29856 post type-post status-publish format-standard has-post-thumbnail hentry category-escritos category-geopolitica tag-crisis-en-medio-oriente tag-donald-trump tag-eeuu tag-geopolitica-2 tag-guerra-eeuu-iran tag-historia-iran tag-iran tag-iran-y-ee-uu tag-sistema-politico-iran tag-sociedad-iran tag-trump\">\n\t<div class=\"wd-post-inner article-inner\">\n\t\t\t\t\t<div class=\"wd-post-thumb entry-header\">\n\t\t\t\t\t\t\t\t\t<div class=\"wd-post-img post-img-wrapp\">\n\t\t\t\t\t\t<img width=\"1300\" height=\"725\" src=\"https:\/\/oscarguedez.com\/wp-content\/uploads\/2026\/05\/IMAGEN-PRINCIPAL-1300x725.png\" class=\"attachment-large size-large\" alt=\"Ir\u00e1n\" decoding=\"async\" srcset=\"https:\/\/oscarguedez.com\/wp-content\/uploads\/2026\/05\/IMAGEN-PRINCIPAL-1300x725.png 1300w, https:\/\/oscarguedez.com\/wp-content\/uploads\/2026\/05\/IMAGEN-PRINCIPAL-400x223.png 400w, https:\/\/oscarguedez.com\/wp-content\/uploads\/2026\/05\/IMAGEN-PRINCIPAL-768x428.png 768w, https:\/\/oscarguedez.com\/wp-content\/uploads\/2026\/05\/IMAGEN-PRINCIPAL-1536x857.png 1536w, https:\/\/oscarguedez.com\/wp-content\/uploads\/2026\/05\/IMAGEN-PRINCIPAL-430x240.png 430w, https:\/\/oscarguedez.com\/wp-content\/uploads\/2026\/05\/IMAGEN-PRINCIPAL-700x390.png 700w, https:\/\/oscarguedez.com\/wp-content\/uploads\/2026\/05\/IMAGEN-PRINCIPAL-150x84.png 150w, https:\/\/oscarguedez.com\/wp-content\/uploads\/2026\/05\/IMAGEN-PRINCIPAL.png 1707w\" sizes=\"(max-width: 1300px) 100vw, 1300px\" \/>\t\t\t\t\t<\/div>\n\t\t\t\t\t<a class=\"wd-fill\" href=\"https:\/\/oscarguedez.com\/el-error-de-mirar-a-iran-con-lentes-coloniales\/\"><\/a>\n\t\t\t\t\n\t\t\t\t\t\t\t\t\t\t\t\t<link rel=\"stylesheet\" id=\"wd-post-types-mod-date-style-bg-css\" href=\"https:\/\/oscarguedez.com\/wp-content\/themes\/woodmart\/css\/parts\/post-types-mod-date-style-bg.min.css?ver=8.2.7\" type=\"text\/css\" media=\"all\" \/> \t\t\t\t\t\t<div class=\"wd-post-date wd-style-with-bg\">\n\t\t\t\t<span class=\"post-date-day\">\n\t\t\t\t\t27\t\t\t\t<\/span>\n\t\t\t\t<span class=\"post-date-month\">\n\t\t\t\t\tMay\t\t\t\t<\/span>\n\t\t\t<\/div>\n\t\t\t\t\t\t\t\t\t<\/div>\n\t\t\n\t\t<div class=\"wd-post-content article-body-container\">\n\t\t\t\t\t\t\t<div class=\"wd-post-cat wd-style-with-bg meta-post-categories\">\n\t\t\t\t\t<a href=\"https:\/\/oscarguedez.com\/category\/escritos\/\" rel=\"category tag\">Escritos<\/a>, <a href=\"https:\/\/oscarguedez.com\/category\/geopolitica\/\" rel=\"category tag\">Geopol\u00edtica<\/a>\t\t\t\t<\/div>\n\t\t\t\n\t\t\t\t\t\t\t<h3 class=\"wd-post-title wd-entities-title title post-title\">\n\t\t\t\t\t<a href=\"https:\/\/oscarguedez.com\/el-error-de-mirar-a-iran-con-lentes-coloniales\/\" rel=\"bookmark\">El error de mirar a Ir\u00e1n y sus 2,500 a\u00f1os de historia con lentes coloniales<\/a>\n\t\t\t\t<\/h3>\n\t\t\t\n\t\t\t\t\t\t\t<div class=\"wd-post-meta\">\n\t\t\t\t\t\t\t\t\t\t\t\t\t<link rel=\"stylesheet\" id=\"wd-blog-mod-author-css\" href=\"https:\/\/oscarguedez.com\/wp-content\/themes\/woodmart\/css\/parts\/blog-mod-author.min.css?ver=8.2.7\" type=\"text\/css\" media=\"all\" \/> \t\t\t\t\t\t\t\t<div class=\"wd-post-author\">\n\t\t\t\t\t\t\t\t\t\t\t<span>Publicado por<\/span>\n\t\t\n\t\t\t\t\t<img alt='author-avatar' src='https:\/\/secure.gravatar.com\/avatar\/2053f5776836c39147bedf73641df5989b8f0d5ec9a942d0d063171f54523d69?s=18&#038;d=mm&#038;r=g' srcset='https:\/\/secure.gravatar.com\/avatar\/2053f5776836c39147bedf73641df5989b8f0d5ec9a942d0d063171f54523d69?s=36&#038;d=mm&#038;r=g 2x' class='avatar avatar-18 photo' height='18' width='18' decoding='async'\/>\t\t\n\t\t\t\t\t<a href=\"https:\/\/oscarguedez.com\/author\/oscar-guedez\/\" class=\"author\" rel=\"author\">Oscar Guedez<\/a>\n\t\t\t\t\t\t\t\t\t<\/div>\n\t\t\t\t\t<div class=\"wd-modified-date\">\n\t\t\t\t\t\t\t\t<time class=\"updated\" datetime=\"2026-08-05T20:29:14+00:00\">\n\t\t\t5 de agosto de 2026\t\t<\/time>\n\t\t\t\t\t\t\t<\/div>\n\n\t\t\t\t\t\t\t\t\t\t\t<div class=\"wd-post-share wd-tltp\">\n\t\t\t\t\t\t\t<div class=\"tooltip top\">\n\t\t\t\t\t\t\t\t<div class=\"tooltip-inner\">\n\t\t\t\t\t\t\t\t\t\t\t\t<link rel=\"stylesheet\" id=\"wd-social-icons-css\" href=\"https:\/\/oscarguedez.com\/wp-content\/themes\/woodmart\/css\/parts\/el-social-icons.min.css?ver=8.2.7\" type=\"text\/css\" media=\"all\" \/> \t\t\t\t\t\t<div\n\t\t\t\t\t\tclass=\" wd-social-icons wd-style-default wd-size-small social-share wd-shape-circle color-scheme-light text-center\">\n\t\t\t\t\n\t\t\t\t\n\t\t\t\t\t\t\t\t\t<a rel=\"noopener noreferrer nofollow\" href=\"https:\/\/www.facebook.com\/sharer\/sharer.php?u=https:\/\/oscarguedez.com\/el-error-de-mirar-a-iran-con-lentes-coloniales\/\" target=\"_blank\" class=\" wd-social-icon social-facebook\" aria-label=\"Facebook social link\">\n\t\t\t\t\t\t<span class=\"wd-icon\"><\/span>\n\t\t\t\t\t\t\t\t\t\t\t<\/a>\n\t\t\t\t\n\t\t\t\t\t\t\t\t\t<a rel=\"noopener noreferrer nofollow\" href=\"https:\/\/x.com\/share?url=https:\/\/oscarguedez.com\/el-error-de-mirar-a-iran-con-lentes-coloniales\/\" target=\"_blank\" class=\" wd-social-icon social-twitter\" aria-label=\"X social link\">\n\t\t\t\t\t\t<span class=\"wd-icon\"><\/span>\n\t\t\t\t\t\t\t\t\t\t\t<\/a>\n\t\t\t\t\n\t\t\t\t\n\t\t\t\t\n\t\t\t\t\n\t\t\t\t\n\t\t\t\t\n\t\t\t\t\t\t\t\t\t<a rel=\"noopener noreferrer nofollow\" href=\"https:\/\/pinterest.com\/pin\/create\/button\/?url=https:\/\/oscarguedez.com\/el-error-de-mirar-a-iran-con-lentes-coloniales\/&media=https:\/\/oscarguedez.com\/wp-content\/uploads\/2026\/05\/IMAGEN-PRINCIPAL.png&description=El+error+de+mirar+a+Ir%C3%A1n+y+sus+2%2C500+a%C3%B1os+de+historia+con+lentes+coloniales\" target=\"_blank\" class=\" wd-social-icon social-pinterest\" aria-label=\"Pinterest social link\">\n\t\t\t\t\t\t<span class=\"wd-icon\"><\/span>\n\t\t\t\t\t\t\t\t\t\t\t<\/a>\n\t\t\t\t\n\t\t\t\t\n\t\t\t\t\t\t\t\t\t<a rel=\"noopener noreferrer nofollow\" href=\"https:\/\/www.linkedin.com\/shareArticle?mini=true&url=https:\/\/oscarguedez.com\/el-error-de-mirar-a-iran-con-lentes-coloniales\/\" target=\"_blank\" class=\" wd-social-icon social-linkedin\" aria-label=\"Linkedin social link\">\n\t\t\t\t\t\t<span class=\"wd-icon\"><\/span>\n\t\t\t\t\t\t\t\t\t\t\t<\/a>\n\t\t\t\t\n\t\t\t\t\n\t\t\t\t\n\t\t\t\t\n\t\t\t\t\n\t\t\t\t\n\t\t\t\t\n\t\t\t\t\n\t\t\t\t\n\t\t\t\t\n\t\t\t\t\n\t\t\t\t\n\t\t\t\t\n\t\t\t\t\n\t\t\t\t\n\t\t\t\t\t\t\t\t\t<a rel=\"noopener noreferrer nofollow\" href=\"https:\/\/telegram.me\/share\/url?url=https:\/\/oscarguedez.com\/el-error-de-mirar-a-iran-con-lentes-coloniales\/\" target=\"_blank\" class=\" wd-social-icon social-tg\" aria-label=\"Telegram social link\">\n\t\t\t\t\t\t<span class=\"wd-icon\"><\/span>\n\t\t\t\t\t\t\t\t\t\t\t<\/a>\n\t\t\t\t\n\t\t\t\t\n\t\t\t<\/div>\n\n\t\t\t\t\t\t\t\t\t\t<\/div>\n\t\t\t\t\t\t\t\t<div class=\"tooltip-arrow\"><\/div>\n\t\t\t\t\t\t\t<\/div>\n\t\t\t\t\t\t<\/div>\n\t\t\t\t\t\n\t\t\t\t\t\t\t\t\t\t\t\t\t\t<link rel=\"stylesheet\" id=\"wd-blog-mod-comments-button-css\" href=\"https:\/\/oscarguedez.com\/wp-content\/themes\/woodmart\/css\/parts\/blog-mod-comments-button.min.css?ver=8.2.7\" type=\"text\/css\" media=\"all\" \/> \t\t\t\t\t\t\t\t\t<div class=\"wd-post-reply wd-style-1\">\n\t\t\t\t\t\t\t<a href=\"https:\/\/oscarguedez.com\/el-error-de-mirar-a-iran-con-lentes-coloniales\/#comments\"><span class=\"wd-replies-count\">1<\/span><\/a>\t\t\t\t\t\t<\/div>\n\t\t\t\t\t\t\t\t\t<\/div>\n\t\t\t\n\t\t\t\t\t\t\t\t\t\t\t\t<div class=\"wd-post-excerpt entry-content\">\n\t\t\t\t\t\tQuien observe a Ir\u00e1n \u00fanicamente desde la perspectiva del pa\u00eds gobernado por un r\u00e9gimen isl\u00e1mico caracterizado ...\t\t\t\t\t<\/div>\n\t\t\t\t\n\t\t\t\t\t\t\t\t\t\t\t\t\t\t<div class=\"wd-post-read-more wd-style-link read-more-section\">\n\t\t\t\t\t\t<a class=\"\" href=\"https:\/\/oscarguedez.com\/el-error-de-mirar-a-iran-con-lentes-coloniales\/\">Seguir leyendo<\/a>\t\t\t\t\t<\/div>\n\t\t\t\t\t\t\t\t\t\t\t\t\t<\/div>\n\t<\/div>\n<\/article>\n\n\t\t\t\t\t\t\t\t\t\t\t\n<article id=\"post-29814\" class=\"wd-post blog-design-masonry blog-post-loop blog-style-flat wd-col post-29814 post type-post status-publish format-standard has-post-thumbnail hentry category-escritos category-geopolitica tag-china tag-donald-trump tag-eeuu tag-geopolitica tag-oscar-guedez\">\n\t<div class=\"wd-post-inner article-inner\">\n\t\t\t\t\t<div class=\"wd-post-thumb entry-header\">\n\t\t\t\t\t\t\t\t\t<div class=\"wd-post-img post-img-wrapp\">\n\t\t\t\t\t\t<img width=\"1200\" height=\"800\" src=\"https:\/\/oscarguedez.com\/wp-content\/uploads\/2026\/05\/Designer-3-1200x800.png\" class=\"attachment-large size-large\" alt=\"Todos los caminos llevan a China\" decoding=\"async\" srcset=\"https:\/\/oscarguedez.com\/wp-content\/uploads\/2026\/05\/Designer-3-1200x800.png 1200w, https:\/\/oscarguedez.com\/wp-content\/uploads\/2026\/05\/Designer-3-400x267.png 400w, https:\/\/oscarguedez.com\/wp-content\/uploads\/2026\/05\/Designer-3-768x512.png 768w, https:\/\/oscarguedez.com\/wp-content\/uploads\/2026\/05\/Designer-3-430x287.png 430w, https:\/\/oscarguedez.com\/wp-content\/uploads\/2026\/05\/Designer-3-700x467.png 700w, https:\/\/oscarguedez.com\/wp-content\/uploads\/2026\/05\/Designer-3-150x100.png 150w, https:\/\/oscarguedez.com\/wp-content\/uploads\/2026\/05\/Designer-3.png 1536w\" sizes=\"(max-width: 1200px) 100vw, 1200px\" \/>\t\t\t\t\t<\/div>\n\t\t\t\t\t<a class=\"wd-fill\" href=\"https:\/\/oscarguedez.com\/todos-los-caminos-llevan-a-china\/\"><\/a>\n\t\t\t\t\n\t\t\t\t\t\t\t\t\t\t\t\t<div class=\"wd-post-date wd-style-with-bg\">\n\t\t\t\t<span class=\"post-date-day\">\n\t\t\t\t\t20\t\t\t\t<\/span>\n\t\t\t\t<span class=\"post-date-month\">\n\t\t\t\t\tMay\t\t\t\t<\/span>\n\t\t\t<\/div>\n\t\t\t\t\t\t\t\t\t<\/div>\n\t\t\n\t\t<div class=\"wd-post-content article-body-container\">\n\t\t\t\t\t\t\t<div class=\"wd-post-cat wd-style-with-bg meta-post-categories\">\n\t\t\t\t\t<a href=\"https:\/\/oscarguedez.com\/category\/escritos\/\" rel=\"category tag\">Escritos<\/a>, <a href=\"https:\/\/oscarguedez.com\/category\/geopolitica\/\" rel=\"category tag\">Geopol\u00edtica<\/a>\t\t\t\t<\/div>\n\t\t\t\n\t\t\t\t\t\t\t<h3 class=\"wd-post-title wd-entities-title title post-title\">\n\t\t\t\t\t<a href=\"https:\/\/oscarguedez.com\/todos-los-caminos-llevan-a-china\/\" rel=\"bookmark\">Todos los caminos llevan a China<\/a>\n\t\t\t\t<\/h3>\n\t\t\t\n\t\t\t\t\t\t\t<div class=\"wd-post-meta\">\n\t\t\t\t\t\t\t\t\t\t\t\t\t\t\t<div class=\"wd-post-author\">\n\t\t\t\t\t\t\t\t\t\t\t<span>Publicado por<\/span>\n\t\t\n\t\t\t\t\t<img alt='author-avatar' src='https:\/\/secure.gravatar.com\/avatar\/2053f5776836c39147bedf73641df5989b8f0d5ec9a942d0d063171f54523d69?s=18&#038;d=mm&#038;r=g' srcset='https:\/\/secure.gravatar.com\/avatar\/2053f5776836c39147bedf73641df5989b8f0d5ec9a942d0d063171f54523d69?s=36&#038;d=mm&#038;r=g 2x' class='avatar avatar-18 photo' height='18' width='18' decoding='async'\/>\t\t\n\t\t\t\t\t<a href=\"https:\/\/oscarguedez.com\/author\/oscar-guedez\/\" class=\"author\" rel=\"author\">Oscar Guedez<\/a>\n\t\t\t\t\t\t\t\t\t<\/div>\n\t\t\t\t\t<div class=\"wd-modified-date\">\n\t\t\t\t\t\t\t\t<time class=\"updated\" datetime=\"2026-08-14T14:48:09+00:00\">\n\t\t\t14 de agosto de 2026\t\t<\/time>\n\t\t\t\t\t\t\t<\/div>\n\n\t\t\t\t\t\t\t\t\t\t\t<div class=\"wd-post-share wd-tltp\">\n\t\t\t\t\t\t\t<div class=\"tooltip top\">\n\t\t\t\t\t\t\t\t<div class=\"tooltip-inner\">\n\t\t\t\t\t\t\t\t\t\t\t\t<div\n\t\t\t\t\t\tclass=\" wd-social-icons wd-style-default wd-size-small social-share wd-shape-circle color-scheme-light text-center\">\n\t\t\t\t\n\t\t\t\t\n\t\t\t\t\t\t\t\t\t<a rel=\"noopener noreferrer nofollow\" href=\"https:\/\/www.facebook.com\/sharer\/sharer.php?u=https:\/\/oscarguedez.com\/todos-los-caminos-llevan-a-china\/\" target=\"_blank\" class=\" wd-social-icon social-facebook\" aria-label=\"Facebook social link\">\n\t\t\t\t\t\t<span class=\"wd-icon\"><\/span>\n\t\t\t\t\t\t\t\t\t\t\t<\/a>\n\t\t\t\t\n\t\t\t\t\t\t\t\t\t<a rel=\"noopener noreferrer nofollow\" href=\"https:\/\/x.com\/share?url=https:\/\/oscarguedez.com\/todos-los-caminos-llevan-a-china\/\" target=\"_blank\" class=\" wd-social-icon social-twitter\" aria-label=\"X social link\">\n\t\t\t\t\t\t<span class=\"wd-icon\"><\/span>\n\t\t\t\t\t\t\t\t\t\t\t<\/a>\n\t\t\t\t\n\t\t\t\t\n\t\t\t\t\n\t\t\t\t\n\t\t\t\t\n\t\t\t\t\n\t\t\t\t\t\t\t\t\t<a rel=\"noopener noreferrer nofollow\" href=\"https:\/\/pinterest.com\/pin\/create\/button\/?url=https:\/\/oscarguedez.com\/todos-los-caminos-llevan-a-china\/&media=https:\/\/oscarguedez.com\/wp-content\/uploads\/2026\/05\/Designer-3.png&description=Todos+los+caminos+llevan+a+China\" target=\"_blank\" class=\" wd-social-icon social-pinterest\" aria-label=\"Pinterest social link\">\n\t\t\t\t\t\t<span class=\"wd-icon\"><\/span>\n\t\t\t\t\t\t\t\t\t\t\t<\/a>\n\t\t\t\t\n\t\t\t\t\n\t\t\t\t\t\t\t\t\t<a rel=\"noopener noreferrer nofollow\" href=\"https:\/\/www.linkedin.com\/shareArticle?mini=true&url=https:\/\/oscarguedez.com\/todos-los-caminos-llevan-a-china\/\" target=\"_blank\" class=\" wd-social-icon social-linkedin\" aria-label=\"Linkedin social link\">\n\t\t\t\t\t\t<span class=\"wd-icon\"><\/span>\n\t\t\t\t\t\t\t\t\t\t\t<\/a>\n\t\t\t\t\n\t\t\t\t\n\t\t\t\t\n\t\t\t\t\n\t\t\t\t\n\t\t\t\t\n\t\t\t\t\n\t\t\t\t\n\t\t\t\t\n\t\t\t\t\n\t\t\t\t\n\t\t\t\t\n\t\t\t\t\n\t\t\t\t\n\t\t\t\t\n\t\t\t\t\t\t\t\t\t<a rel=\"noopener noreferrer nofollow\" href=\"https:\/\/telegram.me\/share\/url?url=https:\/\/oscarguedez.com\/todos-los-caminos-llevan-a-china\/\" target=\"_blank\" class=\" wd-social-icon social-tg\" aria-label=\"Telegram social link\">\n\t\t\t\t\t\t<span class=\"wd-icon\"><\/span>\n\t\t\t\t\t\t\t\t\t\t\t<\/a>\n\t\t\t\t\n\t\t\t\t\n\t\t\t<\/div>\n\n\t\t\t\t\t\t\t\t\t\t<\/div>\n\t\t\t\t\t\t\t\t<div class=\"tooltip-arrow\"><\/div>\n\t\t\t\t\t\t\t<\/div>\n\t\t\t\t\t\t<\/div>\n\t\t\t\t\t\n\t\t\t\t\t\t\t\t\t\t\t\t\t\t\t\t\t<div class=\"wd-post-reply wd-style-1\">\n\t\t\t\t\t\t\t<a href=\"https:\/\/oscarguedez.com\/todos-los-caminos-llevan-a-china\/#respond\"><span class=\"wd-replies-count\">0<\/span><\/a>\t\t\t\t\t\t<\/div>\n\t\t\t\t\t\t\t\t\t<\/div>\n\t\t\t\n\t\t\t\t\t\t\t\t\t\t\t\t<div class=\"wd-post-excerpt entry-content\">\n\t\t\t\t\t\tEl mundo observ\u00f3 esta semana algo que no ocurr\u00eda desde hace d\u00e9cadas, el presidente de Estados Unidos, la potencia hegem\u00f3nica global, viaj\u00f3 a visitar al l\u00edder de su principal rival estrat\u00e9gico, China, con toda la pompa...\t\t\t\t\t<\/div>\n\t\t\t\t\n\t\t\t\t\t\t\t\t\t\t\t\t\t\t<div class=\"wd-post-read-more wd-style-link read-more-section\">\n\t\t\t\t\t\t<a class=\"\" href=\"https:\/\/oscarguedez.com\/todos-los-caminos-llevan-a-china\/\">Seguir leyendo<\/a>\t\t\t\t\t<\/div>\n\t\t\t\t\t\t\t\t\t\t\t\t\t<\/div>\n\t<\/div>\n<\/article>\n\n\t\t\t\t\t\t\t\t\t\t\t\n<article id=\"post-29780\" class=\"wd-post blog-design-masonry blog-post-loop blog-style-flat wd-col post-29780 post type-post status-publish format-standard has-post-thumbnail hentry category-cambio_climatico tag-analisis-3 tag-cambio-climatico tag-desarrollo-sostenible tag-dia-del-medio-ambiente tag-republica-dominicana\">\n\t<div class=\"wd-post-inner article-inner\">\n\t\t\t\t\t<div class=\"wd-post-thumb entry-header\">\n\t\t\t\t\t\t\t\t\t<div class=\"wd-post-img post-img-wrapp\">\n\t\t\t\t\t\t<img width=\"1000\" height=\"600\" src=\"https:\/\/oscarguedez.com\/wp-content\/uploads\/2026\/04\/articulo_Ver-la-Tierra-desde-fuera-para-entenderla-desde-dentro_1.webp\" class=\"attachment-large size-large\" alt=\"Tierra\" decoding=\"async\" srcset=\"https:\/\/oscarguedez.com\/wp-content\/uploads\/2026\/04\/articulo_Ver-la-Tierra-desde-fuera-para-entenderla-desde-dentro_1.webp 1000w, https:\/\/oscarguedez.com\/wp-content\/uploads\/2026\/04\/articulo_Ver-la-Tierra-desde-fuera-para-entenderla-desde-dentro_1-400x240.webp 400w, https:\/\/oscarguedez.com\/wp-content\/uploads\/2026\/04\/articulo_Ver-la-Tierra-desde-fuera-para-entenderla-desde-dentro_1-768x461.webp 768w, https:\/\/oscarguedez.com\/wp-content\/uploads\/2026\/04\/articulo_Ver-la-Tierra-desde-fuera-para-entenderla-desde-dentro_1-430x258.webp 430w, https:\/\/oscarguedez.com\/wp-content\/uploads\/2026\/04\/articulo_Ver-la-Tierra-desde-fuera-para-entenderla-desde-dentro_1-700x420.webp 700w, https:\/\/oscarguedez.com\/wp-content\/uploads\/2026\/04\/articulo_Ver-la-Tierra-desde-fuera-para-entenderla-desde-dentro_1-150x90.webp 150w\" sizes=\"(max-width: 1000px) 100vw, 1000px\" \/>\t\t\t\t\t<\/div>\n\t\t\t\t\t<a class=\"wd-fill\" href=\"https:\/\/oscarguedez.com\/ver-la-tierra-desde-fuera-para-entenderla-desde-dentro\/\"><\/a>\n\t\t\t\t\n\t\t\t\t\t\t\t\t\t\t\t\t<div class=\"wd-post-date wd-style-with-bg\">\n\t\t\t\t<span class=\"post-date-day\">\n\t\t\t\t\t24\t\t\t\t<\/span>\n\t\t\t\t<span class=\"post-date-month\">\n\t\t\t\t\tAbr\t\t\t\t<\/span>\n\t\t\t<\/div>\n\t\t\t\t\t\t\t\t\t<\/div>\n\t\t\n\t\t<div class=\"wd-post-content article-body-container\">\n\t\t\t\t\t\t\t<div class=\"wd-post-cat wd-style-with-bg meta-post-categories\">\n\t\t\t\t\t<a href=\"https:\/\/oscarguedez.com\/category\/cambio_climatico\/\" rel=\"category tag\">Cambio Clim\u00e1tico<\/a>\t\t\t\t<\/div>\n\t\t\t\n\t\t\t\t\t\t\t<h3 class=\"wd-post-title wd-entities-title title post-title\">\n\t\t\t\t\t<a href=\"https:\/\/oscarguedez.com\/ver-la-tierra-desde-fuera-para-entenderla-desde-dentro\/\" rel=\"bookmark\">Ver la Tierra desde fuera para entenderla desde dentro<\/a>\n\t\t\t\t<\/h3>\n\t\t\t\n\t\t\t\t\t\t\t<div class=\"wd-post-meta\">\n\t\t\t\t\t\t\t\t\t\t\t\t\t\t\t<div class=\"wd-post-author\">\n\t\t\t\t\t\t\t\t\t\t\t<span>Publicado por<\/span>\n\t\t\n\t\t\t\t\t<img alt='author-avatar' src='https:\/\/secure.gravatar.com\/avatar\/2053f5776836c39147bedf73641df5989b8f0d5ec9a942d0d063171f54523d69?s=18&#038;d=mm&#038;r=g' srcset='https:\/\/secure.gravatar.com\/avatar\/2053f5776836c39147bedf73641df5989b8f0d5ec9a942d0d063171f54523d69?s=36&#038;d=mm&#038;r=g 2x' class='avatar avatar-18 photo' height='18' width='18' decoding='async'\/>\t\t\n\t\t\t\t\t<a href=\"https:\/\/oscarguedez.com\/author\/oscar-guedez\/\" class=\"author\" rel=\"author\">Oscar Guedez<\/a>\n\t\t\t\t\t\t\t\t\t<\/div>\n\t\t\t\t\t<div class=\"wd-modified-date\">\n\t\t\t\t\t\t\t\t<time class=\"updated\" datetime=\"2026-08-05T21:48:59+00:00\">\n\t\t\t5 de agosto de 2026\t\t<\/time>\n\t\t\t\t\t\t\t<\/div>\n\n\t\t\t\t\t\t\t\t\t\t\t<div class=\"wd-post-share wd-tltp\">\n\t\t\t\t\t\t\t<div class=\"tooltip top\">\n\t\t\t\t\t\t\t\t<div class=\"tooltip-inner\">\n\t\t\t\t\t\t\t\t\t\t\t\t<div\n\t\t\t\t\t\tclass=\" wd-social-icons wd-style-default wd-size-small social-share wd-shape-circle color-scheme-light text-center\">\n\t\t\t\t\n\t\t\t\t\n\t\t\t\t\t\t\t\t\t<a rel=\"noopener noreferrer nofollow\" href=\"https:\/\/www.facebook.com\/sharer\/sharer.php?u=https:\/\/oscarguedez.com\/ver-la-tierra-desde-fuera-para-entenderla-desde-dentro\/\" target=\"_blank\" class=\" wd-social-icon social-facebook\" aria-label=\"Facebook social link\">\n\t\t\t\t\t\t<span class=\"wd-icon\"><\/span>\n\t\t\t\t\t\t\t\t\t\t\t<\/a>\n\t\t\t\t\n\t\t\t\t\t\t\t\t\t<a rel=\"noopener noreferrer nofollow\" href=\"https:\/\/x.com\/share?url=https:\/\/oscarguedez.com\/ver-la-tierra-desde-fuera-para-entenderla-desde-dentro\/\" target=\"_blank\" class=\" wd-social-icon social-twitter\" aria-label=\"X social link\">\n\t\t\t\t\t\t<span class=\"wd-icon\"><\/span>\n\t\t\t\t\t\t\t\t\t\t\t<\/a>\n\t\t\t\t\n\t\t\t\t\n\t\t\t\t\n\t\t\t\t\n\t\t\t\t\n\t\t\t\t\n\t\t\t\t\t\t\t\t\t<a rel=\"noopener noreferrer nofollow\" href=\"https:\/\/pinterest.com\/pin\/create\/button\/?url=https:\/\/oscarguedez.com\/ver-la-tierra-desde-fuera-para-entenderla-desde-dentro\/&media=https:\/\/oscarguedez.com\/wp-content\/uploads\/2026\/04\/articulo_Ver-la-Tierra-desde-fuera-para-entenderla-desde-dentro_1.webp&description=Ver+la+Tierra+desde+fuera+para+entenderla+desde+dentro\" target=\"_blank\" class=\" wd-social-icon social-pinterest\" aria-label=\"Pinterest social link\">\n\t\t\t\t\t\t<span class=\"wd-icon\"><\/span>\n\t\t\t\t\t\t\t\t\t\t\t<\/a>\n\t\t\t\t\n\t\t\t\t\n\t\t\t\t\t\t\t\t\t<a rel=\"noopener noreferrer nofollow\" href=\"https:\/\/www.linkedin.com\/shareArticle?mini=true&url=https:\/\/oscarguedez.com\/ver-la-tierra-desde-fuera-para-entenderla-desde-dentro\/\" target=\"_blank\" class=\" wd-social-icon social-linkedin\" aria-label=\"Linkedin social link\">\n\t\t\t\t\t\t<span class=\"wd-icon\"><\/span>\n\t\t\t\t\t\t\t\t\t\t\t<\/a>\n\t\t\t\t\n\t\t\t\t\n\t\t\t\t\n\t\t\t\t\n\t\t\t\t\n\t\t\t\t\n\t\t\t\t\n\t\t\t\t\n\t\t\t\t\n\t\t\t\t\n\t\t\t\t\n\t\t\t\t\n\t\t\t\t\n\t\t\t\t\n\t\t\t\t\n\t\t\t\t\t\t\t\t\t<a rel=\"noopener noreferrer nofollow\" href=\"https:\/\/telegram.me\/share\/url?url=https:\/\/oscarguedez.com\/ver-la-tierra-desde-fuera-para-entenderla-desde-dentro\/\" target=\"_blank\" class=\" wd-social-icon social-tg\" aria-label=\"Telegram social link\">\n\t\t\t\t\t\t<span class=\"wd-icon\"><\/span>\n\t\t\t\t\t\t\t\t\t\t\t<\/a>\n\t\t\t\t\n\t\t\t\t\n\t\t\t<\/div>\n\n\t\t\t\t\t\t\t\t\t\t<\/div>\n\t\t\t\t\t\t\t\t<div class=\"tooltip-arrow\"><\/div>\n\t\t\t\t\t\t\t<\/div>\n\t\t\t\t\t\t<\/div>\n\t\t\t\t\t\n\t\t\t\t\t\t\t\t\t\t\t\t\t\t\t\t\t<div class=\"wd-post-reply wd-style-1\">\n\t\t\t\t\t\t\t<a href=\"https:\/\/oscarguedez.com\/ver-la-tierra-desde-fuera-para-entenderla-desde-dentro\/#respond\"><span class=\"wd-replies-count\">0<\/span><\/a>\t\t\t\t\t\t<\/div>\n\t\t\t\t\t\t\t\t\t<\/div>\n\t\t\t\n\t\t\t\t\t\t\t\t\t\t\t\t<div class=\"wd-post-excerpt entry-content\">\n\t\t\t\t\t\tEste mi\u00e9rcoles, como cada a\u00f1o, el D\u00eda de la Tierra nos ofrece una oportunidad para reflexionar sobre nuestra r...\t\t\t\t\t<\/div>\n\t\t\t\t\n\t\t\t\t\t\t\t\t\t\t\t\t\t\t<div class=\"wd-post-read-more wd-style-link read-more-section\">\n\t\t\t\t\t\t<a class=\"\" href=\"https:\/\/oscarguedez.com\/ver-la-tierra-desde-fuera-para-entenderla-desde-dentro\/\">Seguir leyendo<\/a>\t\t\t\t\t<\/div>\n\t\t\t\t\t\t\t\t\t\t\t\t\t<\/div>\n\t<\/div>\n<\/article>\n\n\t\t\t\t\t\t\t\t\t\t\t\n<article id=\"post-29761\" class=\"wd-post blog-design-masonry blog-post-loop blog-style-flat wd-col post-29761 post type-post status-publish format-standard has-post-thumbnail hentry category-geopolitica tag-crisis-en-medio-oriente\">\n\t<div class=\"wd-post-inner article-inner\">\n\t\t\t\t\t<div class=\"wd-post-thumb entry-header\">\n\t\t\t\t\t\t\t\t\t<div class=\"wd-post-img post-img-wrapp\">\n\t\t\t\t\t\t<img width=\"1200\" height=\"800\" src=\"https:\/\/oscarguedez.com\/wp-content\/uploads\/2026\/04\/articulo_Los-limites-a-la-presion-y-la-paz-entre-EE.UU_.-e-Iran_3-1200x800.webp\" class=\"attachment-large size-large\" alt=\"Presi\u00f3n y paz entre EE.UU, e Ir\u00e1n\" decoding=\"async\" srcset=\"https:\/\/oscarguedez.com\/wp-content\/uploads\/2026\/04\/articulo_Los-limites-a-la-presion-y-la-paz-entre-EE.UU_.-e-Iran_3-1200x800.webp 1200w, https:\/\/oscarguedez.com\/wp-content\/uploads\/2026\/04\/articulo_Los-limites-a-la-presion-y-la-paz-entre-EE.UU_.-e-Iran_3-400x267.webp 400w, https:\/\/oscarguedez.com\/wp-content\/uploads\/2026\/04\/articulo_Los-limites-a-la-presion-y-la-paz-entre-EE.UU_.-e-Iran_3-768x512.webp 768w, https:\/\/oscarguedez.com\/wp-content\/uploads\/2026\/04\/articulo_Los-limites-a-la-presion-y-la-paz-entre-EE.UU_.-e-Iran_3-1536x1024.webp 1536w, https:\/\/oscarguedez.com\/wp-content\/uploads\/2026\/04\/articulo_Los-limites-a-la-presion-y-la-paz-entre-EE.UU_.-e-Iran_3-430x287.webp 430w, https:\/\/oscarguedez.com\/wp-content\/uploads\/2026\/04\/articulo_Los-limites-a-la-presion-y-la-paz-entre-EE.UU_.-e-Iran_3-700x467.webp 700w, https:\/\/oscarguedez.com\/wp-content\/uploads\/2026\/04\/articulo_Los-limites-a-la-presion-y-la-paz-entre-EE.UU_.-e-Iran_3-150x100.webp 150w, https:\/\/oscarguedez.com\/wp-content\/uploads\/2026\/04\/articulo_Los-limites-a-la-presion-y-la-paz-entre-EE.UU_.-e-Iran_3.webp 1920w\" sizes=\"(max-width: 1200px) 100vw, 1200px\" \/>\t\t\t\t\t<\/div>\n\t\t\t\t\t<a class=\"wd-fill\" href=\"https:\/\/oscarguedez.com\/los-limites-a-la-presion-y-la-paz-entre-ee-uu-e-iran\/\"><\/a>\n\t\t\t\t\n\t\t\t\t\t\t\t\t\t\t\t\t<div class=\"wd-post-date wd-style-with-bg\">\n\t\t\t\t<span class=\"post-date-day\">\n\t\t\t\t\t15\t\t\t\t<\/span>\n\t\t\t\t<span class=\"post-date-month\">\n\t\t\t\t\tAbr\t\t\t\t<\/span>\n\t\t\t<\/div>\n\t\t\t\t\t\t\t\t\t<\/div>\n\t\t\n\t\t<div class=\"wd-post-content article-body-container\">\n\t\t\t\t\t\t\t<div class=\"wd-post-cat wd-style-with-bg meta-post-categories\">\n\t\t\t\t\t<a href=\"https:\/\/oscarguedez.com\/category\/geopolitica\/\" rel=\"category tag\">Geopol\u00edtica<\/a>\t\t\t\t<\/div>\n\t\t\t\n\t\t\t\t\t\t\t<h3 class=\"wd-post-title wd-entities-title title post-title\">\n\t\t\t\t\t<a href=\"https:\/\/oscarguedez.com\/los-limites-a-la-presion-y-la-paz-entre-ee-uu-e-iran\/\" rel=\"bookmark\">Los l\u00edmites a la presi\u00f3n y la paz entre EE.UU. e Ir\u00e1n<\/a>\n\t\t\t\t<\/h3>\n\t\t\t\n\t\t\t\t\t\t\t<div class=\"wd-post-meta\">\n\t\t\t\t\t\t\t\t\t\t\t\t\t\t\t<div class=\"wd-post-author\">\n\t\t\t\t\t\t\t\t\t\t\t<span>Publicado por<\/span>\n\t\t\n\t\t\t\t\t<img alt='author-avatar' src='https:\/\/secure.gravatar.com\/avatar\/2053f5776836c39147bedf73641df5989b8f0d5ec9a942d0d063171f54523d69?s=18&#038;d=mm&#038;r=g' srcset='https:\/\/secure.gravatar.com\/avatar\/2053f5776836c39147bedf73641df5989b8f0d5ec9a942d0d063171f54523d69?s=36&#038;d=mm&#038;r=g 2x' class='avatar avatar-18 photo' height='18' width='18' decoding='async'\/>\t\t\n\t\t\t\t\t<a href=\"https:\/\/oscarguedez.com\/author\/oscar-guedez\/\" class=\"author\" rel=\"author\">Oscar Guedez<\/a>\n\t\t\t\t\t\t\t\t\t<\/div>\n\t\t\t\t\t<div class=\"wd-modified-date\">\n\t\t\t\t\t\t\t\t<time class=\"updated\" datetime=\"2026-08-05T23:07:24+00:00\">\n\t\t\t5 de agosto de 2026\t\t<\/time>\n\t\t\t\t\t\t\t<\/div>\n\n\t\t\t\t\t\t\t\t\t\t\t<div class=\"wd-post-share wd-tltp\">\n\t\t\t\t\t\t\t<div class=\"tooltip top\">\n\t\t\t\t\t\t\t\t<div class=\"tooltip-inner\">\n\t\t\t\t\t\t\t\t\t\t\t\t<div\n\t\t\t\t\t\tclass=\" wd-social-icons wd-style-default wd-size-small social-share wd-shape-circle color-scheme-light text-center\">\n\t\t\t\t\n\t\t\t\t\n\t\t\t\t\t\t\t\t\t<a rel=\"noopener noreferrer nofollow\" href=\"https:\/\/www.facebook.com\/sharer\/sharer.php?u=https:\/\/oscarguedez.com\/los-limites-a-la-presion-y-la-paz-entre-ee-uu-e-iran\/\" target=\"_blank\" class=\" wd-social-icon social-facebook\" aria-label=\"Facebook social link\">\n\t\t\t\t\t\t<span class=\"wd-icon\"><\/span>\n\t\t\t\t\t\t\t\t\t\t\t<\/a>\n\t\t\t\t\n\t\t\t\t\t\t\t\t\t<a rel=\"noopener noreferrer nofollow\" href=\"https:\/\/x.com\/share?url=https:\/\/oscarguedez.com\/los-limites-a-la-presion-y-la-paz-entre-ee-uu-e-iran\/\" target=\"_blank\" class=\" wd-social-icon social-twitter\" aria-label=\"X social link\">\n\t\t\t\t\t\t<span class=\"wd-icon\"><\/span>\n\t\t\t\t\t\t\t\t\t\t\t<\/a>\n\t\t\t\t\n\t\t\t\t\n\t\t\t\t\n\t\t\t\t\n\t\t\t\t\n\t\t\t\t\n\t\t\t\t\t\t\t\t\t<a rel=\"noopener noreferrer nofollow\" href=\"https:\/\/pinterest.com\/pin\/create\/button\/?url=https:\/\/oscarguedez.com\/los-limites-a-la-presion-y-la-paz-entre-ee-uu-e-iran\/&media=https:\/\/oscarguedez.com\/wp-content\/uploads\/2026\/04\/articulo_Los-limites-a-la-presion-y-la-paz-entre-EE.UU_.-e-Iran_3.webp&description=Los+l%C3%ADmites+a+la+presi%C3%B3n+y+la+paz+entre+EE.UU.+e+Ir%C3%A1n\" target=\"_blank\" class=\" wd-social-icon social-pinterest\" aria-label=\"Pinterest social link\">\n\t\t\t\t\t\t<span class=\"wd-icon\"><\/span>\n\t\t\t\t\t\t\t\t\t\t\t<\/a>\n\t\t\t\t\n\t\t\t\t\n\t\t\t\t\t\t\t\t\t<a rel=\"noopener noreferrer nofollow\" href=\"https:\/\/www.linkedin.com\/shareArticle?mini=true&url=https:\/\/oscarguedez.com\/los-limites-a-la-presion-y-la-paz-entre-ee-uu-e-iran\/\" target=\"_blank\" class=\" wd-social-icon social-linkedin\" aria-label=\"Linkedin social link\">\n\t\t\t\t\t\t<span class=\"wd-icon\"><\/span>\n\t\t\t\t\t\t\t\t\t\t\t<\/a>\n\t\t\t\t\n\t\t\t\t\n\t\t\t\t\n\t\t\t\t\n\t\t\t\t\n\t\t\t\t\n\t\t\t\t\n\t\t\t\t\n\t\t\t\t\n\t\t\t\t\n\t\t\t\t\n\t\t\t\t\n\t\t\t\t\n\t\t\t\t\n\t\t\t\t\n\t\t\t\t\t\t\t\t\t<a rel=\"noopener noreferrer nofollow\" href=\"https:\/\/telegram.me\/share\/url?url=https:\/\/oscarguedez.com\/los-limites-a-la-presion-y-la-paz-entre-ee-uu-e-iran\/\" target=\"_blank\" class=\" wd-social-icon social-tg\" aria-label=\"Telegram social link\">\n\t\t\t\t\t\t<span class=\"wd-icon\"><\/span>\n\t\t\t\t\t\t\t\t\t\t\t<\/a>\n\t\t\t\t\n\t\t\t\t\n\t\t\t<\/div>\n\n\t\t\t\t\t\t\t\t\t\t<\/div>\n\t\t\t\t\t\t\t\t<div class=\"tooltip-arrow\"><\/div>\n\t\t\t\t\t\t\t<\/div>\n\t\t\t\t\t\t<\/div>\n\t\t\t\t\t\n\t\t\t\t\t\t\t\t\t\t\t\t\t\t\t\t\t<div class=\"wd-post-reply wd-style-1\">\n\t\t\t\t\t\t\t<a href=\"https:\/\/oscarguedez.com\/los-limites-a-la-presion-y-la-paz-entre-ee-uu-e-iran\/#respond\"><span class=\"wd-replies-count\">0<\/span><\/a>\t\t\t\t\t\t<\/div>\n\t\t\t\t\t\t\t\t\t<\/div>\n\t\t\t\n\t\t\t\t\t\t\t\t\t\t\t\t<div class=\"wd-post-excerpt entry-content\">\n\t\t\t\t\t\tEl inicio de un bloqueo mar\u00edtimo de EE.UU. contra Ir\u00e1n marca un nuevo punto de inflexi\u00f3n en una crisis que vie...\t\t\t\t\t<\/div>\n\t\t\t\t\n\t\t\t\t\t\t\t\t\t\t\t\t\t\t<div class=\"wd-post-read-more wd-style-link read-more-section\">\n\t\t\t\t\t\t<a class=\"\" href=\"https:\/\/oscarguedez.com\/los-limites-a-la-presion-y-la-paz-entre-ee-uu-e-iran\/\">Seguir leyendo<\/a>\t\t\t\t\t<\/div>\n\t\t\t\t\t\t\t\t\t\t\t\t\t<\/div>\n\t<\/div>\n<\/article>\n\n\t\t\t\t\t\t\t\t\t\t\t\n<article id=\"post-29750\" class=\"wd-post blog-design-masonry blog-post-loop blog-style-flat wd-col post-29750 post type-post status-publish format-standard has-post-thumbnail hentry category-cambio_climatico category-escritos category-geopolitica tag-crisis-en-medio-oriente tag-donald-trump tag-eeuu tag-geopolitica tag-iran tag-iran-y-ee-uu tag-ormuz\">\n\t<div class=\"wd-post-inner article-inner\">\n\t\t\t\t\t<div class=\"wd-post-thumb entry-header\">\n\t\t\t\t\t\t\t\t\t<div class=\"wd-post-img post-img-wrapp\">\n\t\t\t\t\t\t<img width=\"1200\" height=\"800\" src=\"https:\/\/oscarguedez.com\/wp-content\/uploads\/2026\/04\/PORTADA-1200x800.png\" class=\"attachment-large size-large\" alt=\"El mundo busca ox\u00edgeno energ\u00e9tico ante el cierre de Ormuz\" decoding=\"async\" srcset=\"https:\/\/oscarguedez.com\/wp-content\/uploads\/2026\/04\/PORTADA-1200x800.png 1200w, https:\/\/oscarguedez.com\/wp-content\/uploads\/2026\/04\/PORTADA-400x267.png 400w, https:\/\/oscarguedez.com\/wp-content\/uploads\/2026\/04\/PORTADA-768x512.png 768w, https:\/\/oscarguedez.com\/wp-content\/uploads\/2026\/04\/PORTADA-430x287.png 430w, https:\/\/oscarguedez.com\/wp-content\/uploads\/2026\/04\/PORTADA-700x467.png 700w, https:\/\/oscarguedez.com\/wp-content\/uploads\/2026\/04\/PORTADA-150x100.png 150w, https:\/\/oscarguedez.com\/wp-content\/uploads\/2026\/04\/PORTADA.png 1536w\" sizes=\"(max-width: 1200px) 100vw, 1200px\" \/>\t\t\t\t\t<\/div>\n\t\t\t\t\t<a class=\"wd-fill\" href=\"https:\/\/oscarguedez.com\/el-mundo-busca-oxigeno-energetico-ante-el-cierre-de-ormuz-2\/\"><\/a>\n\t\t\t\t\n\t\t\t\t\t\t\t\t\t\t\t\t<div class=\"wd-post-date wd-style-with-bg\">\n\t\t\t\t<span class=\"post-date-day\">\n\t\t\t\t\t08\t\t\t\t<\/span>\n\t\t\t\t<span class=\"post-date-month\">\n\t\t\t\t\tAbr\t\t\t\t<\/span>\n\t\t\t<\/div>\n\t\t\t\t\t\t\t\t\t<\/div>\n\t\t\n\t\t<div class=\"wd-post-content article-body-container\">\n\t\t\t\t\t\t\t<div class=\"wd-post-cat wd-style-with-bg meta-post-categories\">\n\t\t\t\t\t<a href=\"https:\/\/oscarguedez.com\/category\/cambio_climatico\/\" rel=\"category tag\">Cambio Clim\u00e1tico<\/a>, <a href=\"https:\/\/oscarguedez.com\/category\/escritos\/\" rel=\"category tag\">Escritos<\/a>, <a href=\"https:\/\/oscarguedez.com\/category\/geopolitica\/\" rel=\"category tag\">Geopol\u00edtica<\/a>\t\t\t\t<\/div>\n\t\t\t\n\t\t\t\t\t\t\t<h3 class=\"wd-post-title wd-entities-title title post-title\">\n\t\t\t\t\t<a href=\"https:\/\/oscarguedez.com\/el-mundo-busca-oxigeno-energetico-ante-el-cierre-de-ormuz-2\/\" rel=\"bookmark\">El mundo busca ox\u00edgeno energ\u00e9tico ante el cierre de Ormuz<\/a>\n\t\t\t\t<\/h3>\n\t\t\t\n\t\t\t\t\t\t\t<div class=\"wd-post-meta\">\n\t\t\t\t\t\t\t\t\t\t\t\t\t\t\t<div class=\"wd-post-author\">\n\t\t\t\t\t\t\t\t\t\t\t<span>Publicado por<\/span>\n\t\t\n\t\t\t\t\t<img alt='author-avatar' src='https:\/\/secure.gravatar.com\/avatar\/2053f5776836c39147bedf73641df5989b8f0d5ec9a942d0d063171f54523d69?s=18&#038;d=mm&#038;r=g' srcset='https:\/\/secure.gravatar.com\/avatar\/2053f5776836c39147bedf73641df5989b8f0d5ec9a942d0d063171f54523d69?s=36&#038;d=mm&#038;r=g 2x' class='avatar avatar-18 photo' height='18' width='18' decoding='async'\/>\t\t\n\t\t\t\t\t<a href=\"https:\/\/oscarguedez.com\/author\/oscar-guedez\/\" class=\"author\" rel=\"author\">Oscar Guedez<\/a>\n\t\t\t\t\t\t\t\t\t<\/div>\n\t\t\t\t\t<div class=\"wd-modified-date\">\n\t\t\t\t\t\t\t\t<time class=\"updated\" datetime=\"2026-08-06T19:04:51+00:00\">\n\t\t\t6 de agosto de 2026\t\t<\/time>\n\t\t\t\t\t\t\t<\/div>\n\n\t\t\t\t\t\t\t\t\t\t\t<div class=\"wd-post-share wd-tltp\">\n\t\t\t\t\t\t\t<div class=\"tooltip top\">\n\t\t\t\t\t\t\t\t<div class=\"tooltip-inner\">\n\t\t\t\t\t\t\t\t\t\t\t\t<div\n\t\t\t\t\t\tclass=\" wd-social-icons wd-style-default wd-size-small social-share wd-shape-circle color-scheme-light text-center\">\n\t\t\t\t\n\t\t\t\t\n\t\t\t\t\t\t\t\t\t<a rel=\"noopener noreferrer nofollow\" href=\"https:\/\/www.facebook.com\/sharer\/sharer.php?u=https:\/\/oscarguedez.com\/el-mundo-busca-oxigeno-energetico-ante-el-cierre-de-ormuz-2\/\" target=\"_blank\" class=\" wd-social-icon social-facebook\" aria-label=\"Facebook social link\">\n\t\t\t\t\t\t<span class=\"wd-icon\"><\/span>\n\t\t\t\t\t\t\t\t\t\t\t<\/a>\n\t\t\t\t\n\t\t\t\t\t\t\t\t\t<a rel=\"noopener noreferrer nofollow\" href=\"https:\/\/x.com\/share?url=https:\/\/oscarguedez.com\/el-mundo-busca-oxigeno-energetico-ante-el-cierre-de-ormuz-2\/\" target=\"_blank\" class=\" wd-social-icon social-twitter\" aria-label=\"X social link\">\n\t\t\t\t\t\t<span class=\"wd-icon\"><\/span>\n\t\t\t\t\t\t\t\t\t\t\t<\/a>\n\t\t\t\t\n\t\t\t\t\n\t\t\t\t\n\t\t\t\t\n\t\t\t\t\n\t\t\t\t\n\t\t\t\t\t\t\t\t\t<a rel=\"noopener noreferrer nofollow\" href=\"https:\/\/pinterest.com\/pin\/create\/button\/?url=https:\/\/oscarguedez.com\/el-mundo-busca-oxigeno-energetico-ante-el-cierre-de-ormuz-2\/&media=https:\/\/oscarguedez.com\/wp-content\/uploads\/2026\/04\/PORTADA.png&description=El+mundo+busca+ox%C3%ADgeno+energ%C3%A9tico+ante+el+cierre+de+Ormuz\" target=\"_blank\" class=\" wd-social-icon social-pinterest\" aria-label=\"Pinterest social link\">\n\t\t\t\t\t\t<span class=\"wd-icon\"><\/span>\n\t\t\t\t\t\t\t\t\t\t\t<\/a>\n\t\t\t\t\n\t\t\t\t\n\t\t\t\t\t\t\t\t\t<a rel=\"noopener noreferrer nofollow\" href=\"https:\/\/www.linkedin.com\/shareArticle?mini=true&url=https:\/\/oscarguedez.com\/el-mundo-busca-oxigeno-energetico-ante-el-cierre-de-ormuz-2\/\" target=\"_blank\" class=\" wd-social-icon social-linkedin\" aria-label=\"Linkedin social link\">\n\t\t\t\t\t\t<span class=\"wd-icon\"><\/span>\n\t\t\t\t\t\t\t\t\t\t\t<\/a>\n\t\t\t\t\n\t\t\t\t\n\t\t\t\t\n\t\t\t\t\n\t\t\t\t\n\t\t\t\t\n\t\t\t\t\n\t\t\t\t\n\t\t\t\t\n\t\t\t\t\n\t\t\t\t\n\t\t\t\t\n\t\t\t\t\n\t\t\t\t\n\t\t\t\t\n\t\t\t\t\t\t\t\t\t<a rel=\"noopener noreferrer nofollow\" href=\"https:\/\/telegram.me\/share\/url?url=https:\/\/oscarguedez.com\/el-mundo-busca-oxigeno-energetico-ante-el-cierre-de-ormuz-2\/\" target=\"_blank\" class=\" wd-social-icon social-tg\" aria-label=\"Telegram social link\">\n\t\t\t\t\t\t<span class=\"wd-icon\"><\/span>\n\t\t\t\t\t\t\t\t\t\t\t<\/a>\n\t\t\t\t\n\t\t\t\t\n\t\t\t<\/div>\n\n\t\t\t\t\t\t\t\t\t\t<\/div>\n\t\t\t\t\t\t\t\t<div class=\"tooltip-arrow\"><\/div>\n\t\t\t\t\t\t\t<\/div>\n\t\t\t\t\t\t<\/div>\n\t\t\t\t\t\n\t\t\t\t\t\t\t\t\t\t\t\t\t\t\t\t\t<div class=\"wd-post-reply wd-style-1\">\n\t\t\t\t\t\t\t<a href=\"https:\/\/oscarguedez.com\/el-mundo-busca-oxigeno-energetico-ante-el-cierre-de-ormuz-2\/#respond\"><span class=\"wd-replies-count\">0<\/span><\/a>\t\t\t\t\t\t<\/div>\n\t\t\t\t\t\t\t\t\t<\/div>\n\t\t\t\n\t\t\t\t\t\t\t\t\t\t\t\t<div class=\"wd-post-excerpt entry-content\">\n\t\t\t\t\t\tLos ataques estadounidenses e israel\u00edes contra Ir\u00e1n del 28 de febrero est\u00e1n cambiando el funcionamiento econ\u00f3m...\t\t\t\t\t<\/div>\n\t\t\t\t\n\t\t\t\t\t\t\t\t\t\t\t\t\t\t<div class=\"wd-post-read-more wd-style-link read-more-section\">\n\t\t\t\t\t\t<a class=\"\" href=\"https:\/\/oscarguedez.com\/el-mundo-busca-oxigeno-energetico-ante-el-cierre-de-ormuz-2\/\">Seguir leyendo<\/a>\t\t\t\t\t<\/div>\n\t\t\t\t\t\t\t\t\t\t\t\t\t<\/div>\n\t<\/div>\n<\/article>\n\n\t\t\t\t\t\t\t\t\t\t\t\n<article id=\"post-29339\" class=\"wd-post blog-design-masonry blog-post-loop blog-style-flat wd-col post-29339 post type-post status-publish format-standard has-post-thumbnail hentry category-escritos category-geopolitica tag-crisis-en-medio-oriente tag-donald-trump tag-eeuu tag-geopolitica tag-iran-y-ee-uu tag-oscar-guedez\">\n\t<div class=\"wd-post-inner article-inner\">\n\t\t\t\t\t<div class=\"wd-post-thumb entry-header\">\n\t\t\t\t\t\t\t\t\t<div class=\"wd-post-img post-img-wrapp\">\n\t\t\t\t\t\t<img width=\"1024\" height=\"572\" src=\"https:\/\/oscarguedez.com\/wp-content\/uploads\/2026\/03\/articulo_Queremos-creer.jpg\" class=\"attachment-large size-large\" alt=\"Queremos creer Guerra Estados Unidos Ir\u00e1n e Israel mercados petr\u00f3leo\" decoding=\"async\" srcset=\"https:\/\/oscarguedez.com\/wp-content\/uploads\/2026\/03\/articulo_Queremos-creer.jpg 1024w, https:\/\/oscarguedez.com\/wp-content\/uploads\/2026\/03\/articulo_Queremos-creer-400x223.jpg 400w, https:\/\/oscarguedez.com\/wp-content\/uploads\/2026\/03\/articulo_Queremos-creer-768x429.jpg 768w, https:\/\/oscarguedez.com\/wp-content\/uploads\/2026\/03\/articulo_Queremos-creer-430x240.jpg 430w, https:\/\/oscarguedez.com\/wp-content\/uploads\/2026\/03\/articulo_Queremos-creer-700x391.jpg 700w, https:\/\/oscarguedez.com\/wp-content\/uploads\/2026\/03\/articulo_Queremos-creer-150x84.jpg 150w\" sizes=\"(max-width: 1024px) 100vw, 1024px\" \/>\t\t\t\t\t<\/div>\n\t\t\t\t\t<a class=\"wd-fill\" href=\"https:\/\/oscarguedez.com\/queremos-creer\/\"><\/a>\n\t\t\t\t\n\t\t\t\t\t\t\t\t\t\t\t\t<div class=\"wd-post-date wd-style-with-bg\">\n\t\t\t\t<span class=\"post-date-day\">\n\t\t\t\t\t26\t\t\t\t<\/span>\n\t\t\t\t<span class=\"post-date-month\">\n\t\t\t\t\tMar\t\t\t\t<\/span>\n\t\t\t<\/div>\n\t\t\t\t\t\t\t\t\t<\/div>\n\t\t\n\t\t<div class=\"wd-post-content article-body-container\">\n\t\t\t\t\t\t\t<div class=\"wd-post-cat wd-style-with-bg meta-post-categories\">\n\t\t\t\t\t<a href=\"https:\/\/oscarguedez.com\/category\/escritos\/\" rel=\"category tag\">Escritos<\/a>, <a href=\"https:\/\/oscarguedez.com\/category\/geopolitica\/\" rel=\"category tag\">Geopol\u00edtica<\/a>\t\t\t\t<\/div>\n\t\t\t\n\t\t\t\t\t\t\t<h3 class=\"wd-post-title wd-entities-title title post-title\">\n\t\t\t\t\t<a href=\"https:\/\/oscarguedez.com\/queremos-creer\/\" rel=\"bookmark\">Queremos creer<\/a>\n\t\t\t\t<\/h3>\n\t\t\t\n\t\t\t\t\t\t\t<div class=\"wd-post-meta\">\n\t\t\t\t\t\t\t\t\t\t\t\t\t\t\t<div class=\"wd-post-author\">\n\t\t\t\t\t\t\t\t\t\t\t<span>Publicado por<\/span>\n\t\t\n\t\t\t\t\t<img alt='author-avatar' src='https:\/\/secure.gravatar.com\/avatar\/2053f5776836c39147bedf73641df5989b8f0d5ec9a942d0d063171f54523d69?s=18&#038;d=mm&#038;r=g' srcset='https:\/\/secure.gravatar.com\/avatar\/2053f5776836c39147bedf73641df5989b8f0d5ec9a942d0d063171f54523d69?s=36&#038;d=mm&#038;r=g 2x' class='avatar avatar-18 photo' height='18' width='18' decoding='async'\/>\t\t\n\t\t\t\t\t<a href=\"https:\/\/oscarguedez.com\/author\/oscar-guedez\/\" class=\"author\" rel=\"author\">Oscar Guedez<\/a>\n\t\t\t\t\t\t\t\t\t<\/div>\n\t\t\t\t\t<div class=\"wd-modified-date\">\n\t\t\t\t\t\t\t\t<time class=\"updated\" datetime=\"2026-08-14T15:00:47+00:00\">\n\t\t\t14 de agosto de 2026\t\t<\/time>\n\t\t\t\t\t\t\t<\/div>\n\n\t\t\t\t\t\t\t\t\t\t\t<div class=\"wd-post-share wd-tltp\">\n\t\t\t\t\t\t\t<div class=\"tooltip top\">\n\t\t\t\t\t\t\t\t<div class=\"tooltip-inner\">\n\t\t\t\t\t\t\t\t\t\t\t\t<div\n\t\t\t\t\t\tclass=\" wd-social-icons wd-style-default wd-size-small social-share wd-shape-circle color-scheme-light text-center\">\n\t\t\t\t\n\t\t\t\t\n\t\t\t\t\t\t\t\t\t<a rel=\"noopener noreferrer nofollow\" href=\"https:\/\/www.facebook.com\/sharer\/sharer.php?u=https:\/\/oscarguedez.com\/queremos-creer\/\" target=\"_blank\" class=\" wd-social-icon social-facebook\" aria-label=\"Facebook social link\">\n\t\t\t\t\t\t<span class=\"wd-icon\"><\/span>\n\t\t\t\t\t\t\t\t\t\t\t<\/a>\n\t\t\t\t\n\t\t\t\t\t\t\t\t\t<a rel=\"noopener noreferrer nofollow\" href=\"https:\/\/x.com\/share?url=https:\/\/oscarguedez.com\/queremos-creer\/\" target=\"_blank\" class=\" wd-social-icon social-twitter\" aria-label=\"X social link\">\n\t\t\t\t\t\t<span class=\"wd-icon\"><\/span>\n\t\t\t\t\t\t\t\t\t\t\t<\/a>\n\t\t\t\t\n\t\t\t\t\n\t\t\t\t\n\t\t\t\t\n\t\t\t\t\n\t\t\t\t\n\t\t\t\t\t\t\t\t\t<a rel=\"noopener noreferrer nofollow\" href=\"https:\/\/pinterest.com\/pin\/create\/button\/?url=https:\/\/oscarguedez.com\/queremos-creer\/&media=https:\/\/oscarguedez.com\/wp-content\/uploads\/2026\/03\/articulo_Queremos-creer.jpg&description=Queremos+creer\" target=\"_blank\" class=\" wd-social-icon social-pinterest\" aria-label=\"Pinterest social link\">\n\t\t\t\t\t\t<span class=\"wd-icon\"><\/span>\n\t\t\t\t\t\t\t\t\t\t\t<\/a>\n\t\t\t\t\n\t\t\t\t\n\t\t\t\t\t\t\t\t\t<a rel=\"noopener noreferrer nofollow\" href=\"https:\/\/www.linkedin.com\/shareArticle?mini=true&url=https:\/\/oscarguedez.com\/queremos-creer\/\" target=\"_blank\" class=\" wd-social-icon social-linkedin\" aria-label=\"Linkedin social link\">\n\t\t\t\t\t\t<span class=\"wd-icon\"><\/span>\n\t\t\t\t\t\t\t\t\t\t\t<\/a>\n\t\t\t\t\n\t\t\t\t\n\t\t\t\t\n\t\t\t\t\n\t\t\t\t\n\t\t\t\t\n\t\t\t\t\n\t\t\t\t\n\t\t\t\t\n\t\t\t\t\n\t\t\t\t\n\t\t\t\t\n\t\t\t\t\n\t\t\t\t\n\t\t\t\t\n\t\t\t\t\t\t\t\t\t<a rel=\"noopener noreferrer nofollow\" href=\"https:\/\/telegram.me\/share\/url?url=https:\/\/oscarguedez.com\/queremos-creer\/\" target=\"_blank\" class=\" wd-social-icon social-tg\" aria-label=\"Telegram social link\">\n\t\t\t\t\t\t<span class=\"wd-icon\"><\/span>\n\t\t\t\t\t\t\t\t\t\t\t<\/a>\n\t\t\t\t\n\t\t\t\t\n\t\t\t<\/div>\n\n\t\t\t\t\t\t\t\t\t\t<\/div>\n\t\t\t\t\t\t\t\t<div class=\"tooltip-arrow\"><\/div>\n\t\t\t\t\t\t\t<\/div>\n\t\t\t\t\t\t<\/div>\n\t\t\t\t\t\n\t\t\t\t\t\t\t\t\t\t\t\t\t\t\t\t\t<div class=\"wd-post-reply wd-style-1\">\n\t\t\t\t\t\t\t<a href=\"https:\/\/oscarguedez.com\/queremos-creer\/#respond\"><span class=\"wd-replies-count\">0<\/span><\/a>\t\t\t\t\t\t<\/div>\n\t\t\t\t\t\t\t\t\t<\/div>\n\t\t\t\n\t\t\t\t\t\t\t\t\t\t\t\t<div class=\"wd-post-excerpt entry-content\">\n\t\t\t\t\t\tDescargar Art\u00edculo\n\n\t\t\t\t\t\t\t\t \tMientras los l\u00edderes pol\u00edticos de Estados Unidos, Ir\u00e1n e Israel intercambian ame...\t\t\t\t\t<\/div>\n\t\t\t\t\n\t\t\t\t\t\t\t\t\t\t\t\t\t\t<div class=\"wd-post-read-more wd-style-link read-more-section\">\n\t\t\t\t\t\t<a class=\"\" href=\"https:\/\/oscarguedez.com\/queremos-creer\/\">Seguir leyendo<\/a>\t\t\t\t\t<\/div>\n\t\t\t\t\t\t\t\t\t\t\t\t\t<\/div>\n\t<\/div>\n<\/article>\n\n\t\t\t\t\t\t\t\t\t\t\t\n<article id=\"post-29324\" class=\"wd-post blog-design-masonry blog-post-loop blog-style-flat wd-col post-29324 post type-post status-publish format-standard has-post-thumbnail hentry category-geopolitica tag-crisis-en-medio-oriente tag-donald-trump tag-geopolitica tag-iran tag-iran-y-ee-uu tag-oscar-guedez\">\n\t<div class=\"wd-post-inner article-inner\">\n\t\t\t\t\t<div class=\"wd-post-thumb entry-header\">\n\t\t\t\t\t\t\t\t\t<div class=\"wd-post-img post-img-wrapp\">\n\t\t\t\t\t\t<img width=\"1300\" height=\"726\" src=\"https:\/\/oscarguedez.com\/wp-content\/uploads\/2026\/03\/articulo_NUEVO-MEDIO-ORIENTE-2-1300x726.webp\" class=\"attachment-large size-large\" alt=\"Conflicto en Medio Oriente podr\u00eda sacudir su orden geoestrat\u00e9gico\" decoding=\"async\" srcset=\"https:\/\/oscarguedez.com\/wp-content\/uploads\/2026\/03\/articulo_NUEVO-MEDIO-ORIENTE-2-1300x726.webp 1300w, https:\/\/oscarguedez.com\/wp-content\/uploads\/2026\/03\/articulo_NUEVO-MEDIO-ORIENTE-2-400x223.webp 400w, https:\/\/oscarguedez.com\/wp-content\/uploads\/2026\/03\/articulo_NUEVO-MEDIO-ORIENTE-2-768x429.webp 768w, https:\/\/oscarguedez.com\/wp-content\/uploads\/2026\/03\/articulo_NUEVO-MEDIO-ORIENTE-2-1536x858.webp 1536w, https:\/\/oscarguedez.com\/wp-content\/uploads\/2026\/03\/articulo_NUEVO-MEDIO-ORIENTE-2-430x240.webp 430w, https:\/\/oscarguedez.com\/wp-content\/uploads\/2026\/03\/articulo_NUEVO-MEDIO-ORIENTE-2-700x391.webp 700w, https:\/\/oscarguedez.com\/wp-content\/uploads\/2026\/03\/articulo_NUEVO-MEDIO-ORIENTE-2-150x84.webp 150w, https:\/\/oscarguedez.com\/wp-content\/uploads\/2026\/03\/articulo_NUEVO-MEDIO-ORIENTE-2.webp 1920w\" sizes=\"(max-width: 1300px) 100vw, 1300px\" \/>\t\t\t\t\t<\/div>\n\t\t\t\t\t<a class=\"wd-fill\" href=\"https:\/\/oscarguedez.com\/conflicto-en-medio-oriente-podria-sacudir-su-orden-geoestrategico\/\"><\/a>\n\t\t\t\t\n\t\t\t\t\t\t\t\t\t\t\t\t<div class=\"wd-post-date wd-style-with-bg\">\n\t\t\t\t<span class=\"post-date-day\">\n\t\t\t\t\t23\t\t\t\t<\/span>\n\t\t\t\t<span class=\"post-date-month\">\n\t\t\t\t\tMar\t\t\t\t<\/span>\n\t\t\t<\/div>\n\t\t\t\t\t\t\t\t\t<\/div>\n\t\t\n\t\t<div class=\"wd-post-content article-body-container\">\n\t\t\t\t\t\t\t<div class=\"wd-post-cat wd-style-with-bg meta-post-categories\">\n\t\t\t\t\t<a href=\"https:\/\/oscarguedez.com\/category\/geopolitica\/\" rel=\"category tag\">Geopol\u00edtica<\/a>\t\t\t\t<\/div>\n\t\t\t\n\t\t\t\t\t\t\t<h3 class=\"wd-post-title wd-entities-title title post-title\">\n\t\t\t\t\t<a href=\"https:\/\/oscarguedez.com\/conflicto-en-medio-oriente-podria-sacudir-su-orden-geoestrategico\/\" rel=\"bookmark\">Conflicto en Medio Oriente podr\u00eda sacudir su orden geoestrat\u00e9gico<\/a>\n\t\t\t\t<\/h3>\n\t\t\t\n\t\t\t\t\t\t\t<div class=\"wd-post-meta\">\n\t\t\t\t\t\t\t\t\t\t\t\t\t\t\t<div class=\"wd-post-author\">\n\t\t\t\t\t\t\t\t\t\t\t<span>Publicado por<\/span>\n\t\t\n\t\t\t\t\t<img alt='author-avatar' src='https:\/\/secure.gravatar.com\/avatar\/2053f5776836c39147bedf73641df5989b8f0d5ec9a942d0d063171f54523d69?s=18&#038;d=mm&#038;r=g' srcset='https:\/\/secure.gravatar.com\/avatar\/2053f5776836c39147bedf73641df5989b8f0d5ec9a942d0d063171f54523d69?s=36&#038;d=mm&#038;r=g 2x' class='avatar avatar-18 photo' height='18' width='18' decoding='async'\/>\t\t\n\t\t\t\t\t<a href=\"https:\/\/oscarguedez.com\/author\/oscar-guedez\/\" class=\"author\" rel=\"author\">Oscar Guedez<\/a>\n\t\t\t\t\t\t\t\t\t<\/div>\n\t\t\t\t\t<div class=\"wd-modified-date\">\n\t\t\t\t\t\t\t\t<time class=\"updated\" datetime=\"2026-08-14T19:23:16+00:00\">\n\t\t\t14 de agosto de 2026\t\t<\/time>\n\t\t\t\t\t\t\t<\/div>\n\n\t\t\t\t\t\t\t\t\t\t\t<div class=\"wd-post-share wd-tltp\">\n\t\t\t\t\t\t\t<div class=\"tooltip top\">\n\t\t\t\t\t\t\t\t<div class=\"tooltip-inner\">\n\t\t\t\t\t\t\t\t\t\t\t\t<div\n\t\t\t\t\t\tclass=\" wd-social-icons wd-style-default wd-size-small social-share wd-shape-circle color-scheme-light text-center\">\n\t\t\t\t\n\t\t\t\t\n\t\t\t\t\t\t\t\t\t<a rel=\"noopener noreferrer nofollow\" href=\"https:\/\/www.facebook.com\/sharer\/sharer.php?u=https:\/\/oscarguedez.com\/conflicto-en-medio-oriente-podria-sacudir-su-orden-geoestrategico\/\" target=\"_blank\" class=\" wd-social-icon social-facebook\" aria-label=\"Facebook social link\">\n\t\t\t\t\t\t<span class=\"wd-icon\"><\/span>\n\t\t\t\t\t\t\t\t\t\t\t<\/a>\n\t\t\t\t\n\t\t\t\t\t\t\t\t\t<a rel=\"noopener noreferrer nofollow\" href=\"https:\/\/x.com\/share?url=https:\/\/oscarguedez.com\/conflicto-en-medio-oriente-podria-sacudir-su-orden-geoestrategico\/\" target=\"_blank\" class=\" wd-social-icon social-twitter\" aria-label=\"X social link\">\n\t\t\t\t\t\t<span class=\"wd-icon\"><\/span>\n\t\t\t\t\t\t\t\t\t\t\t<\/a>\n\t\t\t\t\n\t\t\t\t\n\t\t\t\t\n\t\t\t\t\n\t\t\t\t\n\t\t\t\t\n\t\t\t\t\t\t\t\t\t<a rel=\"noopener noreferrer nofollow\" href=\"https:\/\/pinterest.com\/pin\/create\/button\/?url=https:\/\/oscarguedez.com\/conflicto-en-medio-oriente-podria-sacudir-su-orden-geoestrategico\/&media=https:\/\/oscarguedez.com\/wp-content\/uploads\/2026\/03\/articulo_NUEVO-MEDIO-ORIENTE-2.webp&description=Conflicto+en+Medio+Oriente+podr%C3%ADa+sacudir+su+orden+geoestrat%C3%A9gico\" target=\"_blank\" class=\" wd-social-icon social-pinterest\" aria-label=\"Pinterest social link\">\n\t\t\t\t\t\t<span class=\"wd-icon\"><\/span>\n\t\t\t\t\t\t\t\t\t\t\t<\/a>\n\t\t\t\t\n\t\t\t\t\n\t\t\t\t\t\t\t\t\t<a rel=\"noopener noreferrer nofollow\" href=\"https:\/\/www.linkedin.com\/shareArticle?mini=true&url=https:\/\/oscarguedez.com\/conflicto-en-medio-oriente-podria-sacudir-su-orden-geoestrategico\/\" target=\"_blank\" class=\" wd-social-icon social-linkedin\" aria-label=\"Linkedin social link\">\n\t\t\t\t\t\t<span class=\"wd-icon\"><\/span>\n\t\t\t\t\t\t\t\t\t\t\t<\/a>\n\t\t\t\t\n\t\t\t\t\n\t\t\t\t\n\t\t\t\t\n\t\t\t\t\n\t\t\t\t\n\t\t\t\t\n\t\t\t\t\n\t\t\t\t\n\t\t\t\t\n\t\t\t\t\n\t\t\t\t\n\t\t\t\t\n\t\t\t\t\n\t\t\t\t\n\t\t\t\t\t\t\t\t\t<a rel=\"noopener noreferrer nofollow\" href=\"https:\/\/telegram.me\/share\/url?url=https:\/\/oscarguedez.com\/conflicto-en-medio-oriente-podria-sacudir-su-orden-geoestrategico\/\" target=\"_blank\" class=\" wd-social-icon social-tg\" aria-label=\"Telegram social link\">\n\t\t\t\t\t\t<span class=\"wd-icon\"><\/span>\n\t\t\t\t\t\t\t\t\t\t\t<\/a>\n\t\t\t\t\n\t\t\t\t\n\t\t\t<\/div>\n\n\t\t\t\t\t\t\t\t\t\t<\/div>\n\t\t\t\t\t\t\t\t<div class=\"tooltip-arrow\"><\/div>\n\t\t\t\t\t\t\t<\/div>\n\t\t\t\t\t\t<\/div>\n\t\t\t\t\t\n\t\t\t\t\t\t\t\t\t\t\t\t\t\t\t\t\t<div class=\"wd-post-reply wd-style-1\">\n\t\t\t\t\t\t\t<a href=\"https:\/\/oscarguedez.com\/conflicto-en-medio-oriente-podria-sacudir-su-orden-geoestrategico\/#respond\"><span class=\"wd-replies-count\">0<\/span><\/a>\t\t\t\t\t\t<\/div>\n\t\t\t\t\t\t\t\t\t<\/div>\n\t\t\t\n\t\t\t\t\t\t\t\t\t\t\t\t<div class=\"wd-post-excerpt entry-content\">\n\t\t\t\t\t\tConflicto en Medio Oriente podr\u00eda sacudir su orden geoestrat\u00e9gico\n \t\t\t\t\t\t\n\nDurante m\u00e1s de tres d\u00e9cadas, el equ...\t\t\t\t\t<\/div>\n\t\t\t\t\n\t\t\t\t\t\t\t\t\t\t\t\t\t\t<div class=\"wd-post-read-more wd-style-link read-more-section\">\n\t\t\t\t\t\t<a class=\"\" href=\"https:\/\/oscarguedez.com\/conflicto-en-medio-oriente-podria-sacudir-su-orden-geoestrategico\/\">Seguir leyendo<\/a>\t\t\t\t\t<\/div>\n\t\t\t\t\t\t\t\t\t\t\t\t\t<\/div>\n\t<\/div>\n<\/article>\n\n\t\t\t\t\t\t\t\t\t\t\t\n<article id=\"post-29168\" class=\"wd-post blog-design-masonry blog-post-loop blog-style-flat wd-col post-29168 post type-post status-publish format-standard has-post-thumbnail hentry category-cambio_climatico tag-energia tag-petroleo tag-precios-del-petroleo\">\n\t<div class=\"wd-post-inner article-inner\">\n\t\t\t\t\t<div class=\"wd-post-thumb entry-header\">\n\t\t\t\t\t\t\t\t\t<div class=\"wd-post-img post-img-wrapp\">\n\t\t\t\t\t\t<img width=\"1200\" height=\"640\" src=\"https:\/\/oscarguedez.com\/wp-content\/uploads\/2026\/03\/articulo-Sin-transicion-energetica-el-petroleo-estaria-hoy-por-las-nubes.webp\" class=\"attachment-large size-large\" alt=\"Sin transici\u00f3n energ\u00e9tica el petr\u00f3leo estar\u00eda hoy por las nubes\" decoding=\"async\" srcset=\"https:\/\/oscarguedez.com\/wp-content\/uploads\/2026\/03\/articulo-Sin-transicion-energetica-el-petroleo-estaria-hoy-por-las-nubes.webp 1200w, https:\/\/oscarguedez.com\/wp-content\/uploads\/2026\/03\/articulo-Sin-transicion-energetica-el-petroleo-estaria-hoy-por-las-nubes-430x229.webp 430w, https:\/\/oscarguedez.com\/wp-content\/uploads\/2026\/03\/articulo-Sin-transicion-energetica-el-petroleo-estaria-hoy-por-las-nubes-150x80.webp 150w, https:\/\/oscarguedez.com\/wp-content\/uploads\/2026\/03\/articulo-Sin-transicion-energetica-el-petroleo-estaria-hoy-por-las-nubes-700x373.webp 700w, https:\/\/oscarguedez.com\/wp-content\/uploads\/2026\/03\/articulo-Sin-transicion-energetica-el-petroleo-estaria-hoy-por-las-nubes-400x213.webp 400w, https:\/\/oscarguedez.com\/wp-content\/uploads\/2026\/03\/articulo-Sin-transicion-energetica-el-petroleo-estaria-hoy-por-las-nubes-768x410.webp 768w\" sizes=\"(max-width: 1200px) 100vw, 1200px\" \/>\t\t\t\t\t<\/div>\n\t\t\t\t\t<a class=\"wd-fill\" href=\"https:\/\/oscarguedez.com\/sin-transicion-energetica-el-petroleo-estaria-hoy-por-las-nubes-2\/\"><\/a>\n\t\t\t\t\n\t\t\t\t\t\t\t\t\t\t\t\t<div class=\"wd-post-date wd-style-with-bg\">\n\t\t\t\t<span class=\"post-date-day\">\n\t\t\t\t\t16\t\t\t\t<\/span>\n\t\t\t\t<span class=\"post-date-month\">\n\t\t\t\t\tMar\t\t\t\t<\/span>\n\t\t\t<\/div>\n\t\t\t\t\t\t\t\t\t<\/div>\n\t\t\n\t\t<div class=\"wd-post-content article-body-container\">\n\t\t\t\t\t\t\t<div class=\"wd-post-cat wd-style-with-bg meta-post-categories\">\n\t\t\t\t\t<a href=\"https:\/\/oscarguedez.com\/category\/cambio_climatico\/\" rel=\"category tag\">Cambio Clim\u00e1tico<\/a>\t\t\t\t<\/div>\n\t\t\t\n\t\t\t\t\t\t\t<h3 class=\"wd-post-title wd-entities-title title post-title\">\n\t\t\t\t\t<a href=\"https:\/\/oscarguedez.com\/sin-transicion-energetica-el-petroleo-estaria-hoy-por-las-nubes-2\/\" rel=\"bookmark\">Sin transici\u00f3n energ\u00e9tica el petr\u00f3leo estar\u00eda hoy por las nubes<\/a>\n\t\t\t\t<\/h3>\n\t\t\t\n\t\t\t\t\t\t\t<div class=\"wd-post-meta\">\n\t\t\t\t\t\t\t\t\t\t\t\t\t\t\t<div class=\"wd-post-author\">\n\t\t\t\t\t\t\t\t\t\t\t<span>Publicado por<\/span>\n\t\t\n\t\t\t\t\t<img alt='author-avatar' src='https:\/\/secure.gravatar.com\/avatar\/2053f5776836c39147bedf73641df5989b8f0d5ec9a942d0d063171f54523d69?s=18&#038;d=mm&#038;r=g' srcset='https:\/\/secure.gravatar.com\/avatar\/2053f5776836c39147bedf73641df5989b8f0d5ec9a942d0d063171f54523d69?s=36&#038;d=mm&#038;r=g 2x' class='avatar avatar-18 photo' height='18' width='18' decoding='async'\/>\t\t\n\t\t\t\t\t<a href=\"https:\/\/oscarguedez.com\/author\/oscar-guedez\/\" class=\"author\" rel=\"author\">Oscar Guedez<\/a>\n\t\t\t\t\t\t\t\t\t<\/div>\n\t\t\t\t\t<div class=\"wd-modified-date\">\n\t\t\t\t\t\t\t\t<time class=\"updated\" datetime=\"2026-08-08T22:32:09+00:00\">\n\t\t\t8 de agosto de 2026\t\t<\/time>\n\t\t\t\t\t\t\t<\/div>\n\n\t\t\t\t\t\t\t\t\t\t\t<div class=\"wd-post-share wd-tltp\">\n\t\t\t\t\t\t\t<div class=\"tooltip top\">\n\t\t\t\t\t\t\t\t<div class=\"tooltip-inner\">\n\t\t\t\t\t\t\t\t\t\t\t\t<div\n\t\t\t\t\t\tclass=\" wd-social-icons wd-style-default wd-size-small social-share wd-shape-circle color-scheme-light text-center\">\n\t\t\t\t\n\t\t\t\t\n\t\t\t\t\t\t\t\t\t<a rel=\"noopener noreferrer nofollow\" href=\"https:\/\/www.facebook.com\/sharer\/sharer.php?u=https:\/\/oscarguedez.com\/sin-transicion-energetica-el-petroleo-estaria-hoy-por-las-nubes-2\/\" target=\"_blank\" class=\" wd-social-icon social-facebook\" aria-label=\"Facebook social link\">\n\t\t\t\t\t\t<span class=\"wd-icon\"><\/span>\n\t\t\t\t\t\t\t\t\t\t\t<\/a>\n\t\t\t\t\n\t\t\t\t\t\t\t\t\t<a rel=\"noopener noreferrer nofollow\" href=\"https:\/\/x.com\/share?url=https:\/\/oscarguedez.com\/sin-transicion-energetica-el-petroleo-estaria-hoy-por-las-nubes-2\/\" target=\"_blank\" class=\" wd-social-icon social-twitter\" aria-label=\"X social link\">\n\t\t\t\t\t\t<span class=\"wd-icon\"><\/span>\n\t\t\t\t\t\t\t\t\t\t\t<\/a>\n\t\t\t\t\n\t\t\t\t\n\t\t\t\t\n\t\t\t\t\n\t\t\t\t\n\t\t\t\t\n\t\t\t\t\t\t\t\t\t<a rel=\"noopener noreferrer nofollow\" href=\"https:\/\/pinterest.com\/pin\/create\/button\/?url=https:\/\/oscarguedez.com\/sin-transicion-energetica-el-petroleo-estaria-hoy-por-las-nubes-2\/&media=https:\/\/oscarguedez.com\/wp-content\/uploads\/2026\/03\/articulo-Sin-transicion-energetica-el-petroleo-estaria-hoy-por-las-nubes.webp&description=Sin+transici%C3%B3n+energ%C3%A9tica+el+petr%C3%B3leo+estar%C3%ADa+hoy+por+las+nubes\" target=\"_blank\" class=\" wd-social-icon social-pinterest\" aria-label=\"Pinterest social link\">\n\t\t\t\t\t\t<span class=\"wd-icon\"><\/span>\n\t\t\t\t\t\t\t\t\t\t\t<\/a>\n\t\t\t\t\n\t\t\t\t\n\t\t\t\t\t\t\t\t\t<a rel=\"noopener noreferrer nofollow\" href=\"https:\/\/www.linkedin.com\/shareArticle?mini=true&url=https:\/\/oscarguedez.com\/sin-transicion-energetica-el-petroleo-estaria-hoy-por-las-nubes-2\/\" target=\"_blank\" class=\" wd-social-icon social-linkedin\" aria-label=\"Linkedin social link\">\n\t\t\t\t\t\t<span class=\"wd-icon\"><\/span>\n\t\t\t\t\t\t\t\t\t\t\t<\/a>\n\t\t\t\t\n\t\t\t\t\n\t\t\t\t\n\t\t\t\t\n\t\t\t\t\n\t\t\t\t\n\t\t\t\t\n\t\t\t\t\n\t\t\t\t\n\t\t\t\t\n\t\t\t\t\n\t\t\t\t\n\t\t\t\t\n\t\t\t\t\n\t\t\t\t\n\t\t\t\t\t\t\t\t\t<a rel=\"noopener noreferrer nofollow\" href=\"https:\/\/telegram.me\/share\/url?url=https:\/\/oscarguedez.com\/sin-transicion-energetica-el-petroleo-estaria-hoy-por-las-nubes-2\/\" target=\"_blank\" class=\" wd-social-icon social-tg\" aria-label=\"Telegram social link\">\n\t\t\t\t\t\t<span class=\"wd-icon\"><\/span>\n\t\t\t\t\t\t\t\t\t\t\t<\/a>\n\t\t\t\t\n\t\t\t\t\n\t\t\t<\/div>\n\n\t\t\t\t\t\t\t\t\t\t<\/div>\n\t\t\t\t\t\t\t\t<div class=\"tooltip-arrow\"><\/div>\n\t\t\t\t\t\t\t<\/div>\n\t\t\t\t\t\t<\/div>\n\t\t\t\t\t\n\t\t\t\t\t\t\t\t\t\t\t\t\t\t\t\t\t<div class=\"wd-post-reply wd-style-1\">\n\t\t\t\t\t\t\t<a href=\"https:\/\/oscarguedez.com\/sin-transicion-energetica-el-petroleo-estaria-hoy-por-las-nubes-2\/#respond\"><span class=\"wd-replies-count\">0<\/span><\/a>\t\t\t\t\t\t<\/div>\n\t\t\t\t\t\t\t\t\t<\/div>\n\t\t\t\n\t\t\t\t\t\t\t\t\t\t\t\t<div class=\"wd-post-excerpt entry-content\">\n\t\t\t\t\t\tLa expansi\u00f3n de las energ\u00edas renovables en grandes econom\u00edas est\u00e1 actuando como amortiguador frente a la volat...\t\t\t\t\t<\/div>\n\t\t\t\t\n\t\t\t\t\t\t\t\t\t\t\t\t\t\t<div class=\"wd-post-read-more wd-style-link read-more-section\">\n\t\t\t\t\t\t<a class=\"\" href=\"https:\/\/oscarguedez.com\/sin-transicion-energetica-el-petroleo-estaria-hoy-por-las-nubes-2\/\">Seguir leyendo<\/a>\t\t\t\t\t<\/div>\n\t\t\t\t\t\t\t\t\t\t\t\t\t<\/div>\n\t<\/div>\n<\/article>\n\n\t\t\t\t\t\t\t\t\t\t\t\n<article id=\"post-29181\" class=\"wd-post blog-design-masonry blog-post-loop blog-style-flat wd-col post-29181 post type-post status-publish format-standard has-post-thumbnail hentry category-geopolitica tag-ali-jamenei tag-crisis-en-medio-oriente tag-iran tag-mojtaba-jamenei\">\n\t<div class=\"wd-post-inner article-inner\">\n\t\t\t\t\t<div class=\"wd-post-thumb entry-header\">\n\t\t\t\t\t\t\t\t\t<div class=\"wd-post-img post-img-wrapp\">\n\t\t\t\t\t\t<img width=\"1200\" height=\"656\" src=\"https:\/\/oscarguedez.com\/wp-content\/uploads\/2026\/03\/articulo-Ali-Jamenei_1.webp\" class=\"attachment-large size-large\" alt=\"Una precisi\u00f3n del lenguaje sobre Ir\u00e1n y \u00abel nuevo\u00bb Ayatol\u00e1\" decoding=\"async\" srcset=\"https:\/\/oscarguedez.com\/wp-content\/uploads\/2026\/03\/articulo-Ali-Jamenei_1.webp 1200w, https:\/\/oscarguedez.com\/wp-content\/uploads\/2026\/03\/articulo-Ali-Jamenei_1-430x235.webp 430w, https:\/\/oscarguedez.com\/wp-content\/uploads\/2026\/03\/articulo-Ali-Jamenei_1-150x82.webp 150w, https:\/\/oscarguedez.com\/wp-content\/uploads\/2026\/03\/articulo-Ali-Jamenei_1-700x383.webp 700w, https:\/\/oscarguedez.com\/wp-content\/uploads\/2026\/03\/articulo-Ali-Jamenei_1-400x219.webp 400w, https:\/\/oscarguedez.com\/wp-content\/uploads\/2026\/03\/articulo-Ali-Jamenei_1-768x420.webp 768w\" sizes=\"(max-width: 1200px) 100vw, 1200px\" \/>\t\t\t\t\t<\/div>\n\t\t\t\t\t<a class=\"wd-fill\" href=\"https:\/\/oscarguedez.com\/una-precision-del-lenguaje-sobre-iran-y-el-nuevo-ayatola-2\/\"><\/a>\n\t\t\t\t\n\t\t\t\t\t\t\t\t\t\t\t\t<div class=\"wd-post-date wd-style-with-bg\">\n\t\t\t\t<span class=\"post-date-day\">\n\t\t\t\t\t12\t\t\t\t<\/span>\n\t\t\t\t<span class=\"post-date-month\">\n\t\t\t\t\tMar\t\t\t\t<\/span>\n\t\t\t<\/div>\n\t\t\t\t\t\t\t\t\t<\/div>\n\t\t\n\t\t<div class=\"wd-post-content article-body-container\">\n\t\t\t\t\t\t\t<div class=\"wd-post-cat wd-style-with-bg meta-post-categories\">\n\t\t\t\t\t<a href=\"https:\/\/oscarguedez.com\/category\/geopolitica\/\" rel=\"category tag\">Geopol\u00edtica<\/a>\t\t\t\t<\/div>\n\t\t\t\n\t\t\t\t\t\t\t<h3 class=\"wd-post-title wd-entities-title title post-title\">\n\t\t\t\t\t<a href=\"https:\/\/oscarguedez.com\/una-precision-del-lenguaje-sobre-iran-y-el-nuevo-ayatola-2\/\" rel=\"bookmark\">Una precisi\u00f3n del lenguaje sobre Ir\u00e1n y \u00abel nuevo\u00bb Ayatol\u00e1<\/a>\n\t\t\t\t<\/h3>\n\t\t\t\n\t\t\t\t\t\t\t<div class=\"wd-post-meta\">\n\t\t\t\t\t\t\t\t\t\t\t\t\t\t\t<div class=\"wd-post-author\">\n\t\t\t\t\t\t\t\t\t\t\t<span>Publicado por<\/span>\n\t\t\n\t\t\t\t\t<img alt='author-avatar' src='https:\/\/secure.gravatar.com\/avatar\/2053f5776836c39147bedf73641df5989b8f0d5ec9a942d0d063171f54523d69?s=18&#038;d=mm&#038;r=g' srcset='https:\/\/secure.gravatar.com\/avatar\/2053f5776836c39147bedf73641df5989b8f0d5ec9a942d0d063171f54523d69?s=36&#038;d=mm&#038;r=g 2x' class='avatar avatar-18 photo' height='18' width='18' decoding='async'\/>\t\t\n\t\t\t\t\t<a href=\"https:\/\/oscarguedez.com\/author\/oscar-guedez\/\" class=\"author\" rel=\"author\">Oscar Guedez<\/a>\n\t\t\t\t\t\t\t\t\t<\/div>\n\t\t\t\t\t<div class=\"wd-modified-date\">\n\t\t\t\t\t\t\t\t<time class=\"updated\" datetime=\"2026-08-08T23:02:16+00:00\">\n\t\t\t8 de agosto de 2026\t\t<\/time>\n\t\t\t\t\t\t\t<\/div>\n\n\t\t\t\t\t\t\t\t\t\t\t<div class=\"wd-post-share wd-tltp\">\n\t\t\t\t\t\t\t<div class=\"tooltip top\">\n\t\t\t\t\t\t\t\t<div class=\"tooltip-inner\">\n\t\t\t\t\t\t\t\t\t\t\t\t<div\n\t\t\t\t\t\tclass=\" wd-social-icons wd-style-default wd-size-small social-share wd-shape-circle color-scheme-light text-center\">\n\t\t\t\t\n\t\t\t\t\n\t\t\t\t\t\t\t\t\t<a rel=\"noopener noreferrer nofollow\" href=\"https:\/\/www.facebook.com\/sharer\/sharer.php?u=https:\/\/oscarguedez.com\/una-precision-del-lenguaje-sobre-iran-y-el-nuevo-ayatola-2\/\" target=\"_blank\" class=\" wd-social-icon social-facebook\" aria-label=\"Facebook social link\">\n\t\t\t\t\t\t<span class=\"wd-icon\"><\/span>\n\t\t\t\t\t\t\t\t\t\t\t<\/a>\n\t\t\t\t\n\t\t\t\t\t\t\t\t\t<a rel=\"noopener noreferrer nofollow\" href=\"https:\/\/x.com\/share?url=https:\/\/oscarguedez.com\/una-precision-del-lenguaje-sobre-iran-y-el-nuevo-ayatola-2\/\" target=\"_blank\" class=\" wd-social-icon social-twitter\" aria-label=\"X social link\">\n\t\t\t\t\t\t<span class=\"wd-icon\"><\/span>\n\t\t\t\t\t\t\t\t\t\t\t<\/a>\n\t\t\t\t\n\t\t\t\t\n\t\t\t\t\n\t\t\t\t\n\t\t\t\t\n\t\t\t\t\n\t\t\t\t\t\t\t\t\t<a rel=\"noopener noreferrer nofollow\" href=\"https:\/\/pinterest.com\/pin\/create\/button\/?url=https:\/\/oscarguedez.com\/una-precision-del-lenguaje-sobre-iran-y-el-nuevo-ayatola-2\/&media=https:\/\/oscarguedez.com\/wp-content\/uploads\/2026\/03\/articulo-Ali-Jamenei_1.webp&description=Una+precisi%C3%B3n+del+lenguaje+sobre+Ir%C3%A1n+y+%C2%ABel+nuevo%C2%BB+Ayatol%C3%A1\" target=\"_blank\" class=\" wd-social-icon social-pinterest\" aria-label=\"Pinterest social link\">\n\t\t\t\t\t\t<span class=\"wd-icon\"><\/span>\n\t\t\t\t\t\t\t\t\t\t\t<\/a>\n\t\t\t\t\n\t\t\t\t\n\t\t\t\t\t\t\t\t\t<a rel=\"noopener noreferrer nofollow\" href=\"https:\/\/www.linkedin.com\/shareArticle?mini=true&url=https:\/\/oscarguedez.com\/una-precision-del-lenguaje-sobre-iran-y-el-nuevo-ayatola-2\/\" target=\"_blank\" class=\" wd-social-icon social-linkedin\" aria-label=\"Linkedin social link\">\n\t\t\t\t\t\t<span class=\"wd-icon\"><\/span>\n\t\t\t\t\t\t\t\t\t\t\t<\/a>\n\t\t\t\t\n\t\t\t\t\n\t\t\t\t\n\t\t\t\t\n\t\t\t\t\n\t\t\t\t\n\t\t\t\t\n\t\t\t\t\n\t\t\t\t\n\t\t\t\t\n\t\t\t\t\n\t\t\t\t\n\t\t\t\t\n\t\t\t\t\n\t\t\t\t\n\t\t\t\t\t\t\t\t\t<a rel=\"noopener noreferrer nofollow\" href=\"https:\/\/telegram.me\/share\/url?url=https:\/\/oscarguedez.com\/una-precision-del-lenguaje-sobre-iran-y-el-nuevo-ayatola-2\/\" target=\"_blank\" class=\" wd-social-icon social-tg\" aria-label=\"Telegram social link\">\n\t\t\t\t\t\t<span class=\"wd-icon\"><\/span>\n\t\t\t\t\t\t\t\t\t\t\t<\/a>\n\t\t\t\t\n\t\t\t\t\n\t\t\t<\/div>\n\n\t\t\t\t\t\t\t\t\t\t<\/div>\n\t\t\t\t\t\t\t\t<div class=\"tooltip-arrow\"><\/div>\n\t\t\t\t\t\t\t<\/div>\n\t\t\t\t\t\t<\/div>\n\t\t\t\t\t\n\t\t\t\t\t\t\t\t\t\t\t\t\t\t\t\t\t<div class=\"wd-post-reply wd-style-1\">\n\t\t\t\t\t\t\t<a href=\"https:\/\/oscarguedez.com\/una-precision-del-lenguaje-sobre-iran-y-el-nuevo-ayatola-2\/#respond\"><span class=\"wd-replies-count\">0<\/span><\/a>\t\t\t\t\t\t<\/div>\n\t\t\t\t\t\t\t\t\t<\/div>\n\t\t\t\n\t\t\t\t\t\t\t\t\t\t\t\t<div class=\"wd-post-excerpt entry-content\">\n\t\t\t\t\t\tUn hombre sostiene una fotograf\u00eda del nuevo l\u00edder supremo de Ir\u00e1n, el ayatol\u00e1 Mojtaba Khamenei (derecha), mien...\t\t\t\t\t<\/div>\n\t\t\t\t\n\t\t\t\t\t\t\t\t\t\t\t\t\t\t<div class=\"wd-post-read-more wd-style-link read-more-section\">\n\t\t\t\t\t\t<a class=\"\" href=\"https:\/\/oscarguedez.com\/una-precision-del-lenguaje-sobre-iran-y-el-nuevo-ayatola-2\/\">Seguir leyendo<\/a>\t\t\t\t\t<\/div>\n\t\t\t\t\t\t\t\t\t\t\t\t\t<\/div>\n\t<\/div>\n<\/article>\n\n\t\t\t\t\t\t\t\t\t\t\t\n<article id=\"post-29163\" class=\"wd-post blog-design-masonry blog-post-loop blog-style-flat wd-col post-29163 post type-post status-publish format-standard has-post-thumbnail hentry category-cambio_climatico tag-brasil tag-cambio-climatico tag-cop30 tag-desarrollo-sostenible tag-oscar-guedez tag-republica-dominicana\">\n\t<div class=\"wd-post-inner article-inner\">\n\t\t\t\t\t<div class=\"wd-post-thumb entry-header\">\n\t\t\t\t\t\t\t\t\t<div class=\"wd-post-img post-img-wrapp\">\n\t\t\t\t\t\t<img width=\"1000\" height=\"600\" src=\"https:\/\/oscarguedez.com\/wp-content\/uploads\/2026\/03\/comienza-hoy-la-cumbre-COP30.webp\" class=\"attachment-large size-large\" alt=\"Comienza hoy la cumbre COP30; Brasil impulsa la implementaci\u00f3n clim\u00e1tica Sostenibilidad\" decoding=\"async\" srcset=\"https:\/\/oscarguedez.com\/wp-content\/uploads\/2026\/03\/comienza-hoy-la-cumbre-COP30.webp 1000w, https:\/\/oscarguedez.com\/wp-content\/uploads\/2026\/03\/comienza-hoy-la-cumbre-COP30-430x258.webp 430w, https:\/\/oscarguedez.com\/wp-content\/uploads\/2026\/03\/comienza-hoy-la-cumbre-COP30-150x90.webp 150w, https:\/\/oscarguedez.com\/wp-content\/uploads\/2026\/03\/comienza-hoy-la-cumbre-COP30-700x420.webp 700w, https:\/\/oscarguedez.com\/wp-content\/uploads\/2026\/03\/comienza-hoy-la-cumbre-COP30-400x240.webp 400w, https:\/\/oscarguedez.com\/wp-content\/uploads\/2026\/03\/comienza-hoy-la-cumbre-COP30-768x461.webp 768w\" sizes=\"(max-width: 1000px) 100vw, 1000px\" \/>\t\t\t\t\t<\/div>\n\t\t\t\t\t<a class=\"wd-fill\" href=\"https:\/\/oscarguedez.com\/comienza-hoy-la-cumbre-cop30-brasil-impulsa-la-implementacion-climatica\/\"><\/a>\n\t\t\t\t\n\t\t\t\t\t\t\t\t\t\t\t\t<div class=\"wd-post-date wd-style-with-bg\">\n\t\t\t\t<span class=\"post-date-day\">\n\t\t\t\t\t10\t\t\t\t<\/span>\n\t\t\t\t<span class=\"post-date-month\">\n\t\t\t\t\tMar\t\t\t\t<\/span>\n\t\t\t<\/div>\n\t\t\t\t\t\t\t\t\t<\/div>\n\t\t\n\t\t<div class=\"wd-post-content article-body-container\">\n\t\t\t\t\t\t\t<div class=\"wd-post-cat wd-style-with-bg meta-post-categories\">\n\t\t\t\t\t<a href=\"https:\/\/oscarguedez.com\/category\/cambio_climatico\/\" rel=\"category tag\">Cambio Clim\u00e1tico<\/a>\t\t\t\t<\/div>\n\t\t\t\n\t\t\t\t\t\t\t<h3 class=\"wd-post-title wd-entities-title title post-title\">\n\t\t\t\t\t<a href=\"https:\/\/oscarguedez.com\/comienza-hoy-la-cumbre-cop30-brasil-impulsa-la-implementacion-climatica\/\" rel=\"bookmark\">Comienza hoy la cumbre COP30; Brasil impulsa la implementaci\u00f3n clim\u00e1tica<\/a>\n\t\t\t\t<\/h3>\n\t\t\t\n\t\t\t\t\t\t\t<div class=\"wd-post-meta\">\n\t\t\t\t\t\t\t\t\t\t\t\t\t\t\t<div class=\"wd-post-author\">\n\t\t\t\t\t\t\t\t\t\t\t<span>Publicado por<\/span>\n\t\t\n\t\t\t\t\t<img alt='author-avatar' src='https:\/\/secure.gravatar.com\/avatar\/2053f5776836c39147bedf73641df5989b8f0d5ec9a942d0d063171f54523d69?s=18&#038;d=mm&#038;r=g' srcset='https:\/\/secure.gravatar.com\/avatar\/2053f5776836c39147bedf73641df5989b8f0d5ec9a942d0d063171f54523d69?s=36&#038;d=mm&#038;r=g 2x' class='avatar avatar-18 photo' height='18' width='18' decoding='async'\/>\t\t\n\t\t\t\t\t<a href=\"https:\/\/oscarguedez.com\/author\/oscar-guedez\/\" class=\"author\" rel=\"author\">Oscar Guedez<\/a>\n\t\t\t\t\t\t\t\t\t<\/div>\n\t\t\t\t\t<div class=\"wd-modified-date\">\n\t\t\t\t\t\t\t\t<time class=\"updated\" datetime=\"2026-08-08T23:30:23+00:00\">\n\t\t\t8 de agosto de 2026\t\t<\/time>\n\t\t\t\t\t\t\t<\/div>\n\n\t\t\t\t\t\t\t\t\t\t\t<div class=\"wd-post-share wd-tltp\">\n\t\t\t\t\t\t\t<div class=\"tooltip top\">\n\t\t\t\t\t\t\t\t<div class=\"tooltip-inner\">\n\t\t\t\t\t\t\t\t\t\t\t\t<div\n\t\t\t\t\t\tclass=\" wd-social-icons wd-style-default wd-size-small social-share wd-shape-circle color-scheme-light text-center\">\n\t\t\t\t\n\t\t\t\t\n\t\t\t\t\t\t\t\t\t<a rel=\"noopener noreferrer nofollow\" href=\"https:\/\/www.facebook.com\/sharer\/sharer.php?u=https:\/\/oscarguedez.com\/comienza-hoy-la-cumbre-cop30-brasil-impulsa-la-implementacion-climatica\/\" target=\"_blank\" class=\" wd-social-icon social-facebook\" aria-label=\"Facebook social link\">\n\t\t\t\t\t\t<span class=\"wd-icon\"><\/span>\n\t\t\t\t\t\t\t\t\t\t\t<\/a>\n\t\t\t\t\n\t\t\t\t\t\t\t\t\t<a rel=\"noopener noreferrer nofollow\" href=\"https:\/\/x.com\/share?url=https:\/\/oscarguedez.com\/comienza-hoy-la-cumbre-cop30-brasil-impulsa-la-implementacion-climatica\/\" target=\"_blank\" class=\" wd-social-icon social-twitter\" aria-label=\"X social link\">\n\t\t\t\t\t\t<span class=\"wd-icon\"><\/span>\n\t\t\t\t\t\t\t\t\t\t\t<\/a>\n\t\t\t\t\n\t\t\t\t\n\t\t\t\t\n\t\t\t\t\n\t\t\t\t\n\t\t\t\t\n\t\t\t\t\t\t\t\t\t<a rel=\"noopener noreferrer nofollow\" href=\"https:\/\/pinterest.com\/pin\/create\/button\/?url=https:\/\/oscarguedez.com\/comienza-hoy-la-cumbre-cop30-brasil-impulsa-la-implementacion-climatica\/&media=https:\/\/oscarguedez.com\/wp-content\/uploads\/2026\/03\/comienza-hoy-la-cumbre-COP30.webp&description=Comienza+hoy+la+cumbre+COP30%3B+Brasil+impulsa+la+implementaci%C3%B3n+clim%C3%A1tica\" target=\"_blank\" class=\" wd-social-icon social-pinterest\" aria-label=\"Pinterest social link\">\n\t\t\t\t\t\t<span class=\"wd-icon\"><\/span>\n\t\t\t\t\t\t\t\t\t\t\t<\/a>\n\t\t\t\t\n\t\t\t\t\n\t\t\t\t\t\t\t\t\t<a rel=\"noopener noreferrer nofollow\" href=\"https:\/\/www.linkedin.com\/shareArticle?mini=true&url=https:\/\/oscarguedez.com\/comienza-hoy-la-cumbre-cop30-brasil-impulsa-la-implementacion-climatica\/\" target=\"_blank\" class=\" wd-social-icon social-linkedin\" aria-label=\"Linkedin social link\">\n\t\t\t\t\t\t<span class=\"wd-icon\"><\/span>\n\t\t\t\t\t\t\t\t\t\t\t<\/a>\n\t\t\t\t\n\t\t\t\t\n\t\t\t\t\n\t\t\t\t\n\t\t\t\t\n\t\t\t\t\n\t\t\t\t\n\t\t\t\t\n\t\t\t\t\n\t\t\t\t\n\t\t\t\t\n\t\t\t\t\n\t\t\t\t\n\t\t\t\t\n\t\t\t\t\n\t\t\t\t\t\t\t\t\t<a rel=\"noopener noreferrer nofollow\" href=\"https:\/\/telegram.me\/share\/url?url=https:\/\/oscarguedez.com\/comienza-hoy-la-cumbre-cop30-brasil-impulsa-la-implementacion-climatica\/\" target=\"_blank\" class=\" wd-social-icon social-tg\" aria-label=\"Telegram social link\">\n\t\t\t\t\t\t<span class=\"wd-icon\"><\/span>\n\t\t\t\t\t\t\t\t\t\t\t<\/a>\n\t\t\t\t\n\t\t\t\t\n\t\t\t<\/div>\n\n\t\t\t\t\t\t\t\t\t\t<\/div>\n\t\t\t\t\t\t\t\t<div class=\"tooltip-arrow\"><\/div>\n\t\t\t\t\t\t\t<\/div>\n\t\t\t\t\t\t<\/div>\n\t\t\t\t\t\n\t\t\t\t\t\t\t\t\t\t\t\t\t\t\t\t\t<div class=\"wd-post-reply wd-style-1\">\n\t\t\t\t\t\t\t<a href=\"https:\/\/oscarguedez.com\/comienza-hoy-la-cumbre-cop30-brasil-impulsa-la-implementacion-climatica\/#respond\"><span class=\"wd-replies-count\">0<\/span><\/a>\t\t\t\t\t\t<\/div>\n\t\t\t\t\t\t\t\t\t<\/div>\n\t\t\t\n\t\t\t\t\t\t\t\t\t\t\t\t<div class=\"wd-post-excerpt entry-content\">\n\t\t\t\t\t\tEvento brinda una nueva plataforma para que Rep\u00fablica Dominicana haga valer su voz\nEste lunes arranca en Belem...\t\t\t\t\t<\/div>\n\t\t\t\t\n\t\t\t\t\t\t\t\t\t\t\t\t\t\t<div class=\"wd-post-read-more wd-style-link read-more-section\">\n\t\t\t\t\t\t<a class=\"\" href=\"https:\/\/oscarguedez.com\/comienza-hoy-la-cumbre-cop30-brasil-impulsa-la-implementacion-climatica\/\">Seguir leyendo<\/a>\t\t\t\t\t<\/div>\n\t\t\t\t\t\t\t\t\t\t\t\t\t<\/div>\n\t<\/div>\n<\/article>\n\n\t\t\t\t\t\n\t\t\t\t\t","status":"have-posts","nextPage":"https:\/\/oscarguedez.com\/author\/oscar-guedez\/page\/3\/?woo_ajax=1","currentPage":"https:\/\/oscarguedez.com\/author\/oscar-guedez\/page\/2"}