
			
				

					
				

			
		{"items":"\n\t\t\t\t\t\t\t\t\t\t\t\t\t\t<link rel=\"stylesheet\" id=\"wd-post-types-mod-categories-style-bg-css\" href=\"https:\/\/oscarguedez.com\/wp-content\/themes\/woodmart\/css\/parts\/post-types-mod-categories-style-bg.min.css?ver=8.2.7\" type=\"text\/css\" media=\"all\" \/> \t\t\t\n<article id=\"post-29561\" class=\"wd-post blog-design-masonry blog-post-loop blog-style-flat wd-col post-29561 post type-post status-publish format-standard has-post-thumbnail hentry category-cambio_climatico tag-cambio-climatico tag-medio-ambiente tag-rd tag-republica-dominicana\">\n\t<div class=\"wd-post-inner article-inner\">\n\t\t\t\t\t<div class=\"wd-post-thumb entry-header\">\n\t\t\t\t\t\t\t\t\t<div class=\"wd-post-img post-img-wrapp\">\n\t\t\t\t\t\t<img width=\"1200\" height=\"720\" src=\"https:\/\/oscarguedez.com\/wp-content\/uploads\/2025\/06\/articulo_RD-esta-al-borde-de-una-crisis-ambiental.webp\" class=\"attachment-large size-large\" alt=\"\" decoding=\"async\" srcset=\"https:\/\/oscarguedez.com\/wp-content\/uploads\/2025\/06\/articulo_RD-esta-al-borde-de-una-crisis-ambiental.webp 1200w, https:\/\/oscarguedez.com\/wp-content\/uploads\/2025\/06\/articulo_RD-esta-al-borde-de-una-crisis-ambiental-400x240.webp 400w, https:\/\/oscarguedez.com\/wp-content\/uploads\/2025\/06\/articulo_RD-esta-al-borde-de-una-crisis-ambiental-768x461.webp 768w, https:\/\/oscarguedez.com\/wp-content\/uploads\/2025\/06\/articulo_RD-esta-al-borde-de-una-crisis-ambiental-430x258.webp 430w, https:\/\/oscarguedez.com\/wp-content\/uploads\/2025\/06\/articulo_RD-esta-al-borde-de-una-crisis-ambiental-700x420.webp 700w, https:\/\/oscarguedez.com\/wp-content\/uploads\/2025\/06\/articulo_RD-esta-al-borde-de-una-crisis-ambiental-150x90.webp 150w\" sizes=\"(max-width: 1200px) 100vw, 1200px\" \/>\t\t\t\t\t<\/div>\n\t\t\t\t\t<a class=\"wd-fill\" href=\"https:\/\/oscarguedez.com\/rd-esta-al-borde-de-una-crisis-ambiental\/\"><\/a>\n\t\t\t\t\n\t\t\t\t\t\t\t\t\t\t\t\t<link rel=\"stylesheet\" id=\"wd-post-types-mod-date-style-bg-css\" href=\"https:\/\/oscarguedez.com\/wp-content\/themes\/woodmart\/css\/parts\/post-types-mod-date-style-bg.min.css?ver=8.2.7\" type=\"text\/css\" media=\"all\" \/> \t\t\t\t\t\t<div class=\"wd-post-date wd-style-with-bg\">\n\t\t\t\t<span class=\"post-date-day\">\n\t\t\t\t\t05\t\t\t\t<\/span>\n\t\t\t\t<span class=\"post-date-month\">\n\t\t\t\t\tJun\t\t\t\t<\/span>\n\t\t\t<\/div>\n\t\t\t\t\t\t\t\t\t<\/div>\n\t\t\n\t\t<div class=\"wd-post-content article-body-container\">\n\t\t\t\t\t\t\t<div class=\"wd-post-cat wd-style-with-bg meta-post-categories\">\n\t\t\t\t\t<a href=\"https:\/\/oscarguedez.com\/category\/cambio_climatico\/\" rel=\"category tag\">Cambio Clim\u00e1tico<\/a>\t\t\t\t<\/div>\n\t\t\t\n\t\t\t\t\t\t\t<h3 class=\"wd-post-title wd-entities-title title post-title\">\n\t\t\t\t\t<a href=\"https:\/\/oscarguedez.com\/rd-esta-al-borde-de-una-crisis-ambiental\/\" rel=\"bookmark\">RD est\u00e1 al borde de una crisis ambiental<\/a>\n\t\t\t\t<\/h3>\n\t\t\t\n\t\t\t\t\t\t\t<div class=\"wd-post-meta\">\n\t\t\t\t\t\t\t\t\t\t\t\t\t<link rel=\"stylesheet\" id=\"wd-blog-mod-author-css\" href=\"https:\/\/oscarguedez.com\/wp-content\/themes\/woodmart\/css\/parts\/blog-mod-author.min.css?ver=8.2.7\" type=\"text\/css\" media=\"all\" \/> \t\t\t\t\t\t\t\t<div class=\"wd-post-author\">\n\t\t\t\t\t\t\t\t\t\t\t<span>Publicado por<\/span>\n\t\t\n\t\t\t\t\t<img alt='author-avatar' src='https:\/\/secure.gravatar.com\/avatar\/2053f5776836c39147bedf73641df5989b8f0d5ec9a942d0d063171f54523d69?s=18&#038;d=mm&#038;r=g' srcset='https:\/\/secure.gravatar.com\/avatar\/2053f5776836c39147bedf73641df5989b8f0d5ec9a942d0d063171f54523d69?s=36&#038;d=mm&#038;r=g 2x' class='avatar avatar-18 photo' height='18' width='18' decoding='async'\/>\t\t\n\t\t\t\t\t<a href=\"https:\/\/oscarguedez.com\/author\/oscar-guedez\/\" class=\"author\" rel=\"author\">Oscar Guedez<\/a>\n\t\t\t\t\t\t\t\t\t<\/div>\n\t\t\t\t\t<div class=\"wd-modified-date\">\n\t\t\t\t\t\t\t\t<time class=\"updated\" datetime=\"2026-04-24T02:18:35+00:00\">\n\t\t\t24 de abril de 2026\t\t<\/time>\n\t\t\t\t\t\t\t<\/div>\n\n\t\t\t\t\t\t\t\t\t\t\t<div class=\"wd-post-share wd-tltp\">\n\t\t\t\t\t\t\t<div class=\"tooltip top\">\n\t\t\t\t\t\t\t\t<div class=\"tooltip-inner\">\n\t\t\t\t\t\t\t\t\t\t\t\t<link rel=\"stylesheet\" id=\"wd-social-icons-css\" href=\"https:\/\/oscarguedez.com\/wp-content\/themes\/woodmart\/css\/parts\/el-social-icons.min.css?ver=8.2.7\" type=\"text\/css\" media=\"all\" \/> \t\t\t\t\t\t<div\n\t\t\t\t\t\tclass=\" wd-social-icons wd-style-default wd-size-small social-share wd-shape-circle color-scheme-light text-center\">\n\t\t\t\t\n\t\t\t\t\n\t\t\t\t\t\t\t\t\t<a rel=\"noopener noreferrer nofollow\" href=\"https:\/\/www.facebook.com\/sharer\/sharer.php?u=https:\/\/oscarguedez.com\/rd-esta-al-borde-de-una-crisis-ambiental\/\" target=\"_blank\" class=\" wd-social-icon social-facebook\" aria-label=\"Facebook social link\">\n\t\t\t\t\t\t<span class=\"wd-icon\"><\/span>\n\t\t\t\t\t\t\t\t\t\t\t<\/a>\n\t\t\t\t\n\t\t\t\t\t\t\t\t\t<a rel=\"noopener noreferrer nofollow\" href=\"https:\/\/x.com\/share?url=https:\/\/oscarguedez.com\/rd-esta-al-borde-de-una-crisis-ambiental\/\" target=\"_blank\" class=\" wd-social-icon social-twitter\" aria-label=\"X social link\">\n\t\t\t\t\t\t<span class=\"wd-icon\"><\/span>\n\t\t\t\t\t\t\t\t\t\t\t<\/a>\n\t\t\t\t\n\t\t\t\t\n\t\t\t\t\n\t\t\t\t\n\t\t\t\t\n\t\t\t\t\n\t\t\t\t\t\t\t\t\t<a rel=\"noopener noreferrer nofollow\" href=\"https:\/\/pinterest.com\/pin\/create\/button\/?url=https:\/\/oscarguedez.com\/rd-esta-al-borde-de-una-crisis-ambiental\/&media=https:\/\/oscarguedez.com\/wp-content\/uploads\/2025\/06\/articulo_RD-esta-al-borde-de-una-crisis-ambiental.webp&description=RD+est%C3%A1+al+borde+de+una+crisis+ambiental\" target=\"_blank\" class=\" wd-social-icon social-pinterest\" aria-label=\"Pinterest social link\">\n\t\t\t\t\t\t<span class=\"wd-icon\"><\/span>\n\t\t\t\t\t\t\t\t\t\t\t<\/a>\n\t\t\t\t\n\t\t\t\t\n\t\t\t\t\t\t\t\t\t<a rel=\"noopener noreferrer nofollow\" href=\"https:\/\/www.linkedin.com\/shareArticle?mini=true&url=https:\/\/oscarguedez.com\/rd-esta-al-borde-de-una-crisis-ambiental\/\" target=\"_blank\" class=\" wd-social-icon social-linkedin\" aria-label=\"Linkedin social link\">\n\t\t\t\t\t\t<span class=\"wd-icon\"><\/span>\n\t\t\t\t\t\t\t\t\t\t\t<\/a>\n\t\t\t\t\n\t\t\t\t\n\t\t\t\t\n\t\t\t\t\n\t\t\t\t\n\t\t\t\t\n\t\t\t\t\n\t\t\t\t\n\t\t\t\t\n\t\t\t\t\n\t\t\t\t\n\t\t\t\t\n\t\t\t\t\n\t\t\t\t\n\t\t\t\t\n\t\t\t\t\t\t\t\t\t<a rel=\"noopener noreferrer nofollow\" href=\"https:\/\/telegram.me\/share\/url?url=https:\/\/oscarguedez.com\/rd-esta-al-borde-de-una-crisis-ambiental\/\" target=\"_blank\" class=\" wd-social-icon social-tg\" aria-label=\"Telegram social link\">\n\t\t\t\t\t\t<span class=\"wd-icon\"><\/span>\n\t\t\t\t\t\t\t\t\t\t\t<\/a>\n\t\t\t\t\n\t\t\t\t\n\t\t\t<\/div>\n\n\t\t\t\t\t\t\t\t\t\t<\/div>\n\t\t\t\t\t\t\t\t<div class=\"tooltip-arrow\"><\/div>\n\t\t\t\t\t\t\t<\/div>\n\t\t\t\t\t\t<\/div>\n\t\t\t\t\t\n\t\t\t\t\t\t\t\t\t\t\t\t\t\t<link rel=\"stylesheet\" id=\"wd-blog-mod-comments-button-css\" href=\"https:\/\/oscarguedez.com\/wp-content\/themes\/woodmart\/css\/parts\/blog-mod-comments-button.min.css?ver=8.2.7\" type=\"text\/css\" media=\"all\" \/> \t\t\t\t\t\t\t\t\t<div class=\"wd-post-reply wd-style-1\">\n\t\t\t\t\t\t\t<a href=\"https:\/\/oscarguedez.com\/rd-esta-al-borde-de-una-crisis-ambiental\/#respond\"><span class=\"wd-replies-count\">0<\/span><\/a>\t\t\t\t\t\t<\/div>\n\t\t\t\t\t\t\t\t\t<\/div>\n\t\t\t\n\t\t\t\t\t\t\t\t\t\t\t\t<div class=\"wd-post-excerpt entry-content\">\n\t\t\t\t\t\tRD est\u00e1 a tiempo de evitar una crisis ambiental irreversible, pero urge acci\u00f3n y una revisi\u00f3n del modelo de de...\t\t\t\t\t<\/div>\n\t\t\t\t\n\t\t\t\t\t\t\t\t\t\t\t\t\t\t<div class=\"wd-post-read-more wd-style-link read-more-section\">\n\t\t\t\t\t\t<a class=\"\" href=\"https:\/\/oscarguedez.com\/rd-esta-al-borde-de-una-crisis-ambiental\/\">Seguir leyendo<\/a>\t\t\t\t\t<\/div>\n\t\t\t\t\t\t\t\t\t\t\t\t\t<\/div>\n\t<\/div>\n<\/article>\n\n\t\t\t\t\t\t\t\t\t\t\t\n<article id=\"post-29422\" class=\"wd-post blog-design-masonry blog-post-loop blog-style-flat wd-col post-29422 post type-post status-publish format-standard has-post-thumbnail hentry category-cambio_climatico tag-cumbre-de-los-oceanos\">\n\t<div class=\"wd-post-inner article-inner\">\n\t\t\t\t\t<div class=\"wd-post-thumb entry-header\">\n\t\t\t\t\t\t\t\t\t<div class=\"wd-post-img post-img-wrapp\">\n\t\t\t\t\t\t<img width=\"1024\" height=\"683\" src=\"https:\/\/oscarguedez.com\/wp-content\/uploads\/2025\/05\/articulo_Cumbre-de-los-Oceanos-oportunidad-crucial-para-RD-en-la-lucha-climatica.webp\" class=\"attachment-large size-large\" alt=\"\" decoding=\"async\" srcset=\"https:\/\/oscarguedez.com\/wp-content\/uploads\/2025\/05\/articulo_Cumbre-de-los-Oceanos-oportunidad-crucial-para-RD-en-la-lucha-climatica.webp 1024w, https:\/\/oscarguedez.com\/wp-content\/uploads\/2025\/05\/articulo_Cumbre-de-los-Oceanos-oportunidad-crucial-para-RD-en-la-lucha-climatica-400x267.webp 400w, https:\/\/oscarguedez.com\/wp-content\/uploads\/2025\/05\/articulo_Cumbre-de-los-Oceanos-oportunidad-crucial-para-RD-en-la-lucha-climatica-768x512.webp 768w, https:\/\/oscarguedez.com\/wp-content\/uploads\/2025\/05\/articulo_Cumbre-de-los-Oceanos-oportunidad-crucial-para-RD-en-la-lucha-climatica-430x287.webp 430w, https:\/\/oscarguedez.com\/wp-content\/uploads\/2025\/05\/articulo_Cumbre-de-los-Oceanos-oportunidad-crucial-para-RD-en-la-lucha-climatica-700x467.webp 700w, https:\/\/oscarguedez.com\/wp-content\/uploads\/2025\/05\/articulo_Cumbre-de-los-Oceanos-oportunidad-crucial-para-RD-en-la-lucha-climatica-150x100.webp 150w\" sizes=\"(max-width: 1024px) 100vw, 1024px\" \/>\t\t\t\t\t<\/div>\n\t\t\t\t\t<a class=\"wd-fill\" href=\"https:\/\/oscarguedez.com\/cumbre-de-los-oceanos-oportunidad-crucial-para-rd-en-la-lucha-climatica\/\"><\/a>\n\t\t\t\t\n\t\t\t\t\t\t\t\t\t\t\t\t<div class=\"wd-post-date wd-style-with-bg\">\n\t\t\t\t<span class=\"post-date-day\">\n\t\t\t\t\t26\t\t\t\t<\/span>\n\t\t\t\t<span class=\"post-date-month\">\n\t\t\t\t\tMay\t\t\t\t<\/span>\n\t\t\t<\/div>\n\t\t\t\t\t\t\t\t\t<\/div>\n\t\t\n\t\t<div class=\"wd-post-content article-body-container\">\n\t\t\t\t\t\t\t<div class=\"wd-post-cat wd-style-with-bg meta-post-categories\">\n\t\t\t\t\t<a href=\"https:\/\/oscarguedez.com\/category\/cambio_climatico\/\" rel=\"category tag\">Cambio Clim\u00e1tico<\/a>\t\t\t\t<\/div>\n\t\t\t\n\t\t\t\t\t\t\t<h3 class=\"wd-post-title wd-entities-title title post-title\">\n\t\t\t\t\t<a href=\"https:\/\/oscarguedez.com\/cumbre-de-los-oceanos-oportunidad-crucial-para-rd-en-la-lucha-climatica\/\" rel=\"bookmark\">Cumbre de los Oc\u00e9anos: oportunidad crucial para RD en la lucha clim\u00e1tica<\/a>\n\t\t\t\t<\/h3>\n\t\t\t\n\t\t\t\t\t\t\t<div class=\"wd-post-meta\">\n\t\t\t\t\t\t\t\t\t\t\t\t\t\t\t<div class=\"wd-post-author\">\n\t\t\t\t\t\t\t\t\t\t\t<span>Publicado por<\/span>\n\t\t\n\t\t\t\t\t<img alt='author-avatar' src='https:\/\/secure.gravatar.com\/avatar\/2053f5776836c39147bedf73641df5989b8f0d5ec9a942d0d063171f54523d69?s=18&#038;d=mm&#038;r=g' srcset='https:\/\/secure.gravatar.com\/avatar\/2053f5776836c39147bedf73641df5989b8f0d5ec9a942d0d063171f54523d69?s=36&#038;d=mm&#038;r=g 2x' class='avatar avatar-18 photo' height='18' width='18' decoding='async'\/>\t\t\n\t\t\t\t\t<a href=\"https:\/\/oscarguedez.com\/author\/oscar-guedez\/\" class=\"author\" rel=\"author\">Oscar Guedez<\/a>\n\t\t\t\t\t\t\t\t\t<\/div>\n\t\t\t\t\t<div class=\"wd-modified-date\">\n\t\t\t\t\t\t\t\t<time class=\"updated\" datetime=\"2026-03-31T01:47:13+00:00\">\n\t\t\t31 de marzo de 2026\t\t<\/time>\n\t\t\t\t\t\t\t<\/div>\n\n\t\t\t\t\t\t\t\t\t\t\t<div class=\"wd-post-share wd-tltp\">\n\t\t\t\t\t\t\t<div class=\"tooltip top\">\n\t\t\t\t\t\t\t\t<div class=\"tooltip-inner\">\n\t\t\t\t\t\t\t\t\t\t\t\t<div\n\t\t\t\t\t\tclass=\" wd-social-icons wd-style-default wd-size-small social-share wd-shape-circle color-scheme-light text-center\">\n\t\t\t\t\n\t\t\t\t\n\t\t\t\t\t\t\t\t\t<a rel=\"noopener noreferrer nofollow\" href=\"https:\/\/www.facebook.com\/sharer\/sharer.php?u=https:\/\/oscarguedez.com\/cumbre-de-los-oceanos-oportunidad-crucial-para-rd-en-la-lucha-climatica\/\" target=\"_blank\" class=\" wd-social-icon social-facebook\" aria-label=\"Facebook social link\">\n\t\t\t\t\t\t<span class=\"wd-icon\"><\/span>\n\t\t\t\t\t\t\t\t\t\t\t<\/a>\n\t\t\t\t\n\t\t\t\t\t\t\t\t\t<a rel=\"noopener noreferrer nofollow\" href=\"https:\/\/x.com\/share?url=https:\/\/oscarguedez.com\/cumbre-de-los-oceanos-oportunidad-crucial-para-rd-en-la-lucha-climatica\/\" target=\"_blank\" class=\" wd-social-icon social-twitter\" aria-label=\"X social link\">\n\t\t\t\t\t\t<span class=\"wd-icon\"><\/span>\n\t\t\t\t\t\t\t\t\t\t\t<\/a>\n\t\t\t\t\n\t\t\t\t\n\t\t\t\t\n\t\t\t\t\n\t\t\t\t\n\t\t\t\t\n\t\t\t\t\t\t\t\t\t<a rel=\"noopener noreferrer nofollow\" href=\"https:\/\/pinterest.com\/pin\/create\/button\/?url=https:\/\/oscarguedez.com\/cumbre-de-los-oceanos-oportunidad-crucial-para-rd-en-la-lucha-climatica\/&media=https:\/\/oscarguedez.com\/wp-content\/uploads\/2025\/05\/articulo_Cumbre-de-los-Oceanos-oportunidad-crucial-para-RD-en-la-lucha-climatica.webp&description=Cumbre+de+los+Oc%C3%A9anos%3A+oportunidad+crucial+para+RD+en+la+lucha+clim%C3%A1tica\" target=\"_blank\" class=\" wd-social-icon social-pinterest\" aria-label=\"Pinterest social link\">\n\t\t\t\t\t\t<span class=\"wd-icon\"><\/span>\n\t\t\t\t\t\t\t\t\t\t\t<\/a>\n\t\t\t\t\n\t\t\t\t\n\t\t\t\t\t\t\t\t\t<a rel=\"noopener noreferrer nofollow\" href=\"https:\/\/www.linkedin.com\/shareArticle?mini=true&url=https:\/\/oscarguedez.com\/cumbre-de-los-oceanos-oportunidad-crucial-para-rd-en-la-lucha-climatica\/\" target=\"_blank\" class=\" wd-social-icon social-linkedin\" aria-label=\"Linkedin social link\">\n\t\t\t\t\t\t<span class=\"wd-icon\"><\/span>\n\t\t\t\t\t\t\t\t\t\t\t<\/a>\n\t\t\t\t\n\t\t\t\t\n\t\t\t\t\n\t\t\t\t\n\t\t\t\t\n\t\t\t\t\n\t\t\t\t\n\t\t\t\t\n\t\t\t\t\n\t\t\t\t\n\t\t\t\t\n\t\t\t\t\n\t\t\t\t\n\t\t\t\t\n\t\t\t\t\n\t\t\t\t\t\t\t\t\t<a rel=\"noopener noreferrer nofollow\" href=\"https:\/\/telegram.me\/share\/url?url=https:\/\/oscarguedez.com\/cumbre-de-los-oceanos-oportunidad-crucial-para-rd-en-la-lucha-climatica\/\" target=\"_blank\" class=\" wd-social-icon social-tg\" aria-label=\"Telegram social link\">\n\t\t\t\t\t\t<span class=\"wd-icon\"><\/span>\n\t\t\t\t\t\t\t\t\t\t\t<\/a>\n\t\t\t\t\n\t\t\t\t\n\t\t\t<\/div>\n\n\t\t\t\t\t\t\t\t\t\t<\/div>\n\t\t\t\t\t\t\t\t<div class=\"tooltip-arrow\"><\/div>\n\t\t\t\t\t\t\t<\/div>\n\t\t\t\t\t\t<\/div>\n\t\t\t\t\t\n\t\t\t\t\t\t\t\t\t\t\t\t\t\t\t\t\t<div class=\"wd-post-reply wd-style-1\">\n\t\t\t\t\t\t\t<a href=\"https:\/\/oscarguedez.com\/cumbre-de-los-oceanos-oportunidad-crucial-para-rd-en-la-lucha-climatica\/#respond\"><span class=\"wd-replies-count\">0<\/span><\/a>\t\t\t\t\t\t<\/div>\n\t\t\t\t\t\t\t\t\t<\/div>\n\t\t\t\n\t\t\t\t\t\t\t\t\t\t\t\t<div class=\"wd-post-excerpt entry-content\">\n\t\t\t\t\t\tEntre el 9 y el 13 de junio, Francia, acoger\u00e1 en la ciudad de Niza la tercera Conferencia de las Naciones Unid...\t\t\t\t\t<\/div>\n\t\t\t\t\n\t\t\t\t\t\t\t\t\t\t\t\t\t\t<div class=\"wd-post-read-more wd-style-link read-more-section\">\n\t\t\t\t\t\t<a class=\"\" href=\"https:\/\/oscarguedez.com\/cumbre-de-los-oceanos-oportunidad-crucial-para-rd-en-la-lucha-climatica\/\">Seguir leyendo<\/a>\t\t\t\t\t<\/div>\n\t\t\t\t\t\t\t\t\t\t\t\t\t<\/div>\n\t<\/div>\n<\/article>\n\n\t\t\t\t\t\t\t\t\t\t\t\n<article id=\"post-29440\" class=\"wd-post blog-design-masonry blog-post-loop blog-style-flat wd-col post-29440 post type-post status-publish format-standard has-post-thumbnail hentry category-cambio_climatico tag-desarrollo-sostenible tag-el-gran-caribe\">\n\t<div class=\"wd-post-inner article-inner\">\n\t\t\t\t\t<div class=\"wd-post-thumb entry-header\">\n\t\t\t\t\t\t\t\t\t<div class=\"wd-post-img post-img-wrapp\">\n\t\t\t\t\t\t<img width=\"1068\" height=\"800\" src=\"https:\/\/oscarguedez.com\/wp-content\/uploads\/2025\/05\/articulo_RD-y-el-Gran-Caribe-1068x800.webp\" class=\"attachment-large size-large\" alt=\"\" decoding=\"async\" srcset=\"https:\/\/oscarguedez.com\/wp-content\/uploads\/2025\/05\/articulo_RD-y-el-Gran-Caribe-1068x800.webp 1068w, https:\/\/oscarguedez.com\/wp-content\/uploads\/2025\/05\/articulo_RD-y-el-Gran-Caribe-400x300.webp 400w, https:\/\/oscarguedez.com\/wp-content\/uploads\/2025\/05\/articulo_RD-y-el-Gran-Caribe-768x575.webp 768w, https:\/\/oscarguedez.com\/wp-content\/uploads\/2025\/05\/articulo_RD-y-el-Gran-Caribe-430x322.webp 430w, https:\/\/oscarguedez.com\/wp-content\/uploads\/2025\/05\/articulo_RD-y-el-Gran-Caribe-700x524.webp 700w, https:\/\/oscarguedez.com\/wp-content\/uploads\/2025\/05\/articulo_RD-y-el-Gran-Caribe-150x112.webp 150w, https:\/\/oscarguedez.com\/wp-content\/uploads\/2025\/05\/articulo_RD-y-el-Gran-Caribe.webp 1280w\" sizes=\"(max-width: 1068px) 100vw, 1068px\" \/>\t\t\t\t\t<\/div>\n\t\t\t\t\t<a class=\"wd-fill\" href=\"https:\/\/oscarguedez.com\/rd-y-el-gran-caribe-un-sincrotron-para-impulsar-la-ciencia-y-el-desarrollo-sostenible\/\"><\/a>\n\t\t\t\t\n\t\t\t\t\t\t\t\t\t\t\t\t<div class=\"wd-post-date wd-style-with-bg\">\n\t\t\t\t<span class=\"post-date-day\">\n\t\t\t\t\t12\t\t\t\t<\/span>\n\t\t\t\t<span class=\"post-date-month\">\n\t\t\t\t\tMay\t\t\t\t<\/span>\n\t\t\t<\/div>\n\t\t\t\t\t\t\t\t\t<\/div>\n\t\t\n\t\t<div class=\"wd-post-content article-body-container\">\n\t\t\t\t\t\t\t<div class=\"wd-post-cat wd-style-with-bg meta-post-categories\">\n\t\t\t\t\t<a href=\"https:\/\/oscarguedez.com\/category\/cambio_climatico\/\" rel=\"category tag\">Cambio Clim\u00e1tico<\/a>\t\t\t\t<\/div>\n\t\t\t\n\t\t\t\t\t\t\t<h3 class=\"wd-post-title wd-entities-title title post-title\">\n\t\t\t\t\t<a href=\"https:\/\/oscarguedez.com\/rd-y-el-gran-caribe-un-sincrotron-para-impulsar-la-ciencia-y-el-desarrollo-sostenible\/\" rel=\"bookmark\">RD y el Gran Caribe: un sincrotr\u00f3n para impulsar la ciencia y el desarrollo sostenible<\/a>\n\t\t\t\t<\/h3>\n\t\t\t\n\t\t\t\t\t\t\t<div class=\"wd-post-meta\">\n\t\t\t\t\t\t\t\t\t\t\t\t\t\t\t<div class=\"wd-post-author\">\n\t\t\t\t\t\t\t\t\t\t\t<span>Publicado por<\/span>\n\t\t\n\t\t\t\t\t<img alt='author-avatar' src='https:\/\/secure.gravatar.com\/avatar\/d9902645d4f0dc4e775b40c07ea4aa2b26c68857eb71bad8a4f818e36fcb319a?s=18&#038;d=mm&#038;r=g' srcset='https:\/\/secure.gravatar.com\/avatar\/d9902645d4f0dc4e775b40c07ea4aa2b26c68857eb71bad8a4f818e36fcb319a?s=36&#038;d=mm&#038;r=g 2x' class='avatar avatar-18 photo' height='18' width='18' decoding='async'\/>\t\t\n\t\t\t\t\t<a href=\"https:\/\/oscarguedez.com\/author\/carlosvargasmcgmail-com\/\" class=\"author\" rel=\"author\">carlosvargasmc@gmail.com<\/a>\n\t\t\t\t\t\t\t\t\t<\/div>\n\t\t\t\t\t<div class=\"wd-modified-date\">\n\t\t\t\t\t\t\t\t<time class=\"updated\" datetime=\"2026-03-29T03:40:48+00:00\">\n\t\t\t29 de marzo de 2026\t\t<\/time>\n\t\t\t\t\t\t\t<\/div>\n\n\t\t\t\t\t\t\t\t\t\t\t<div class=\"wd-post-share wd-tltp\">\n\t\t\t\t\t\t\t<div class=\"tooltip top\">\n\t\t\t\t\t\t\t\t<div class=\"tooltip-inner\">\n\t\t\t\t\t\t\t\t\t\t\t\t<div\n\t\t\t\t\t\tclass=\" wd-social-icons wd-style-default wd-size-small social-share wd-shape-circle color-scheme-light text-center\">\n\t\t\t\t\n\t\t\t\t\n\t\t\t\t\t\t\t\t\t<a rel=\"noopener noreferrer nofollow\" href=\"https:\/\/www.facebook.com\/sharer\/sharer.php?u=https:\/\/oscarguedez.com\/rd-y-el-gran-caribe-un-sincrotron-para-impulsar-la-ciencia-y-el-desarrollo-sostenible\/\" target=\"_blank\" class=\" wd-social-icon social-facebook\" aria-label=\"Facebook social link\">\n\t\t\t\t\t\t<span class=\"wd-icon\"><\/span>\n\t\t\t\t\t\t\t\t\t\t\t<\/a>\n\t\t\t\t\n\t\t\t\t\t\t\t\t\t<a rel=\"noopener noreferrer nofollow\" href=\"https:\/\/x.com\/share?url=https:\/\/oscarguedez.com\/rd-y-el-gran-caribe-un-sincrotron-para-impulsar-la-ciencia-y-el-desarrollo-sostenible\/\" target=\"_blank\" class=\" wd-social-icon social-twitter\" aria-label=\"X social link\">\n\t\t\t\t\t\t<span class=\"wd-icon\"><\/span>\n\t\t\t\t\t\t\t\t\t\t\t<\/a>\n\t\t\t\t\n\t\t\t\t\n\t\t\t\t\n\t\t\t\t\n\t\t\t\t\n\t\t\t\t\n\t\t\t\t\t\t\t\t\t<a rel=\"noopener noreferrer nofollow\" href=\"https:\/\/pinterest.com\/pin\/create\/button\/?url=https:\/\/oscarguedez.com\/rd-y-el-gran-caribe-un-sincrotron-para-impulsar-la-ciencia-y-el-desarrollo-sostenible\/&media=https:\/\/oscarguedez.com\/wp-content\/uploads\/2025\/05\/articulo_RD-y-el-Gran-Caribe.webp&description=RD+y+el+Gran+Caribe%3A+un+sincrotr%C3%B3n+para+impulsar+la+ciencia+y+el+desarrollo+sostenible\" target=\"_blank\" class=\" wd-social-icon social-pinterest\" aria-label=\"Pinterest social link\">\n\t\t\t\t\t\t<span class=\"wd-icon\"><\/span>\n\t\t\t\t\t\t\t\t\t\t\t<\/a>\n\t\t\t\t\n\t\t\t\t\n\t\t\t\t\t\t\t\t\t<a rel=\"noopener noreferrer nofollow\" href=\"https:\/\/www.linkedin.com\/shareArticle?mini=true&url=https:\/\/oscarguedez.com\/rd-y-el-gran-caribe-un-sincrotron-para-impulsar-la-ciencia-y-el-desarrollo-sostenible\/\" target=\"_blank\" class=\" wd-social-icon social-linkedin\" aria-label=\"Linkedin social link\">\n\t\t\t\t\t\t<span class=\"wd-icon\"><\/span>\n\t\t\t\t\t\t\t\t\t\t\t<\/a>\n\t\t\t\t\n\t\t\t\t\n\t\t\t\t\n\t\t\t\t\n\t\t\t\t\n\t\t\t\t\n\t\t\t\t\n\t\t\t\t\n\t\t\t\t\n\t\t\t\t\n\t\t\t\t\n\t\t\t\t\n\t\t\t\t\n\t\t\t\t\n\t\t\t\t\n\t\t\t\t\t\t\t\t\t<a rel=\"noopener noreferrer nofollow\" href=\"https:\/\/telegram.me\/share\/url?url=https:\/\/oscarguedez.com\/rd-y-el-gran-caribe-un-sincrotron-para-impulsar-la-ciencia-y-el-desarrollo-sostenible\/\" target=\"_blank\" class=\" wd-social-icon social-tg\" aria-label=\"Telegram social link\">\n\t\t\t\t\t\t<span class=\"wd-icon\"><\/span>\n\t\t\t\t\t\t\t\t\t\t\t<\/a>\n\t\t\t\t\n\t\t\t\t\n\t\t\t<\/div>\n\n\t\t\t\t\t\t\t\t\t\t<\/div>\n\t\t\t\t\t\t\t\t<div class=\"tooltip-arrow\"><\/div>\n\t\t\t\t\t\t\t<\/div>\n\t\t\t\t\t\t<\/div>\n\t\t\t\t\t\n\t\t\t\t\t\t\t\t\t\t\t\t\t\t\t\t\t<div class=\"wd-post-reply wd-style-1\">\n\t\t\t\t\t\t\t<a href=\"https:\/\/oscarguedez.com\/rd-y-el-gran-caribe-un-sincrotron-para-impulsar-la-ciencia-y-el-desarrollo-sostenible\/#respond\"><span class=\"wd-replies-count\">0<\/span><\/a>\t\t\t\t\t\t<\/div>\n\t\t\t\t\t\t\t\t\t<\/div>\n\t\t\t\n\t\t\t\t\t\t\t\t\t\t\t\t<div class=\"wd-post-excerpt entry-content\">\n\t\t\t\t\t\tHace tres a\u00f1os, un grupo de cient\u00edficos de distintas disciplinas de toda la regi\u00f3n de Centroam\u00e9rica y el Carib...\t\t\t\t\t<\/div>\n\t\t\t\t\n\t\t\t\t\t\t\t\t\t\t\t\t\t\t<div class=\"wd-post-read-more wd-style-link read-more-section\">\n\t\t\t\t\t\t<a class=\"\" href=\"https:\/\/oscarguedez.com\/rd-y-el-gran-caribe-un-sincrotron-para-impulsar-la-ciencia-y-el-desarrollo-sostenible\/\">Seguir leyendo<\/a>\t\t\t\t\t<\/div>\n\t\t\t\t\t\t\t\t\t\t\t\t\t<\/div>\n\t<\/div>\n<\/article>\n\n\t\t\t\t\t\t\t\t\t\t\t\n<article id=\"post-29428\" class=\"wd-post blog-design-masonry blog-post-loop blog-style-flat wd-col post-29428 post type-post status-publish format-standard has-post-thumbnail hentry category-cambio_climatico tag-sistema-hidrometeorologico\">\n\t<div class=\"wd-post-inner article-inner\">\n\t\t\t\t\t<div class=\"wd-post-thumb entry-header\">\n\t\t\t\t\t\t\t\t\t<div class=\"wd-post-img post-img-wrapp\">\n\t\t\t\t\t\t<img width=\"1000\" height=\"520\" src=\"https:\/\/oscarguedez.com\/wp-content\/uploads\/2025\/05\/articulo_Sistema-hidrometeorologico-y-respuesta-a-emergencias-se-ven-vulnerables-en-el-pais.webp\" class=\"attachment-large size-large\" alt=\"\" decoding=\"async\" srcset=\"https:\/\/oscarguedez.com\/wp-content\/uploads\/2025\/05\/articulo_Sistema-hidrometeorologico-y-respuesta-a-emergencias-se-ven-vulnerables-en-el-pais.webp 1000w, https:\/\/oscarguedez.com\/wp-content\/uploads\/2025\/05\/articulo_Sistema-hidrometeorologico-y-respuesta-a-emergencias-se-ven-vulnerables-en-el-pais-400x208.webp 400w, https:\/\/oscarguedez.com\/wp-content\/uploads\/2025\/05\/articulo_Sistema-hidrometeorologico-y-respuesta-a-emergencias-se-ven-vulnerables-en-el-pais-768x399.webp 768w, https:\/\/oscarguedez.com\/wp-content\/uploads\/2025\/05\/articulo_Sistema-hidrometeorologico-y-respuesta-a-emergencias-se-ven-vulnerables-en-el-pais-430x224.webp 430w, https:\/\/oscarguedez.com\/wp-content\/uploads\/2025\/05\/articulo_Sistema-hidrometeorologico-y-respuesta-a-emergencias-se-ven-vulnerables-en-el-pais-700x364.webp 700w, https:\/\/oscarguedez.com\/wp-content\/uploads\/2025\/05\/articulo_Sistema-hidrometeorologico-y-respuesta-a-emergencias-se-ven-vulnerables-en-el-pais-150x78.webp 150w\" sizes=\"(max-width: 1000px) 100vw, 1000px\" \/>\t\t\t\t\t<\/div>\n\t\t\t\t\t<a class=\"wd-fill\" href=\"https:\/\/oscarguedez.com\/sistema-hidrometeorologico-y-respuesta-a-emergencias-se-ven-vulnerables-en-el-pais\/\"><\/a>\n\t\t\t\t\n\t\t\t\t\t\t\t\t\t\t\t\t<div class=\"wd-post-date wd-style-with-bg\">\n\t\t\t\t<span class=\"post-date-day\">\n\t\t\t\t\t02\t\t\t\t<\/span>\n\t\t\t\t<span class=\"post-date-month\">\n\t\t\t\t\tMay\t\t\t\t<\/span>\n\t\t\t<\/div>\n\t\t\t\t\t\t\t\t\t<\/div>\n\t\t\n\t\t<div class=\"wd-post-content article-body-container\">\n\t\t\t\t\t\t\t<div class=\"wd-post-cat wd-style-with-bg meta-post-categories\">\n\t\t\t\t\t<a href=\"https:\/\/oscarguedez.com\/category\/cambio_climatico\/\" rel=\"category tag\">Cambio Clim\u00e1tico<\/a>\t\t\t\t<\/div>\n\t\t\t\n\t\t\t\t\t\t\t<h3 class=\"wd-post-title wd-entities-title title post-title\">\n\t\t\t\t\t<a href=\"https:\/\/oscarguedez.com\/sistema-hidrometeorologico-y-respuesta-a-emergencias-se-ven-vulnerables-en-el-pais\/\" rel=\"bookmark\">Sistema hidrometeorol\u00f3gico y respuesta a emergencias se ven vulnerables en el pa\u00eds<\/a>\n\t\t\t\t<\/h3>\n\t\t\t\n\t\t\t\t\t\t\t<div class=\"wd-post-meta\">\n\t\t\t\t\t\t\t\t\t\t\t\t\t\t\t<div class=\"wd-post-author\">\n\t\t\t\t\t\t\t\t\t\t\t<span>Publicado por<\/span>\n\t\t\n\t\t\t\t\t<img alt='author-avatar' src='https:\/\/secure.gravatar.com\/avatar\/d9902645d4f0dc4e775b40c07ea4aa2b26c68857eb71bad8a4f818e36fcb319a?s=18&#038;d=mm&#038;r=g' srcset='https:\/\/secure.gravatar.com\/avatar\/d9902645d4f0dc4e775b40c07ea4aa2b26c68857eb71bad8a4f818e36fcb319a?s=36&#038;d=mm&#038;r=g 2x' class='avatar avatar-18 photo' height='18' width='18' decoding='async'\/>\t\t\n\t\t\t\t\t<a href=\"https:\/\/oscarguedez.com\/author\/carlosvargasmcgmail-com\/\" class=\"author\" rel=\"author\">carlosvargasmc@gmail.com<\/a>\n\t\t\t\t\t\t\t\t\t<\/div>\n\t\t\t\t\t<div class=\"wd-modified-date\">\n\t\t\t\t\t\t\t\t<time class=\"updated\" datetime=\"2026-03-29T03:32:57+00:00\">\n\t\t\t29 de marzo de 2026\t\t<\/time>\n\t\t\t\t\t\t\t<\/div>\n\n\t\t\t\t\t\t\t\t\t\t\t<div class=\"wd-post-share wd-tltp\">\n\t\t\t\t\t\t\t<div class=\"tooltip top\">\n\t\t\t\t\t\t\t\t<div class=\"tooltip-inner\">\n\t\t\t\t\t\t\t\t\t\t\t\t<div\n\t\t\t\t\t\tclass=\" wd-social-icons wd-style-default wd-size-small social-share wd-shape-circle color-scheme-light text-center\">\n\t\t\t\t\n\t\t\t\t\n\t\t\t\t\t\t\t\t\t<a rel=\"noopener noreferrer nofollow\" href=\"https:\/\/www.facebook.com\/sharer\/sharer.php?u=https:\/\/oscarguedez.com\/sistema-hidrometeorologico-y-respuesta-a-emergencias-se-ven-vulnerables-en-el-pais\/\" target=\"_blank\" class=\" wd-social-icon social-facebook\" aria-label=\"Facebook social link\">\n\t\t\t\t\t\t<span class=\"wd-icon\"><\/span>\n\t\t\t\t\t\t\t\t\t\t\t<\/a>\n\t\t\t\t\n\t\t\t\t\t\t\t\t\t<a rel=\"noopener noreferrer nofollow\" href=\"https:\/\/x.com\/share?url=https:\/\/oscarguedez.com\/sistema-hidrometeorologico-y-respuesta-a-emergencias-se-ven-vulnerables-en-el-pais\/\" target=\"_blank\" class=\" wd-social-icon social-twitter\" aria-label=\"X social link\">\n\t\t\t\t\t\t<span class=\"wd-icon\"><\/span>\n\t\t\t\t\t\t\t\t\t\t\t<\/a>\n\t\t\t\t\n\t\t\t\t\n\t\t\t\t\n\t\t\t\t\n\t\t\t\t\n\t\t\t\t\n\t\t\t\t\t\t\t\t\t<a rel=\"noopener noreferrer nofollow\" href=\"https:\/\/pinterest.com\/pin\/create\/button\/?url=https:\/\/oscarguedez.com\/sistema-hidrometeorologico-y-respuesta-a-emergencias-se-ven-vulnerables-en-el-pais\/&media=https:\/\/oscarguedez.com\/wp-content\/uploads\/2025\/05\/articulo_Sistema-hidrometeorologico-y-respuesta-a-emergencias-se-ven-vulnerables-en-el-pais.webp&description=Sistema+hidrometeorol%C3%B3gico+y+respuesta+a+emergencias+se+ven+vulnerables+en+el+pa%C3%ADs\" target=\"_blank\" class=\" wd-social-icon social-pinterest\" aria-label=\"Pinterest social link\">\n\t\t\t\t\t\t<span class=\"wd-icon\"><\/span>\n\t\t\t\t\t\t\t\t\t\t\t<\/a>\n\t\t\t\t\n\t\t\t\t\n\t\t\t\t\t\t\t\t\t<a rel=\"noopener noreferrer nofollow\" href=\"https:\/\/www.linkedin.com\/shareArticle?mini=true&url=https:\/\/oscarguedez.com\/sistema-hidrometeorologico-y-respuesta-a-emergencias-se-ven-vulnerables-en-el-pais\/\" target=\"_blank\" class=\" wd-social-icon social-linkedin\" aria-label=\"Linkedin social link\">\n\t\t\t\t\t\t<span class=\"wd-icon\"><\/span>\n\t\t\t\t\t\t\t\t\t\t\t<\/a>\n\t\t\t\t\n\t\t\t\t\n\t\t\t\t\n\t\t\t\t\n\t\t\t\t\n\t\t\t\t\n\t\t\t\t\n\t\t\t\t\n\t\t\t\t\n\t\t\t\t\n\t\t\t\t\n\t\t\t\t\n\t\t\t\t\n\t\t\t\t\n\t\t\t\t\n\t\t\t\t\t\t\t\t\t<a rel=\"noopener noreferrer nofollow\" href=\"https:\/\/telegram.me\/share\/url?url=https:\/\/oscarguedez.com\/sistema-hidrometeorologico-y-respuesta-a-emergencias-se-ven-vulnerables-en-el-pais\/\" target=\"_blank\" class=\" wd-social-icon social-tg\" aria-label=\"Telegram social link\">\n\t\t\t\t\t\t<span class=\"wd-icon\"><\/span>\n\t\t\t\t\t\t\t\t\t\t\t<\/a>\n\t\t\t\t\n\t\t\t\t\n\t\t\t<\/div>\n\n\t\t\t\t\t\t\t\t\t\t<\/div>\n\t\t\t\t\t\t\t\t<div class=\"tooltip-arrow\"><\/div>\n\t\t\t\t\t\t\t<\/div>\n\t\t\t\t\t\t<\/div>\n\t\t\t\t\t\n\t\t\t\t\t\t\t\t\t\t\t\t\t\t\t\t\t<div class=\"wd-post-reply wd-style-1\">\n\t\t\t\t\t\t\t<a href=\"https:\/\/oscarguedez.com\/sistema-hidrometeorologico-y-respuesta-a-emergencias-se-ven-vulnerables-en-el-pais\/#respond\"><span class=\"wd-replies-count\">0<\/span><\/a>\t\t\t\t\t\t<\/div>\n\t\t\t\t\t\t\t\t\t<\/div>\n\t\t\t\n\t\t\t\t\t\t\t\t\t\t\t\t<div class=\"wd-post-excerpt entry-content\">\n\t\t\t\t\t\tRD necesita atenci\u00f3n e inversi\u00f3n integral para las alertasEn un pa\u00eds como Rep\u00fablica Dominicana, donde el impac...\t\t\t\t\t<\/div>\n\t\t\t\t\n\t\t\t\t\t\t\t\t\t\t\t\t\t\t<div class=\"wd-post-read-more wd-style-link read-more-section\">\n\t\t\t\t\t\t<a class=\"\" href=\"https:\/\/oscarguedez.com\/sistema-hidrometeorologico-y-respuesta-a-emergencias-se-ven-vulnerables-en-el-pais\/\">Seguir leyendo<\/a>\t\t\t\t\t<\/div>\n\t\t\t\t\t\t\t\t\t\t\t\t\t<\/div>\n\t<\/div>\n<\/article>\n\n\t\t\t\t\t\t\t\t\t\t\t\n<article id=\"post-29449\" class=\"wd-post blog-design-masonry blog-post-loop blog-style-flat wd-col post-29449 post type-post status-publish format-standard has-post-thumbnail hentry category-cambio_climatico tag-acuerdo-de-cop29\">\n\t<div class=\"wd-post-inner article-inner\">\n\t\t\t\t\t<div class=\"wd-post-thumb entry-header\">\n\t\t\t\t\t\t\t\t\t<div class=\"wd-post-img post-img-wrapp\">\n\t\t\t\t\t\t<img width=\"1000\" height=\"600\" src=\"https:\/\/oscarguedez.com\/wp-content\/uploads\/2024\/11\/articulo_Acuerdo-de-COP29.webp\" class=\"attachment-large size-large\" alt=\"\" decoding=\"async\" srcset=\"https:\/\/oscarguedez.com\/wp-content\/uploads\/2024\/11\/articulo_Acuerdo-de-COP29.webp 1000w, https:\/\/oscarguedez.com\/wp-content\/uploads\/2024\/11\/articulo_Acuerdo-de-COP29-400x240.webp 400w, https:\/\/oscarguedez.com\/wp-content\/uploads\/2024\/11\/articulo_Acuerdo-de-COP29-768x461.webp 768w, https:\/\/oscarguedez.com\/wp-content\/uploads\/2024\/11\/articulo_Acuerdo-de-COP29-430x258.webp 430w, https:\/\/oscarguedez.com\/wp-content\/uploads\/2024\/11\/articulo_Acuerdo-de-COP29-700x420.webp 700w, https:\/\/oscarguedez.com\/wp-content\/uploads\/2024\/11\/articulo_Acuerdo-de-COP29-150x90.webp 150w\" sizes=\"(max-width: 1000px) 100vw, 1000px\" \/>\t\t\t\t\t<\/div>\n\t\t\t\t\t<a class=\"wd-fill\" href=\"https:\/\/oscarguedez.com\/acuerdo-de-cop29-a-mil-millones-de-distancia-de-lo-necesario\/\"><\/a>\n\t\t\t\t\n\t\t\t\t\t\t\t\t\t\t\t\t<div class=\"wd-post-date wd-style-with-bg\">\n\t\t\t\t<span class=\"post-date-day\">\n\t\t\t\t\t25\t\t\t\t<\/span>\n\t\t\t\t<span class=\"post-date-month\">\n\t\t\t\t\tNov\t\t\t\t<\/span>\n\t\t\t<\/div>\n\t\t\t\t\t\t\t\t\t<\/div>\n\t\t\n\t\t<div class=\"wd-post-content article-body-container\">\n\t\t\t\t\t\t\t<div class=\"wd-post-cat wd-style-with-bg meta-post-categories\">\n\t\t\t\t\t<a href=\"https:\/\/oscarguedez.com\/category\/cambio_climatico\/\" rel=\"category tag\">Cambio Clim\u00e1tico<\/a>\t\t\t\t<\/div>\n\t\t\t\n\t\t\t\t\t\t\t<h3 class=\"wd-post-title wd-entities-title title post-title\">\n\t\t\t\t\t<a href=\"https:\/\/oscarguedez.com\/acuerdo-de-cop29-a-mil-millones-de-distancia-de-lo-necesario\/\" rel=\"bookmark\">Acuerdo de COP29: a mil millones de distancia de lo necesario<\/a>\n\t\t\t\t<\/h3>\n\t\t\t\n\t\t\t\t\t\t\t<div class=\"wd-post-meta\">\n\t\t\t\t\t\t\t\t\t\t\t\t\t\t\t<div class=\"wd-post-author\">\n\t\t\t\t\t\t\t\t\t\t\t<span>Publicado por<\/span>\n\t\t\n\t\t\t\t\t<img alt='author-avatar' src='https:\/\/secure.gravatar.com\/avatar\/d9902645d4f0dc4e775b40c07ea4aa2b26c68857eb71bad8a4f818e36fcb319a?s=18&#038;d=mm&#038;r=g' srcset='https:\/\/secure.gravatar.com\/avatar\/d9902645d4f0dc4e775b40c07ea4aa2b26c68857eb71bad8a4f818e36fcb319a?s=36&#038;d=mm&#038;r=g 2x' class='avatar avatar-18 photo' height='18' width='18' decoding='async'\/>\t\t\n\t\t\t\t\t<a href=\"https:\/\/oscarguedez.com\/author\/carlosvargasmcgmail-com\/\" class=\"author\" rel=\"author\">carlosvargasmc@gmail.com<\/a>\n\t\t\t\t\t\t\t\t\t<\/div>\n\t\t\t\t\t<div class=\"wd-modified-date\">\n\t\t\t\t\t\t\t\t<time class=\"updated\" datetime=\"2026-03-29T03:43:54+00:00\">\n\t\t\t29 de marzo de 2026\t\t<\/time>\n\t\t\t\t\t\t\t<\/div>\n\n\t\t\t\t\t\t\t\t\t\t\t<div class=\"wd-post-share wd-tltp\">\n\t\t\t\t\t\t\t<div class=\"tooltip top\">\n\t\t\t\t\t\t\t\t<div class=\"tooltip-inner\">\n\t\t\t\t\t\t\t\t\t\t\t\t<div\n\t\t\t\t\t\tclass=\" wd-social-icons wd-style-default wd-size-small social-share wd-shape-circle color-scheme-light text-center\">\n\t\t\t\t\n\t\t\t\t\n\t\t\t\t\t\t\t\t\t<a rel=\"noopener noreferrer nofollow\" href=\"https:\/\/www.facebook.com\/sharer\/sharer.php?u=https:\/\/oscarguedez.com\/acuerdo-de-cop29-a-mil-millones-de-distancia-de-lo-necesario\/\" target=\"_blank\" class=\" wd-social-icon social-facebook\" aria-label=\"Facebook social link\">\n\t\t\t\t\t\t<span class=\"wd-icon\"><\/span>\n\t\t\t\t\t\t\t\t\t\t\t<\/a>\n\t\t\t\t\n\t\t\t\t\t\t\t\t\t<a rel=\"noopener noreferrer nofollow\" href=\"https:\/\/x.com\/share?url=https:\/\/oscarguedez.com\/acuerdo-de-cop29-a-mil-millones-de-distancia-de-lo-necesario\/\" target=\"_blank\" class=\" wd-social-icon social-twitter\" aria-label=\"X social link\">\n\t\t\t\t\t\t<span class=\"wd-icon\"><\/span>\n\t\t\t\t\t\t\t\t\t\t\t<\/a>\n\t\t\t\t\n\t\t\t\t\n\t\t\t\t\n\t\t\t\t\n\t\t\t\t\n\t\t\t\t\n\t\t\t\t\t\t\t\t\t<a rel=\"noopener noreferrer nofollow\" href=\"https:\/\/pinterest.com\/pin\/create\/button\/?url=https:\/\/oscarguedez.com\/acuerdo-de-cop29-a-mil-millones-de-distancia-de-lo-necesario\/&media=https:\/\/oscarguedez.com\/wp-content\/uploads\/2024\/11\/articulo_Acuerdo-de-COP29.webp&description=Acuerdo+de+COP29%3A+a+mil+millones+de+distancia+de+lo+necesario\" target=\"_blank\" class=\" wd-social-icon social-pinterest\" aria-label=\"Pinterest social link\">\n\t\t\t\t\t\t<span class=\"wd-icon\"><\/span>\n\t\t\t\t\t\t\t\t\t\t\t<\/a>\n\t\t\t\t\n\t\t\t\t\n\t\t\t\t\t\t\t\t\t<a rel=\"noopener noreferrer nofollow\" href=\"https:\/\/www.linkedin.com\/shareArticle?mini=true&url=https:\/\/oscarguedez.com\/acuerdo-de-cop29-a-mil-millones-de-distancia-de-lo-necesario\/\" target=\"_blank\" class=\" wd-social-icon social-linkedin\" aria-label=\"Linkedin social link\">\n\t\t\t\t\t\t<span class=\"wd-icon\"><\/span>\n\t\t\t\t\t\t\t\t\t\t\t<\/a>\n\t\t\t\t\n\t\t\t\t\n\t\t\t\t\n\t\t\t\t\n\t\t\t\t\n\t\t\t\t\n\t\t\t\t\n\t\t\t\t\n\t\t\t\t\n\t\t\t\t\n\t\t\t\t\n\t\t\t\t\n\t\t\t\t\n\t\t\t\t\n\t\t\t\t\n\t\t\t\t\t\t\t\t\t<a rel=\"noopener noreferrer nofollow\" href=\"https:\/\/telegram.me\/share\/url?url=https:\/\/oscarguedez.com\/acuerdo-de-cop29-a-mil-millones-de-distancia-de-lo-necesario\/\" target=\"_blank\" class=\" wd-social-icon social-tg\" aria-label=\"Telegram social link\">\n\t\t\t\t\t\t<span class=\"wd-icon\"><\/span>\n\t\t\t\t\t\t\t\t\t\t\t<\/a>\n\t\t\t\t\n\t\t\t\t\n\t\t\t<\/div>\n\n\t\t\t\t\t\t\t\t\t\t<\/div>\n\t\t\t\t\t\t\t\t<div class=\"tooltip-arrow\"><\/div>\n\t\t\t\t\t\t\t<\/div>\n\t\t\t\t\t\t<\/div>\n\t\t\t\t\t\n\t\t\t\t\t\t\t\t\t\t\t\t\t\t\t\t\t<div class=\"wd-post-reply wd-style-1\">\n\t\t\t\t\t\t\t<a href=\"https:\/\/oscarguedez.com\/acuerdo-de-cop29-a-mil-millones-de-distancia-de-lo-necesario\/#respond\"><span class=\"wd-replies-count\">0<\/span><\/a>\t\t\t\t\t\t<\/div>\n\t\t\t\t\t\t\t\t\t<\/div>\n\t\t\t\n\t\t\t\t\t\t\t\t\t\t\t\t<div class=\"wd-post-excerpt entry-content\">\n\t\t\t\t\t\tPa\u00edses industrializados aceptaron aumentar su compromiso de aporte a la acci\u00f3n clim\u00e1tica para naciones en desa...\t\t\t\t\t<\/div>\n\t\t\t\t\n\t\t\t\t\t\t\t\t\t\t\t\t\t\t<div class=\"wd-post-read-more wd-style-link read-more-section\">\n\t\t\t\t\t\t<a class=\"\" href=\"https:\/\/oscarguedez.com\/acuerdo-de-cop29-a-mil-millones-de-distancia-de-lo-necesario\/\">Seguir leyendo<\/a>\t\t\t\t\t<\/div>\n\t\t\t\t\t\t\t\t\t\t\t\t\t<\/div>\n\t<\/div>\n<\/article>\n\n\t\t\t\t\t\t\t\t\t\t\t\n<article id=\"post-29474\" class=\"wd-post blog-design-masonry blog-post-loop blog-style-flat wd-col post-29474 post type-post status-publish format-standard has-post-thumbnail hentry category-cambio_climatico tag-cambio-climatico tag-cop29\">\n\t<div class=\"wd-post-inner article-inner\">\n\t\t\t\t\t<div class=\"wd-post-thumb entry-header\">\n\t\t\t\t\t\t\t\t\t<div class=\"wd-post-img post-img-wrapp\">\n\t\t\t\t\t\t<img width=\"1000\" height=\"600\" src=\"https:\/\/oscarguedez.com\/wp-content\/uploads\/2024\/11\/articulo_COP29.webp\" class=\"attachment-large size-large\" alt=\"\" decoding=\"async\" srcset=\"https:\/\/oscarguedez.com\/wp-content\/uploads\/2024\/11\/articulo_COP29.webp 1000w, https:\/\/oscarguedez.com\/wp-content\/uploads\/2024\/11\/articulo_COP29-400x240.webp 400w, https:\/\/oscarguedez.com\/wp-content\/uploads\/2024\/11\/articulo_COP29-768x461.webp 768w, https:\/\/oscarguedez.com\/wp-content\/uploads\/2024\/11\/articulo_COP29-430x258.webp 430w, https:\/\/oscarguedez.com\/wp-content\/uploads\/2024\/11\/articulo_COP29-700x420.webp 700w, https:\/\/oscarguedez.com\/wp-content\/uploads\/2024\/11\/articulo_COP29-150x90.webp 150w\" sizes=\"(max-width: 1000px) 100vw, 1000px\" \/>\t\t\t\t\t<\/div>\n\t\t\t\t\t<a class=\"wd-fill\" href=\"https:\/\/oscarguedez.com\/cop29-mas-de-lo-esperado-y-aun-lejos-de-lo-necesario\/\"><\/a>\n\t\t\t\t\n\t\t\t\t\t\t\t\t\t\t\t\t<div class=\"wd-post-date wd-style-with-bg\">\n\t\t\t\t<span class=\"post-date-day\">\n\t\t\t\t\t18\t\t\t\t<\/span>\n\t\t\t\t<span class=\"post-date-month\">\n\t\t\t\t\tNov\t\t\t\t<\/span>\n\t\t\t<\/div>\n\t\t\t\t\t\t\t\t\t<\/div>\n\t\t\n\t\t<div class=\"wd-post-content article-body-container\">\n\t\t\t\t\t\t\t<div class=\"wd-post-cat wd-style-with-bg meta-post-categories\">\n\t\t\t\t\t<a href=\"https:\/\/oscarguedez.com\/category\/cambio_climatico\/\" rel=\"category tag\">Cambio Clim\u00e1tico<\/a>\t\t\t\t<\/div>\n\t\t\t\n\t\t\t\t\t\t\t<h3 class=\"wd-post-title wd-entities-title title post-title\">\n\t\t\t\t\t<a href=\"https:\/\/oscarguedez.com\/cop29-mas-de-lo-esperado-y-aun-lejos-de-lo-necesario\/\" rel=\"bookmark\">COP29: M\u00e1s de lo esperado y a\u00fan lejos de lo necesario<\/a>\n\t\t\t\t<\/h3>\n\t\t\t\n\t\t\t\t\t\t\t<div class=\"wd-post-meta\">\n\t\t\t\t\t\t\t\t\t\t\t\t\t\t\t<div class=\"wd-post-author\">\n\t\t\t\t\t\t\t\t\t\t\t<span>Publicado por<\/span>\n\t\t\n\t\t\t\t\t<img alt='author-avatar' src='https:\/\/secure.gravatar.com\/avatar\/d9902645d4f0dc4e775b40c07ea4aa2b26c68857eb71bad8a4f818e36fcb319a?s=18&#038;d=mm&#038;r=g' srcset='https:\/\/secure.gravatar.com\/avatar\/d9902645d4f0dc4e775b40c07ea4aa2b26c68857eb71bad8a4f818e36fcb319a?s=36&#038;d=mm&#038;r=g 2x' class='avatar avatar-18 photo' height='18' width='18' decoding='async'\/>\t\t\n\t\t\t\t\t<a href=\"https:\/\/oscarguedez.com\/author\/carlosvargasmcgmail-com\/\" class=\"author\" rel=\"author\">carlosvargasmc@gmail.com<\/a>\n\t\t\t\t\t\t\t\t\t<\/div>\n\t\t\t\t\t<div class=\"wd-modified-date\">\n\t\t\t\t\t\t\t\t<time class=\"updated\" datetime=\"2026-03-29T15:55:38+00:00\">\n\t\t\t29 de marzo de 2026\t\t<\/time>\n\t\t\t\t\t\t\t<\/div>\n\n\t\t\t\t\t\t\t\t\t\t\t<div class=\"wd-post-share wd-tltp\">\n\t\t\t\t\t\t\t<div class=\"tooltip top\">\n\t\t\t\t\t\t\t\t<div class=\"tooltip-inner\">\n\t\t\t\t\t\t\t\t\t\t\t\t<div\n\t\t\t\t\t\tclass=\" wd-social-icons wd-style-default wd-size-small social-share wd-shape-circle color-scheme-light text-center\">\n\t\t\t\t\n\t\t\t\t\n\t\t\t\t\t\t\t\t\t<a rel=\"noopener noreferrer nofollow\" href=\"https:\/\/www.facebook.com\/sharer\/sharer.php?u=https:\/\/oscarguedez.com\/cop29-mas-de-lo-esperado-y-aun-lejos-de-lo-necesario\/\" target=\"_blank\" class=\" wd-social-icon social-facebook\" aria-label=\"Facebook social link\">\n\t\t\t\t\t\t<span class=\"wd-icon\"><\/span>\n\t\t\t\t\t\t\t\t\t\t\t<\/a>\n\t\t\t\t\n\t\t\t\t\t\t\t\t\t<a rel=\"noopener noreferrer nofollow\" href=\"https:\/\/x.com\/share?url=https:\/\/oscarguedez.com\/cop29-mas-de-lo-esperado-y-aun-lejos-de-lo-necesario\/\" target=\"_blank\" class=\" wd-social-icon social-twitter\" aria-label=\"X social link\">\n\t\t\t\t\t\t<span class=\"wd-icon\"><\/span>\n\t\t\t\t\t\t\t\t\t\t\t<\/a>\n\t\t\t\t\n\t\t\t\t\n\t\t\t\t\n\t\t\t\t\n\t\t\t\t\n\t\t\t\t\n\t\t\t\t\t\t\t\t\t<a rel=\"noopener noreferrer nofollow\" href=\"https:\/\/pinterest.com\/pin\/create\/button\/?url=https:\/\/oscarguedez.com\/cop29-mas-de-lo-esperado-y-aun-lejos-de-lo-necesario\/&media=https:\/\/oscarguedez.com\/wp-content\/uploads\/2024\/11\/articulo_COP29.webp&description=COP29%3A+M%C3%A1s+de+lo+esperado+y+a%C3%BAn+lejos+de+lo+necesario\" target=\"_blank\" class=\" wd-social-icon social-pinterest\" aria-label=\"Pinterest social link\">\n\t\t\t\t\t\t<span class=\"wd-icon\"><\/span>\n\t\t\t\t\t\t\t\t\t\t\t<\/a>\n\t\t\t\t\n\t\t\t\t\n\t\t\t\t\t\t\t\t\t<a rel=\"noopener noreferrer nofollow\" href=\"https:\/\/www.linkedin.com\/shareArticle?mini=true&url=https:\/\/oscarguedez.com\/cop29-mas-de-lo-esperado-y-aun-lejos-de-lo-necesario\/\" target=\"_blank\" class=\" wd-social-icon social-linkedin\" aria-label=\"Linkedin social link\">\n\t\t\t\t\t\t<span class=\"wd-icon\"><\/span>\n\t\t\t\t\t\t\t\t\t\t\t<\/a>\n\t\t\t\t\n\t\t\t\t\n\t\t\t\t\n\t\t\t\t\n\t\t\t\t\n\t\t\t\t\n\t\t\t\t\n\t\t\t\t\n\t\t\t\t\n\t\t\t\t\n\t\t\t\t\n\t\t\t\t\n\t\t\t\t\n\t\t\t\t\n\t\t\t\t\n\t\t\t\t\t\t\t\t\t<a rel=\"noopener noreferrer nofollow\" href=\"https:\/\/telegram.me\/share\/url?url=https:\/\/oscarguedez.com\/cop29-mas-de-lo-esperado-y-aun-lejos-de-lo-necesario\/\" target=\"_blank\" class=\" wd-social-icon social-tg\" aria-label=\"Telegram social link\">\n\t\t\t\t\t\t<span class=\"wd-icon\"><\/span>\n\t\t\t\t\t\t\t\t\t\t\t<\/a>\n\t\t\t\t\n\t\t\t\t\n\t\t\t<\/div>\n\n\t\t\t\t\t\t\t\t\t\t<\/div>\n\t\t\t\t\t\t\t\t<div class=\"tooltip-arrow\"><\/div>\n\t\t\t\t\t\t\t<\/div>\n\t\t\t\t\t\t<\/div>\n\t\t\t\t\t\n\t\t\t\t\t\t\t\t\t\t\t\t\t\t\t\t\t<div class=\"wd-post-reply wd-style-1\">\n\t\t\t\t\t\t\t<a href=\"https:\/\/oscarguedez.com\/cop29-mas-de-lo-esperado-y-aun-lejos-de-lo-necesario\/#respond\"><span class=\"wd-replies-count\">0<\/span><\/a>\t\t\t\t\t\t<\/div>\n\t\t\t\t\t\t\t\t\t<\/div>\n\t\t\t\n\t\t\t\t\t\t\t\t\t\t\t\t<div class=\"wd-post-excerpt entry-content\">\n\t\t\t\t\t\tAprobaci\u00f3n de la metodolog\u00eda para el mercado de carbono demostr\u00f3 que s\u00ed es posible avanzar en la acci\u00f3n clim\u00e1t...\t\t\t\t\t<\/div>\n\t\t\t\t\n\t\t\t\t\t\t\t\t\t\t\t\t\t\t<div class=\"wd-post-read-more wd-style-link read-more-section\">\n\t\t\t\t\t\t<a class=\"\" href=\"https:\/\/oscarguedez.com\/cop29-mas-de-lo-esperado-y-aun-lejos-de-lo-necesario\/\">Seguir leyendo<\/a>\t\t\t\t\t<\/div>\n\t\t\t\t\t\t\t\t\t\t\t\t\t<\/div>\n\t<\/div>\n<\/article>\n\n\t\t\t\t\t\t\t\t\t\t\t\n<article id=\"post-29613\" class=\"wd-post blog-design-masonry blog-post-loop blog-style-flat wd-col post-29613 post type-post status-publish format-standard has-post-thumbnail hentry category-cambio_climatico tag-cambio-climatico tag-republica-dominicana\">\n\t<div class=\"wd-post-inner article-inner\">\n\t\t\t\t\t<div class=\"wd-post-thumb entry-header\">\n\t\t\t\t\t\t\t\t\t<div class=\"wd-post-img post-img-wrapp\">\n\t\t\t\t\t\t<img width=\"1071\" height=\"800\" src=\"https:\/\/oscarguedez.com\/wp-content\/uploads\/2024\/07\/articulo_Primera-Infancia-y-embarazadas-ante-el-cambio-climatico-Parte-2-1071x800.jpg\" class=\"attachment-large size-large\" alt=\"\" decoding=\"async\" srcset=\"https:\/\/oscarguedez.com\/wp-content\/uploads\/2024\/07\/articulo_Primera-Infancia-y-embarazadas-ante-el-cambio-climatico-Parte-2-1071x800.jpg 1071w, https:\/\/oscarguedez.com\/wp-content\/uploads\/2024\/07\/articulo_Primera-Infancia-y-embarazadas-ante-el-cambio-climatico-Parte-2-400x300.jpg 400w, https:\/\/oscarguedez.com\/wp-content\/uploads\/2024\/07\/articulo_Primera-Infancia-y-embarazadas-ante-el-cambio-climatico-Parte-2-768x573.jpg 768w, https:\/\/oscarguedez.com\/wp-content\/uploads\/2024\/07\/articulo_Primera-Infancia-y-embarazadas-ante-el-cambio-climatico-Parte-2-1536x1147.jpg 1536w, https:\/\/oscarguedez.com\/wp-content\/uploads\/2024\/07\/articulo_Primera-Infancia-y-embarazadas-ante-el-cambio-climatico-Parte-2-2048x1529.jpg 2048w, https:\/\/oscarguedez.com\/wp-content\/uploads\/2024\/07\/articulo_Primera-Infancia-y-embarazadas-ante-el-cambio-climatico-Parte-2-430x321.jpg 430w, https:\/\/oscarguedez.com\/wp-content\/uploads\/2024\/07\/articulo_Primera-Infancia-y-embarazadas-ante-el-cambio-climatico-Parte-2-700x523.jpg 700w, https:\/\/oscarguedez.com\/wp-content\/uploads\/2024\/07\/articulo_Primera-Infancia-y-embarazadas-ante-el-cambio-climatico-Parte-2-150x112.jpg 150w\" sizes=\"(max-width: 1071px) 100vw, 1071px\" \/>\t\t\t\t\t<\/div>\n\t\t\t\t\t<a class=\"wd-fill\" href=\"https:\/\/oscarguedez.com\/primera-infancia-y-embarazadas-ante-el-cambio-climatico-parte-2\/\"><\/a>\n\t\t\t\t\n\t\t\t\t\t\t\t\t\t\t\t\t<div class=\"wd-post-date wd-style-with-bg\">\n\t\t\t\t<span class=\"post-date-day\">\n\t\t\t\t\t01\t\t\t\t<\/span>\n\t\t\t\t<span class=\"post-date-month\">\n\t\t\t\t\tJul\t\t\t\t<\/span>\n\t\t\t<\/div>\n\t\t\t\t\t\t\t\t\t<\/div>\n\t\t\n\t\t<div class=\"wd-post-content article-body-container\">\n\t\t\t\t\t\t\t<div class=\"wd-post-cat wd-style-with-bg meta-post-categories\">\n\t\t\t\t\t<a href=\"https:\/\/oscarguedez.com\/category\/cambio_climatico\/\" rel=\"category tag\">Cambio Clim\u00e1tico<\/a>\t\t\t\t<\/div>\n\t\t\t\n\t\t\t\t\t\t\t<h3 class=\"wd-post-title wd-entities-title title post-title\">\n\t\t\t\t\t<a href=\"https:\/\/oscarguedez.com\/primera-infancia-y-embarazadas-ante-el-cambio-climatico-parte-2\/\" rel=\"bookmark\">Primera Infancia y embarazadas ante el cambio clim\u00e1tico (Parte 2)<\/a>\n\t\t\t\t<\/h3>\n\t\t\t\n\t\t\t\t\t\t\t<div class=\"wd-post-meta\">\n\t\t\t\t\t\t\t\t\t\t\t\t\t\t\t<div class=\"wd-post-author\">\n\t\t\t\t\t\t\t\t\t\t\t<span>Publicado por<\/span>\n\t\t\n\t\t\t\t\t<img alt='author-avatar' src='https:\/\/secure.gravatar.com\/avatar\/d9902645d4f0dc4e775b40c07ea4aa2b26c68857eb71bad8a4f818e36fcb319a?s=18&#038;d=mm&#038;r=g' srcset='https:\/\/secure.gravatar.com\/avatar\/d9902645d4f0dc4e775b40c07ea4aa2b26c68857eb71bad8a4f818e36fcb319a?s=36&#038;d=mm&#038;r=g 2x' class='avatar avatar-18 photo' height='18' width='18' decoding='async'\/>\t\t\n\t\t\t\t\t<a href=\"https:\/\/oscarguedez.com\/author\/carlosvargasmcgmail-com\/\" class=\"author\" rel=\"author\">carlosvargasmc@gmail.com<\/a>\n\t\t\t\t\t\t\t\t\t<\/div>\n\t\t\t\t\t<div class=\"wd-modified-date\">\n\t\t\t\t\t\t\t\t<time class=\"updated\" datetime=\"2026-03-29T18:01:27+00:00\">\n\t\t\t29 de marzo de 2026\t\t<\/time>\n\t\t\t\t\t\t\t<\/div>\n\n\t\t\t\t\t\t\t\t\t\t\t<div class=\"wd-post-share wd-tltp\">\n\t\t\t\t\t\t\t<div class=\"tooltip top\">\n\t\t\t\t\t\t\t\t<div class=\"tooltip-inner\">\n\t\t\t\t\t\t\t\t\t\t\t\t<div\n\t\t\t\t\t\tclass=\" wd-social-icons wd-style-default wd-size-small social-share wd-shape-circle color-scheme-light text-center\">\n\t\t\t\t\n\t\t\t\t\n\t\t\t\t\t\t\t\t\t<a rel=\"noopener noreferrer nofollow\" href=\"https:\/\/www.facebook.com\/sharer\/sharer.php?u=https:\/\/oscarguedez.com\/primera-infancia-y-embarazadas-ante-el-cambio-climatico-parte-2\/\" target=\"_blank\" class=\" wd-social-icon social-facebook\" aria-label=\"Facebook social link\">\n\t\t\t\t\t\t<span class=\"wd-icon\"><\/span>\n\t\t\t\t\t\t\t\t\t\t\t<\/a>\n\t\t\t\t\n\t\t\t\t\t\t\t\t\t<a rel=\"noopener noreferrer nofollow\" href=\"https:\/\/x.com\/share?url=https:\/\/oscarguedez.com\/primera-infancia-y-embarazadas-ante-el-cambio-climatico-parte-2\/\" target=\"_blank\" class=\" wd-social-icon social-twitter\" aria-label=\"X social link\">\n\t\t\t\t\t\t<span class=\"wd-icon\"><\/span>\n\t\t\t\t\t\t\t\t\t\t\t<\/a>\n\t\t\t\t\n\t\t\t\t\n\t\t\t\t\n\t\t\t\t\n\t\t\t\t\n\t\t\t\t\n\t\t\t\t\t\t\t\t\t<a rel=\"noopener noreferrer nofollow\" href=\"https:\/\/pinterest.com\/pin\/create\/button\/?url=https:\/\/oscarguedez.com\/primera-infancia-y-embarazadas-ante-el-cambio-climatico-parte-2\/&media=https:\/\/oscarguedez.com\/wp-content\/uploads\/2024\/07\/articulo_Primera-Infancia-y-embarazadas-ante-el-cambio-climatico-Parte-2.jpg&description=Primera+Infancia+y+embarazadas+ante+el+cambio+clim%C3%A1tico+%28Parte+2%29\" target=\"_blank\" class=\" wd-social-icon social-pinterest\" aria-label=\"Pinterest social link\">\n\t\t\t\t\t\t<span class=\"wd-icon\"><\/span>\n\t\t\t\t\t\t\t\t\t\t\t<\/a>\n\t\t\t\t\n\t\t\t\t\n\t\t\t\t\t\t\t\t\t<a rel=\"noopener noreferrer nofollow\" href=\"https:\/\/www.linkedin.com\/shareArticle?mini=true&url=https:\/\/oscarguedez.com\/primera-infancia-y-embarazadas-ante-el-cambio-climatico-parte-2\/\" target=\"_blank\" class=\" wd-social-icon social-linkedin\" aria-label=\"Linkedin social link\">\n\t\t\t\t\t\t<span class=\"wd-icon\"><\/span>\n\t\t\t\t\t\t\t\t\t\t\t<\/a>\n\t\t\t\t\n\t\t\t\t\n\t\t\t\t\n\t\t\t\t\n\t\t\t\t\n\t\t\t\t\n\t\t\t\t\n\t\t\t\t\n\t\t\t\t\n\t\t\t\t\n\t\t\t\t\n\t\t\t\t\n\t\t\t\t\n\t\t\t\t\n\t\t\t\t\n\t\t\t\t\t\t\t\t\t<a rel=\"noopener noreferrer nofollow\" href=\"https:\/\/telegram.me\/share\/url?url=https:\/\/oscarguedez.com\/primera-infancia-y-embarazadas-ante-el-cambio-climatico-parte-2\/\" target=\"_blank\" class=\" wd-social-icon social-tg\" aria-label=\"Telegram social link\">\n\t\t\t\t\t\t<span class=\"wd-icon\"><\/span>\n\t\t\t\t\t\t\t\t\t\t\t<\/a>\n\t\t\t\t\n\t\t\t\t\n\t\t\t<\/div>\n\n\t\t\t\t\t\t\t\t\t\t<\/div>\n\t\t\t\t\t\t\t\t<div class=\"tooltip-arrow\"><\/div>\n\t\t\t\t\t\t\t<\/div>\n\t\t\t\t\t\t<\/div>\n\t\t\t\t\t\n\t\t\t\t\t\t\t\t\t\t\t\t\t\t\t\t\t<div class=\"wd-post-reply wd-style-1\">\n\t\t\t\t\t\t\t<a href=\"https:\/\/oscarguedez.com\/primera-infancia-y-embarazadas-ante-el-cambio-climatico-parte-2\/#respond\"><span class=\"wd-replies-count\">0<\/span><\/a>\t\t\t\t\t\t<\/div>\n\t\t\t\t\t\t\t\t\t<\/div>\n\t\t\t\n\t\t\t\t\t\t\t\t\t\t\t\t<div class=\"wd-post-excerpt entry-content\">\n\t\t\t\t\t\tRep\u00fablica Dominicana, como pa\u00eds expuesto a huracanes, tormentas, inundaciones, sequ\u00edas extremas y olas de calo...\t\t\t\t\t<\/div>\n\t\t\t\t\n\t\t\t\t\t\t\t\t\t\t\t\t\t\t<div class=\"wd-post-read-more wd-style-link read-more-section\">\n\t\t\t\t\t\t<a class=\"\" href=\"https:\/\/oscarguedez.com\/primera-infancia-y-embarazadas-ante-el-cambio-climatico-parte-2\/\">Seguir leyendo<\/a>\t\t\t\t\t<\/div>\n\t\t\t\t\t\t\t\t\t\t\t\t\t<\/div>\n\t<\/div>\n<\/article>\n\n\t\t\t\t\t\t\t\t\t\t\t\n<article id=\"post-29619\" class=\"wd-post blog-design-masonry blog-post-loop blog-style-flat wd-col post-29619 post type-post status-publish format-standard has-post-thumbnail hentry category-cambio_climatico tag-cambio-climatico tag-embarazadas tag-primera-infancia\">\n\t<div class=\"wd-post-inner article-inner\">\n\t\t\t\t\t<div class=\"wd-post-thumb entry-header\">\n\t\t\t\t\t\t\t\t\t<div class=\"wd-post-img post-img-wrapp\">\n\t\t\t\t\t\t<img width=\"1071\" height=\"800\" src=\"https:\/\/oscarguedez.com\/wp-content\/uploads\/2024\/06\/articulo_Primera-Infancia-embarazadas-y-cambio-climatico-Parte-1-1071x800.jpg\" class=\"attachment-large size-large\" alt=\"\" decoding=\"async\" srcset=\"https:\/\/oscarguedez.com\/wp-content\/uploads\/2024\/06\/articulo_Primera-Infancia-embarazadas-y-cambio-climatico-Parte-1-1071x800.jpg 1071w, https:\/\/oscarguedez.com\/wp-content\/uploads\/2024\/06\/articulo_Primera-Infancia-embarazadas-y-cambio-climatico-Parte-1-400x300.jpg 400w, https:\/\/oscarguedez.com\/wp-content\/uploads\/2024\/06\/articulo_Primera-Infancia-embarazadas-y-cambio-climatico-Parte-1-768x573.jpg 768w, https:\/\/oscarguedez.com\/wp-content\/uploads\/2024\/06\/articulo_Primera-Infancia-embarazadas-y-cambio-climatico-Parte-1-1536x1147.jpg 1536w, https:\/\/oscarguedez.com\/wp-content\/uploads\/2024\/06\/articulo_Primera-Infancia-embarazadas-y-cambio-climatico-Parte-1-2048x1529.jpg 2048w, https:\/\/oscarguedez.com\/wp-content\/uploads\/2024\/06\/articulo_Primera-Infancia-embarazadas-y-cambio-climatico-Parte-1-430x321.jpg 430w, https:\/\/oscarguedez.com\/wp-content\/uploads\/2024\/06\/articulo_Primera-Infancia-embarazadas-y-cambio-climatico-Parte-1-700x523.jpg 700w, https:\/\/oscarguedez.com\/wp-content\/uploads\/2024\/06\/articulo_Primera-Infancia-embarazadas-y-cambio-climatico-Parte-1-150x112.jpg 150w\" sizes=\"(max-width: 1071px) 100vw, 1071px\" \/>\t\t\t\t\t<\/div>\n\t\t\t\t\t<a class=\"wd-fill\" href=\"https:\/\/oscarguedez.com\/primera-infancia-embarazadas-y-cambio-climatico-parte-1\/\"><\/a>\n\t\t\t\t\n\t\t\t\t\t\t\t\t\t\t\t\t<div class=\"wd-post-date wd-style-with-bg\">\n\t\t\t\t<span class=\"post-date-day\">\n\t\t\t\t\t27\t\t\t\t<\/span>\n\t\t\t\t<span class=\"post-date-month\">\n\t\t\t\t\tJun\t\t\t\t<\/span>\n\t\t\t<\/div>\n\t\t\t\t\t\t\t\t\t<\/div>\n\t\t\n\t\t<div class=\"wd-post-content article-body-container\">\n\t\t\t\t\t\t\t<div class=\"wd-post-cat wd-style-with-bg meta-post-categories\">\n\t\t\t\t\t<a href=\"https:\/\/oscarguedez.com\/category\/cambio_climatico\/\" rel=\"category tag\">Cambio Clim\u00e1tico<\/a>\t\t\t\t<\/div>\n\t\t\t\n\t\t\t\t\t\t\t<h3 class=\"wd-post-title wd-entities-title title post-title\">\n\t\t\t\t\t<a href=\"https:\/\/oscarguedez.com\/primera-infancia-embarazadas-y-cambio-climatico-parte-1\/\" rel=\"bookmark\">Primera Infancia, embarazadas y cambio clim\u00e1tico (Parte 1)<\/a>\n\t\t\t\t<\/h3>\n\t\t\t\n\t\t\t\t\t\t\t<div class=\"wd-post-meta\">\n\t\t\t\t\t\t\t\t\t\t\t\t\t\t\t<div class=\"wd-post-author\">\n\t\t\t\t\t\t\t\t\t\t\t<span>Publicado por<\/span>\n\t\t\n\t\t\t\t\t<img alt='author-avatar' src='https:\/\/secure.gravatar.com\/avatar\/d9902645d4f0dc4e775b40c07ea4aa2b26c68857eb71bad8a4f818e36fcb319a?s=18&#038;d=mm&#038;r=g' srcset='https:\/\/secure.gravatar.com\/avatar\/d9902645d4f0dc4e775b40c07ea4aa2b26c68857eb71bad8a4f818e36fcb319a?s=36&#038;d=mm&#038;r=g 2x' class='avatar avatar-18 photo' height='18' width='18' decoding='async'\/>\t\t\n\t\t\t\t\t<a href=\"https:\/\/oscarguedez.com\/author\/carlosvargasmcgmail-com\/\" class=\"author\" rel=\"author\">carlosvargasmc@gmail.com<\/a>\n\t\t\t\t\t\t\t\t\t<\/div>\n\t\t\t\t\t<div class=\"wd-modified-date\">\n\t\t\t\t\t\t\t\t<time class=\"updated\" datetime=\"2026-03-29T18:04:43+00:00\">\n\t\t\t29 de marzo de 2026\t\t<\/time>\n\t\t\t\t\t\t\t<\/div>\n\n\t\t\t\t\t\t\t\t\t\t\t<div class=\"wd-post-share wd-tltp\">\n\t\t\t\t\t\t\t<div class=\"tooltip top\">\n\t\t\t\t\t\t\t\t<div class=\"tooltip-inner\">\n\t\t\t\t\t\t\t\t\t\t\t\t<div\n\t\t\t\t\t\tclass=\" wd-social-icons wd-style-default wd-size-small social-share wd-shape-circle color-scheme-light text-center\">\n\t\t\t\t\n\t\t\t\t\n\t\t\t\t\t\t\t\t\t<a rel=\"noopener noreferrer nofollow\" href=\"https:\/\/www.facebook.com\/sharer\/sharer.php?u=https:\/\/oscarguedez.com\/primera-infancia-embarazadas-y-cambio-climatico-parte-1\/\" target=\"_blank\" class=\" wd-social-icon social-facebook\" aria-label=\"Facebook social link\">\n\t\t\t\t\t\t<span class=\"wd-icon\"><\/span>\n\t\t\t\t\t\t\t\t\t\t\t<\/a>\n\t\t\t\t\n\t\t\t\t\t\t\t\t\t<a rel=\"noopener noreferrer nofollow\" href=\"https:\/\/x.com\/share?url=https:\/\/oscarguedez.com\/primera-infancia-embarazadas-y-cambio-climatico-parte-1\/\" target=\"_blank\" class=\" wd-social-icon social-twitter\" aria-label=\"X social link\">\n\t\t\t\t\t\t<span class=\"wd-icon\"><\/span>\n\t\t\t\t\t\t\t\t\t\t\t<\/a>\n\t\t\t\t\n\t\t\t\t\n\t\t\t\t\n\t\t\t\t\n\t\t\t\t\n\t\t\t\t\n\t\t\t\t\t\t\t\t\t<a rel=\"noopener noreferrer nofollow\" href=\"https:\/\/pinterest.com\/pin\/create\/button\/?url=https:\/\/oscarguedez.com\/primera-infancia-embarazadas-y-cambio-climatico-parte-1\/&media=https:\/\/oscarguedez.com\/wp-content\/uploads\/2024\/06\/articulo_Primera-Infancia-embarazadas-y-cambio-climatico-Parte-1.jpg&description=Primera+Infancia%2C+embarazadas+y+cambio+clim%C3%A1tico+%28Parte+1%29\" target=\"_blank\" class=\" wd-social-icon social-pinterest\" aria-label=\"Pinterest social link\">\n\t\t\t\t\t\t<span class=\"wd-icon\"><\/span>\n\t\t\t\t\t\t\t\t\t\t\t<\/a>\n\t\t\t\t\n\t\t\t\t\n\t\t\t\t\t\t\t\t\t<a rel=\"noopener noreferrer nofollow\" href=\"https:\/\/www.linkedin.com\/shareArticle?mini=true&url=https:\/\/oscarguedez.com\/primera-infancia-embarazadas-y-cambio-climatico-parte-1\/\" target=\"_blank\" class=\" wd-social-icon social-linkedin\" aria-label=\"Linkedin social link\">\n\t\t\t\t\t\t<span class=\"wd-icon\"><\/span>\n\t\t\t\t\t\t\t\t\t\t\t<\/a>\n\t\t\t\t\n\t\t\t\t\n\t\t\t\t\n\t\t\t\t\n\t\t\t\t\n\t\t\t\t\n\t\t\t\t\n\t\t\t\t\n\t\t\t\t\n\t\t\t\t\n\t\t\t\t\n\t\t\t\t\n\t\t\t\t\n\t\t\t\t\n\t\t\t\t\n\t\t\t\t\t\t\t\t\t<a rel=\"noopener noreferrer nofollow\" href=\"https:\/\/telegram.me\/share\/url?url=https:\/\/oscarguedez.com\/primera-infancia-embarazadas-y-cambio-climatico-parte-1\/\" target=\"_blank\" class=\" wd-social-icon social-tg\" aria-label=\"Telegram social link\">\n\t\t\t\t\t\t<span class=\"wd-icon\"><\/span>\n\t\t\t\t\t\t\t\t\t\t\t<\/a>\n\t\t\t\t\n\t\t\t\t\n\t\t\t<\/div>\n\n\t\t\t\t\t\t\t\t\t\t<\/div>\n\t\t\t\t\t\t\t\t<div class=\"tooltip-arrow\"><\/div>\n\t\t\t\t\t\t\t<\/div>\n\t\t\t\t\t\t<\/div>\n\t\t\t\t\t\n\t\t\t\t\t\t\t\t\t\t\t\t\t\t\t\t\t<div class=\"wd-post-reply wd-style-1\">\n\t\t\t\t\t\t\t<a href=\"https:\/\/oscarguedez.com\/primera-infancia-embarazadas-y-cambio-climatico-parte-1\/#respond\"><span class=\"wd-replies-count\">0<\/span><\/a>\t\t\t\t\t\t<\/div>\n\t\t\t\t\t\t\t\t\t<\/div>\n\t\t\t\n\t\t\t\t\t\t\t\t\t\t\t\t<div class=\"wd-post-excerpt entry-content\">\n\t\t\t\t\t\tMucho se ha hablado acerca de los efectos del cambio clim\u00e1tico sobre los fen\u00f3menos naturales, la exposici\u00f3n de...\t\t\t\t\t<\/div>\n\t\t\t\t\n\t\t\t\t\t\t\t\t\t\t\t\t\t\t<div class=\"wd-post-read-more wd-style-link read-more-section\">\n\t\t\t\t\t\t<a class=\"\" href=\"https:\/\/oscarguedez.com\/primera-infancia-embarazadas-y-cambio-climatico-parte-1\/\">Seguir leyendo<\/a>\t\t\t\t\t<\/div>\n\t\t\t\t\t\t\t\t\t\t\t\t\t<\/div>\n\t<\/div>\n<\/article>\n\n\t\t\t\t\t\t\t\t\t\t\t\n<article id=\"post-29492\" class=\"wd-post blog-design-masonry blog-post-loop blog-style-flat wd-col post-29492 post type-post status-publish format-standard has-post-thumbnail hentry category-cambio_climatico tag-cambio-climatico tag-cumbre-del-clima tag-fondo-de-perdidas-y-danos\">\n\t<div class=\"wd-post-inner article-inner\">\n\t\t\t\t\t<div class=\"wd-post-thumb entry-header\">\n\t\t\t\t\t\t\t\t\t<div class=\"wd-post-img post-img-wrapp\">\n\t\t\t\t\t\t<img width=\"1000\" height=\"600\" src=\"https:\/\/oscarguedez.com\/wp-content\/uploads\/2023\/12\/articulo_Cumbre-del-clima-aprueba-Fondo-de-Perdidas-y-Danos.webp\" class=\"attachment-large size-large\" alt=\"\" decoding=\"async\" srcset=\"https:\/\/oscarguedez.com\/wp-content\/uploads\/2023\/12\/articulo_Cumbre-del-clima-aprueba-Fondo-de-Perdidas-y-Danos.webp 1000w, https:\/\/oscarguedez.com\/wp-content\/uploads\/2023\/12\/articulo_Cumbre-del-clima-aprueba-Fondo-de-Perdidas-y-Danos-400x240.webp 400w, https:\/\/oscarguedez.com\/wp-content\/uploads\/2023\/12\/articulo_Cumbre-del-clima-aprueba-Fondo-de-Perdidas-y-Danos-768x461.webp 768w, https:\/\/oscarguedez.com\/wp-content\/uploads\/2023\/12\/articulo_Cumbre-del-clima-aprueba-Fondo-de-Perdidas-y-Danos-430x258.webp 430w, https:\/\/oscarguedez.com\/wp-content\/uploads\/2023\/12\/articulo_Cumbre-del-clima-aprueba-Fondo-de-Perdidas-y-Danos-700x420.webp 700w, https:\/\/oscarguedez.com\/wp-content\/uploads\/2023\/12\/articulo_Cumbre-del-clima-aprueba-Fondo-de-Perdidas-y-Danos-150x90.webp 150w\" sizes=\"(max-width: 1000px) 100vw, 1000px\" \/>\t\t\t\t\t<\/div>\n\t\t\t\t\t<a class=\"wd-fill\" href=\"https:\/\/oscarguedez.com\/cumbre-del-clima-aprueba-fondo-de-perdidas-y-danos\/\"><\/a>\n\t\t\t\t\n\t\t\t\t\t\t\t\t\t\t\t\t<div class=\"wd-post-date wd-style-with-bg\">\n\t\t\t\t<span class=\"post-date-day\">\n\t\t\t\t\t01\t\t\t\t<\/span>\n\t\t\t\t<span class=\"post-date-month\">\n\t\t\t\t\tDic\t\t\t\t<\/span>\n\t\t\t<\/div>\n\t\t\t\t\t\t\t\t\t<\/div>\n\t\t\n\t\t<div class=\"wd-post-content article-body-container\">\n\t\t\t\t\t\t\t<div class=\"wd-post-cat wd-style-with-bg meta-post-categories\">\n\t\t\t\t\t<a href=\"https:\/\/oscarguedez.com\/category\/cambio_climatico\/\" rel=\"category tag\">Cambio Clim\u00e1tico<\/a>\t\t\t\t<\/div>\n\t\t\t\n\t\t\t\t\t\t\t<h3 class=\"wd-post-title wd-entities-title title post-title\">\n\t\t\t\t\t<a href=\"https:\/\/oscarguedez.com\/cumbre-del-clima-aprueba-fondo-de-perdidas-y-danos\/\" rel=\"bookmark\">Cumbre del clima aprueba Fondo de P\u00e9rdidas y Da\u00f1os<\/a>\n\t\t\t\t<\/h3>\n\t\t\t\n\t\t\t\t\t\t\t<div class=\"wd-post-meta\">\n\t\t\t\t\t\t\t\t\t\t\t\t\t\t\t<div class=\"wd-post-author\">\n\t\t\t\t\t\t\t\t\t\t\t<span>Publicado por<\/span>\n\t\t\n\t\t\t\t\t<img alt='author-avatar' src='https:\/\/secure.gravatar.com\/avatar\/d9902645d4f0dc4e775b40c07ea4aa2b26c68857eb71bad8a4f818e36fcb319a?s=18&#038;d=mm&#038;r=g' srcset='https:\/\/secure.gravatar.com\/avatar\/d9902645d4f0dc4e775b40c07ea4aa2b26c68857eb71bad8a4f818e36fcb319a?s=36&#038;d=mm&#038;r=g 2x' class='avatar avatar-18 photo' height='18' width='18' decoding='async'\/>\t\t\n\t\t\t\t\t<a href=\"https:\/\/oscarguedez.com\/author\/carlosvargasmcgmail-com\/\" class=\"author\" rel=\"author\">carlosvargasmc@gmail.com<\/a>\n\t\t\t\t\t\t\t\t\t<\/div>\n\t\t\t\t\t<div class=\"wd-modified-date\">\n\t\t\t\t\t\t\t\t<time class=\"updated\" datetime=\"2026-03-29T16:05:09+00:00\">\n\t\t\t29 de marzo de 2026\t\t<\/time>\n\t\t\t\t\t\t\t<\/div>\n\n\t\t\t\t\t\t\t\t\t\t\t<div class=\"wd-post-share wd-tltp\">\n\t\t\t\t\t\t\t<div class=\"tooltip top\">\n\t\t\t\t\t\t\t\t<div class=\"tooltip-inner\">\n\t\t\t\t\t\t\t\t\t\t\t\t<div\n\t\t\t\t\t\tclass=\" wd-social-icons wd-style-default wd-size-small social-share wd-shape-circle color-scheme-light text-center\">\n\t\t\t\t\n\t\t\t\t\n\t\t\t\t\t\t\t\t\t<a rel=\"noopener noreferrer nofollow\" href=\"https:\/\/www.facebook.com\/sharer\/sharer.php?u=https:\/\/oscarguedez.com\/cumbre-del-clima-aprueba-fondo-de-perdidas-y-danos\/\" target=\"_blank\" class=\" wd-social-icon social-facebook\" aria-label=\"Facebook social link\">\n\t\t\t\t\t\t<span class=\"wd-icon\"><\/span>\n\t\t\t\t\t\t\t\t\t\t\t<\/a>\n\t\t\t\t\n\t\t\t\t\t\t\t\t\t<a rel=\"noopener noreferrer nofollow\" href=\"https:\/\/x.com\/share?url=https:\/\/oscarguedez.com\/cumbre-del-clima-aprueba-fondo-de-perdidas-y-danos\/\" target=\"_blank\" class=\" wd-social-icon social-twitter\" aria-label=\"X social link\">\n\t\t\t\t\t\t<span class=\"wd-icon\"><\/span>\n\t\t\t\t\t\t\t\t\t\t\t<\/a>\n\t\t\t\t\n\t\t\t\t\n\t\t\t\t\n\t\t\t\t\n\t\t\t\t\n\t\t\t\t\n\t\t\t\t\t\t\t\t\t<a rel=\"noopener noreferrer nofollow\" href=\"https:\/\/pinterest.com\/pin\/create\/button\/?url=https:\/\/oscarguedez.com\/cumbre-del-clima-aprueba-fondo-de-perdidas-y-danos\/&media=https:\/\/oscarguedez.com\/wp-content\/uploads\/2023\/12\/articulo_Cumbre-del-clima-aprueba-Fondo-de-Perdidas-y-Danos.webp&description=Cumbre+del+clima+aprueba+Fondo+de+P%C3%A9rdidas+y+Da%C3%B1os\" target=\"_blank\" class=\" wd-social-icon social-pinterest\" aria-label=\"Pinterest social link\">\n\t\t\t\t\t\t<span class=\"wd-icon\"><\/span>\n\t\t\t\t\t\t\t\t\t\t\t<\/a>\n\t\t\t\t\n\t\t\t\t\n\t\t\t\t\t\t\t\t\t<a rel=\"noopener noreferrer nofollow\" href=\"https:\/\/www.linkedin.com\/shareArticle?mini=true&url=https:\/\/oscarguedez.com\/cumbre-del-clima-aprueba-fondo-de-perdidas-y-danos\/\" target=\"_blank\" class=\" wd-social-icon social-linkedin\" aria-label=\"Linkedin social link\">\n\t\t\t\t\t\t<span class=\"wd-icon\"><\/span>\n\t\t\t\t\t\t\t\t\t\t\t<\/a>\n\t\t\t\t\n\t\t\t\t\n\t\t\t\t\n\t\t\t\t\n\t\t\t\t\n\t\t\t\t\n\t\t\t\t\n\t\t\t\t\n\t\t\t\t\n\t\t\t\t\n\t\t\t\t\n\t\t\t\t\n\t\t\t\t\n\t\t\t\t\n\t\t\t\t\n\t\t\t\t\t\t\t\t\t<a rel=\"noopener noreferrer nofollow\" href=\"https:\/\/telegram.me\/share\/url?url=https:\/\/oscarguedez.com\/cumbre-del-clima-aprueba-fondo-de-perdidas-y-danos\/\" target=\"_blank\" class=\" wd-social-icon social-tg\" aria-label=\"Telegram social link\">\n\t\t\t\t\t\t<span class=\"wd-icon\"><\/span>\n\t\t\t\t\t\t\t\t\t\t\t<\/a>\n\t\t\t\t\n\t\t\t\t\n\t\t\t<\/div>\n\n\t\t\t\t\t\t\t\t\t\t<\/div>\n\t\t\t\t\t\t\t\t<div class=\"tooltip-arrow\"><\/div>\n\t\t\t\t\t\t\t<\/div>\n\t\t\t\t\t\t<\/div>\n\t\t\t\t\t\n\t\t\t\t\t\t\t\t\t\t\t\t\t\t\t\t\t<div class=\"wd-post-reply wd-style-1\">\n\t\t\t\t\t\t\t<a href=\"https:\/\/oscarguedez.com\/cumbre-del-clima-aprueba-fondo-de-perdidas-y-danos\/#respond\"><span class=\"wd-replies-count\">0<\/span><\/a>\t\t\t\t\t\t<\/div>\n\t\t\t\t\t\t\t\t\t<\/div>\n\t\t\t\n\t\t\t\t\t\t\t\t\t\t\t\t<div class=\"wd-post-excerpt entry-content\">\n\t\t\t\t\t\tDub\u00e1i.\u00a0La presidencia de la COP28 anot\u00f3 su primer gol de esta cumbre clim\u00e1tica, nada m\u00e1s iniciar oficialmente ...\t\t\t\t\t<\/div>\n\t\t\t\t\n\t\t\t\t\t\t\t\t\t\t\t\t\t\t<div class=\"wd-post-read-more wd-style-link read-more-section\">\n\t\t\t\t\t\t<a class=\"\" href=\"https:\/\/oscarguedez.com\/cumbre-del-clima-aprueba-fondo-de-perdidas-y-danos\/\">Seguir leyendo<\/a>\t\t\t\t\t<\/div>\n\t\t\t\t\t\t\t\t\t\t\t\t\t<\/div>\n\t<\/div>\n<\/article>\n\n\t\t\t\t\t\t\t\t\t\t\t\n<article id=\"post-29498\" class=\"wd-post blog-design-masonry blog-post-loop blog-style-flat wd-col post-29498 post type-post status-publish format-standard has-post-thumbnail hentry category-cambio_climatico tag-cambio-climatico tag-conferencia-por-el-equilibrio-del-mundo\">\n\t<div class=\"wd-post-inner article-inner\">\n\t\t\t\t\t<div class=\"wd-post-thumb entry-header\">\n\t\t\t\t\t\t\t\t\t<div class=\"wd-post-img post-img-wrapp\">\n\t\t\t\t\t\t<img width=\"1000\" height=\"500\" src=\"https:\/\/oscarguedez.com\/wp-content\/uploads\/2023\/02\/articulo_Cambio-climatico-en-centro-del-debate-en-V-Conferencia-por-el-Equilibrio-del-Mundo.webp\" class=\"attachment-large size-large\" alt=\"\" decoding=\"async\" srcset=\"https:\/\/oscarguedez.com\/wp-content\/uploads\/2023\/02\/articulo_Cambio-climatico-en-centro-del-debate-en-V-Conferencia-por-el-Equilibrio-del-Mundo.webp 1000w, https:\/\/oscarguedez.com\/wp-content\/uploads\/2023\/02\/articulo_Cambio-climatico-en-centro-del-debate-en-V-Conferencia-por-el-Equilibrio-del-Mundo-400x200.webp 400w, https:\/\/oscarguedez.com\/wp-content\/uploads\/2023\/02\/articulo_Cambio-climatico-en-centro-del-debate-en-V-Conferencia-por-el-Equilibrio-del-Mundo-768x384.webp 768w, https:\/\/oscarguedez.com\/wp-content\/uploads\/2023\/02\/articulo_Cambio-climatico-en-centro-del-debate-en-V-Conferencia-por-el-Equilibrio-del-Mundo-430x215.webp 430w, https:\/\/oscarguedez.com\/wp-content\/uploads\/2023\/02\/articulo_Cambio-climatico-en-centro-del-debate-en-V-Conferencia-por-el-Equilibrio-del-Mundo-700x350.webp 700w, https:\/\/oscarguedez.com\/wp-content\/uploads\/2023\/02\/articulo_Cambio-climatico-en-centro-del-debate-en-V-Conferencia-por-el-Equilibrio-del-Mundo-150x75.webp 150w\" sizes=\"(max-width: 1000px) 100vw, 1000px\" \/>\t\t\t\t\t<\/div>\n\t\t\t\t\t<a class=\"wd-fill\" href=\"https:\/\/oscarguedez.com\/cambio-climatico-en-centro-del-debate-en-v-conferencia-por-el-equilibrio-del-mundo\/\"><\/a>\n\t\t\t\t\n\t\t\t\t\t\t\t\t\t\t\t\t<div class=\"wd-post-date wd-style-with-bg\">\n\t\t\t\t<span class=\"post-date-day\">\n\t\t\t\t\t27\t\t\t\t<\/span>\n\t\t\t\t<span class=\"post-date-month\">\n\t\t\t\t\tFeb\t\t\t\t<\/span>\n\t\t\t<\/div>\n\t\t\t\t\t\t\t\t\t<\/div>\n\t\t\n\t\t<div class=\"wd-post-content article-body-container\">\n\t\t\t\t\t\t\t<div class=\"wd-post-cat wd-style-with-bg meta-post-categories\">\n\t\t\t\t\t<a href=\"https:\/\/oscarguedez.com\/category\/cambio_climatico\/\" rel=\"category tag\">Cambio Clim\u00e1tico<\/a>\t\t\t\t<\/div>\n\t\t\t\n\t\t\t\t\t\t\t<h3 class=\"wd-post-title wd-entities-title title post-title\">\n\t\t\t\t\t<a href=\"https:\/\/oscarguedez.com\/cambio-climatico-en-centro-del-debate-en-v-conferencia-por-el-equilibrio-del-mundo\/\" rel=\"bookmark\">Cambio clim\u00e1tico en centro del debate en V Conferencia por el Equilibrio del Mundo<\/a>\n\t\t\t\t<\/h3>\n\t\t\t\n\t\t\t\t\t\t\t<div class=\"wd-post-meta\">\n\t\t\t\t\t\t\t\t\t\t\t\t\t\t\t<div class=\"wd-post-author\">\n\t\t\t\t\t\t\t\t\t\t\t<span>Publicado por<\/span>\n\t\t\n\t\t\t\t\t<img alt='author-avatar' src='https:\/\/secure.gravatar.com\/avatar\/d9902645d4f0dc4e775b40c07ea4aa2b26c68857eb71bad8a4f818e36fcb319a?s=18&#038;d=mm&#038;r=g' srcset='https:\/\/secure.gravatar.com\/avatar\/d9902645d4f0dc4e775b40c07ea4aa2b26c68857eb71bad8a4f818e36fcb319a?s=36&#038;d=mm&#038;r=g 2x' class='avatar avatar-18 photo' height='18' width='18' decoding='async'\/>\t\t\n\t\t\t\t\t<a href=\"https:\/\/oscarguedez.com\/author\/carlosvargasmcgmail-com\/\" class=\"author\" rel=\"author\">carlosvargasmc@gmail.com<\/a>\n\t\t\t\t\t\t\t\t\t<\/div>\n\t\t\t\t\t<div class=\"wd-modified-date\">\n\t\t\t\t\t\t\t\t<time class=\"updated\" datetime=\"2026-03-29T16:10:04+00:00\">\n\t\t\t29 de marzo de 2026\t\t<\/time>\n\t\t\t\t\t\t\t<\/div>\n\n\t\t\t\t\t\t\t\t\t\t\t<div class=\"wd-post-share wd-tltp\">\n\t\t\t\t\t\t\t<div class=\"tooltip top\">\n\t\t\t\t\t\t\t\t<div class=\"tooltip-inner\">\n\t\t\t\t\t\t\t\t\t\t\t\t<div\n\t\t\t\t\t\tclass=\" wd-social-icons wd-style-default wd-size-small social-share wd-shape-circle color-scheme-light text-center\">\n\t\t\t\t\n\t\t\t\t\n\t\t\t\t\t\t\t\t\t<a rel=\"noopener noreferrer nofollow\" href=\"https:\/\/www.facebook.com\/sharer\/sharer.php?u=https:\/\/oscarguedez.com\/cambio-climatico-en-centro-del-debate-en-v-conferencia-por-el-equilibrio-del-mundo\/\" target=\"_blank\" class=\" wd-social-icon social-facebook\" aria-label=\"Facebook social link\">\n\t\t\t\t\t\t<span class=\"wd-icon\"><\/span>\n\t\t\t\t\t\t\t\t\t\t\t<\/a>\n\t\t\t\t\n\t\t\t\t\t\t\t\t\t<a rel=\"noopener noreferrer nofollow\" href=\"https:\/\/x.com\/share?url=https:\/\/oscarguedez.com\/cambio-climatico-en-centro-del-debate-en-v-conferencia-por-el-equilibrio-del-mundo\/\" target=\"_blank\" class=\" wd-social-icon social-twitter\" aria-label=\"X social link\">\n\t\t\t\t\t\t<span class=\"wd-icon\"><\/span>\n\t\t\t\t\t\t\t\t\t\t\t<\/a>\n\t\t\t\t\n\t\t\t\t\n\t\t\t\t\n\t\t\t\t\n\t\t\t\t\n\t\t\t\t\n\t\t\t\t\t\t\t\t\t<a rel=\"noopener noreferrer nofollow\" href=\"https:\/\/pinterest.com\/pin\/create\/button\/?url=https:\/\/oscarguedez.com\/cambio-climatico-en-centro-del-debate-en-v-conferencia-por-el-equilibrio-del-mundo\/&media=https:\/\/oscarguedez.com\/wp-content\/uploads\/2023\/02\/articulo_Cambio-climatico-en-centro-del-debate-en-V-Conferencia-por-el-Equilibrio-del-Mundo.webp&description=Cambio+clim%C3%A1tico+en+centro+del+debate+en+V+Conferencia+por+el+Equilibrio+del+Mundo\" target=\"_blank\" class=\" wd-social-icon social-pinterest\" aria-label=\"Pinterest social link\">\n\t\t\t\t\t\t<span class=\"wd-icon\"><\/span>\n\t\t\t\t\t\t\t\t\t\t\t<\/a>\n\t\t\t\t\n\t\t\t\t\n\t\t\t\t\t\t\t\t\t<a rel=\"noopener noreferrer nofollow\" href=\"https:\/\/www.linkedin.com\/shareArticle?mini=true&url=https:\/\/oscarguedez.com\/cambio-climatico-en-centro-del-debate-en-v-conferencia-por-el-equilibrio-del-mundo\/\" target=\"_blank\" class=\" wd-social-icon social-linkedin\" aria-label=\"Linkedin social link\">\n\t\t\t\t\t\t<span class=\"wd-icon\"><\/span>\n\t\t\t\t\t\t\t\t\t\t\t<\/a>\n\t\t\t\t\n\t\t\t\t\n\t\t\t\t\n\t\t\t\t\n\t\t\t\t\n\t\t\t\t\n\t\t\t\t\n\t\t\t\t\n\t\t\t\t\n\t\t\t\t\n\t\t\t\t\n\t\t\t\t\n\t\t\t\t\n\t\t\t\t\n\t\t\t\t\n\t\t\t\t\t\t\t\t\t<a rel=\"noopener noreferrer nofollow\" href=\"https:\/\/telegram.me\/share\/url?url=https:\/\/oscarguedez.com\/cambio-climatico-en-centro-del-debate-en-v-conferencia-por-el-equilibrio-del-mundo\/\" target=\"_blank\" class=\" wd-social-icon social-tg\" aria-label=\"Telegram social link\">\n\t\t\t\t\t\t<span class=\"wd-icon\"><\/span>\n\t\t\t\t\t\t\t\t\t\t\t<\/a>\n\t\t\t\t\n\t\t\t\t\n\t\t\t<\/div>\n\n\t\t\t\t\t\t\t\t\t\t<\/div>\n\t\t\t\t\t\t\t\t<div class=\"tooltip-arrow\"><\/div>\n\t\t\t\t\t\t\t<\/div>\n\t\t\t\t\t\t<\/div>\n\t\t\t\t\t\n\t\t\t\t\t\t\t\t\t\t\t\t\t\t\t\t\t<div class=\"wd-post-reply wd-style-1\">\n\t\t\t\t\t\t\t<a href=\"https:\/\/oscarguedez.com\/cambio-climatico-en-centro-del-debate-en-v-conferencia-por-el-equilibrio-del-mundo\/#respond\"><span class=\"wd-replies-count\">0<\/span><\/a>\t\t\t\t\t\t<\/div>\n\t\t\t\t\t\t\t\t\t<\/div>\n\t\t\t\n\t\t\t\t\t\t\t\t\t\t\t\t<div class=\"wd-post-excerpt entry-content\">\n\t\t\t\t\t\tEl evento, caracterizado por la diversidad de posturas pol\u00edticas, cont\u00f3 con la participaci\u00f3n de m\u00e1s demil dele...\t\t\t\t\t<\/div>\n\t\t\t\t\n\t\t\t\t\t\t\t\t\t\t\t\t\t\t<div class=\"wd-post-read-more wd-style-link read-more-section\">\n\t\t\t\t\t\t<a class=\"\" href=\"https:\/\/oscarguedez.com\/cambio-climatico-en-centro-del-debate-en-v-conferencia-por-el-equilibrio-del-mundo\/\">Seguir leyendo<\/a>\t\t\t\t\t<\/div>\n\t\t\t\t\t\t\t\t\t\t\t\t\t<\/div>\n\t<\/div>\n<\/article>\n\n\t\t\t\t\t\n\t\t\t\t\t","status":"have-posts","nextPage":"https:\/\/oscarguedez.com\/category\/cambio_climatico\/page\/3\/?woo_ajax=1","currentPage":"https:\/\/oscarguedez.com\/category\/cambio_climatico\/page\/2"}