
			
				

					
				

			
		{"items":"\n\t\t\t\t\t\t\t\t\t\t\t\t\t\t<link rel=\"stylesheet\" id=\"wd-post-types-mod-categories-style-bg-css\" href=\"https:\/\/oscarguedez.com\/wp-content\/themes\/woodmart\/css\/parts\/post-types-mod-categories-style-bg.min.css?ver=8.2.7\" type=\"text\/css\" media=\"all\" \/> \t\t\t\n<article id=\"post-29814\" class=\"wd-post blog-design-masonry blog-post-loop blog-style-flat wd-col post-29814 post type-post status-publish format-standard has-post-thumbnail hentry category-escritos category-geopolitica tag-china tag-donald-trump tag-eeuu tag-geopolitica tag-oscar-guedez\">\n\t<div class=\"wd-post-inner article-inner\">\n\t\t\t\t\t<div class=\"wd-post-thumb entry-header\">\n\t\t\t\t\t\t\t\t\t<div class=\"wd-post-img post-img-wrapp\">\n\t\t\t\t\t\t<img width=\"1200\" height=\"800\" src=\"https:\/\/oscarguedez.com\/wp-content\/uploads\/2026\/05\/Designer-3-1200x800.png\" class=\"attachment-large size-large\" alt=\"Todos los caminos llevan a China\" decoding=\"async\" srcset=\"https:\/\/oscarguedez.com\/wp-content\/uploads\/2026\/05\/Designer-3-1200x800.png 1200w, https:\/\/oscarguedez.com\/wp-content\/uploads\/2026\/05\/Designer-3-400x267.png 400w, https:\/\/oscarguedez.com\/wp-content\/uploads\/2026\/05\/Designer-3-768x512.png 768w, https:\/\/oscarguedez.com\/wp-content\/uploads\/2026\/05\/Designer-3-430x287.png 430w, https:\/\/oscarguedez.com\/wp-content\/uploads\/2026\/05\/Designer-3-700x467.png 700w, https:\/\/oscarguedez.com\/wp-content\/uploads\/2026\/05\/Designer-3-150x100.png 150w, https:\/\/oscarguedez.com\/wp-content\/uploads\/2026\/05\/Designer-3.png 1536w\" sizes=\"(max-width: 1200px) 100vw, 1200px\" \/>\t\t\t\t\t<\/div>\n\t\t\t\t\t<a class=\"wd-fill\" href=\"https:\/\/oscarguedez.com\/todos-los-caminos-llevan-a-china\/\"><\/a>\n\t\t\t\t\n\t\t\t\t\t\t\t\t\t\t\t\t<link rel=\"stylesheet\" id=\"wd-post-types-mod-date-style-bg-css\" href=\"https:\/\/oscarguedez.com\/wp-content\/themes\/woodmart\/css\/parts\/post-types-mod-date-style-bg.min.css?ver=8.2.7\" type=\"text\/css\" media=\"all\" \/> \t\t\t\t\t\t<div class=\"wd-post-date wd-style-with-bg\">\n\t\t\t\t<span class=\"post-date-day\">\n\t\t\t\t\t20\t\t\t\t<\/span>\n\t\t\t\t<span class=\"post-date-month\">\n\t\t\t\t\tMay\t\t\t\t<\/span>\n\t\t\t<\/div>\n\t\t\t\t\t\t\t\t\t<\/div>\n\t\t\n\t\t<div class=\"wd-post-content article-body-container\">\n\t\t\t\t\t\t\t<div class=\"wd-post-cat wd-style-with-bg meta-post-categories\">\n\t\t\t\t\t<a href=\"https:\/\/oscarguedez.com\/category\/escritos\/\" rel=\"category tag\">Escritos<\/a>, <a href=\"https:\/\/oscarguedez.com\/category\/geopolitica\/\" rel=\"category tag\">Geopol\u00edtica<\/a>\t\t\t\t<\/div>\n\t\t\t\n\t\t\t\t\t\t\t<h3 class=\"wd-post-title wd-entities-title title post-title\">\n\t\t\t\t\t<a href=\"https:\/\/oscarguedez.com\/todos-los-caminos-llevan-a-china\/\" rel=\"bookmark\">Todos los caminos llevan a China<\/a>\n\t\t\t\t<\/h3>\n\t\t\t\n\t\t\t\t\t\t\t<div class=\"wd-post-meta\">\n\t\t\t\t\t\t\t\t\t\t\t\t\t<link rel=\"stylesheet\" id=\"wd-blog-mod-author-css\" href=\"https:\/\/oscarguedez.com\/wp-content\/themes\/woodmart\/css\/parts\/blog-mod-author.min.css?ver=8.2.7\" type=\"text\/css\" media=\"all\" \/> \t\t\t\t\t\t\t\t<div class=\"wd-post-author\">\n\t\t\t\t\t\t\t\t\t\t\t<span>Publicado por<\/span>\n\t\t\n\t\t\t\t\t<img alt='author-avatar' src='https:\/\/secure.gravatar.com\/avatar\/2053f5776836c39147bedf73641df5989b8f0d5ec9a942d0d063171f54523d69?s=18&#038;d=mm&#038;r=g' srcset='https:\/\/secure.gravatar.com\/avatar\/2053f5776836c39147bedf73641df5989b8f0d5ec9a942d0d063171f54523d69?s=36&#038;d=mm&#038;r=g 2x' class='avatar avatar-18 photo' height='18' width='18' decoding='async'\/>\t\t\n\t\t\t\t\t<a href=\"https:\/\/oscarguedez.com\/author\/oscar-guedez\/\" class=\"author\" rel=\"author\">Oscar Guedez<\/a>\n\t\t\t\t\t\t\t\t\t<\/div>\n\t\t\t\t\t<div class=\"wd-modified-date\">\n\t\t\t\t\t\t\t\t<time class=\"updated\" datetime=\"2026-08-14T14:48:09+00:00\">\n\t\t\t14 de agosto de 2026\t\t<\/time>\n\t\t\t\t\t\t\t<\/div>\n\n\t\t\t\t\t\t\t\t\t\t\t<div class=\"wd-post-share wd-tltp\">\n\t\t\t\t\t\t\t<div class=\"tooltip top\">\n\t\t\t\t\t\t\t\t<div class=\"tooltip-inner\">\n\t\t\t\t\t\t\t\t\t\t\t\t<link rel=\"stylesheet\" id=\"wd-social-icons-css\" href=\"https:\/\/oscarguedez.com\/wp-content\/themes\/woodmart\/css\/parts\/el-social-icons.min.css?ver=8.2.7\" type=\"text\/css\" media=\"all\" \/> \t\t\t\t\t\t<div\n\t\t\t\t\t\tclass=\" wd-social-icons wd-style-default wd-size-small social-share wd-shape-circle color-scheme-light text-center\">\n\t\t\t\t\n\t\t\t\t\n\t\t\t\t\t\t\t\t\t<a rel=\"noopener noreferrer nofollow\" href=\"https:\/\/www.facebook.com\/sharer\/sharer.php?u=https:\/\/oscarguedez.com\/todos-los-caminos-llevan-a-china\/\" target=\"_blank\" class=\" wd-social-icon social-facebook\" aria-label=\"Facebook social link\">\n\t\t\t\t\t\t<span class=\"wd-icon\"><\/span>\n\t\t\t\t\t\t\t\t\t\t\t<\/a>\n\t\t\t\t\n\t\t\t\t\t\t\t\t\t<a rel=\"noopener noreferrer nofollow\" href=\"https:\/\/x.com\/share?url=https:\/\/oscarguedez.com\/todos-los-caminos-llevan-a-china\/\" target=\"_blank\" class=\" wd-social-icon social-twitter\" aria-label=\"X social link\">\n\t\t\t\t\t\t<span class=\"wd-icon\"><\/span>\n\t\t\t\t\t\t\t\t\t\t\t<\/a>\n\t\t\t\t\n\t\t\t\t\n\t\t\t\t\n\t\t\t\t\n\t\t\t\t\n\t\t\t\t\n\t\t\t\t\t\t\t\t\t<a rel=\"noopener noreferrer nofollow\" href=\"https:\/\/pinterest.com\/pin\/create\/button\/?url=https:\/\/oscarguedez.com\/todos-los-caminos-llevan-a-china\/&media=https:\/\/oscarguedez.com\/wp-content\/uploads\/2026\/05\/Designer-3.png&description=Todos+los+caminos+llevan+a+China\" target=\"_blank\" class=\" wd-social-icon social-pinterest\" aria-label=\"Pinterest social link\">\n\t\t\t\t\t\t<span class=\"wd-icon\"><\/span>\n\t\t\t\t\t\t\t\t\t\t\t<\/a>\n\t\t\t\t\n\t\t\t\t\n\t\t\t\t\t\t\t\t\t<a rel=\"noopener noreferrer nofollow\" href=\"https:\/\/www.linkedin.com\/shareArticle?mini=true&url=https:\/\/oscarguedez.com\/todos-los-caminos-llevan-a-china\/\" target=\"_blank\" class=\" wd-social-icon social-linkedin\" aria-label=\"Linkedin social link\">\n\t\t\t\t\t\t<span class=\"wd-icon\"><\/span>\n\t\t\t\t\t\t\t\t\t\t\t<\/a>\n\t\t\t\t\n\t\t\t\t\n\t\t\t\t\n\t\t\t\t\n\t\t\t\t\n\t\t\t\t\n\t\t\t\t\n\t\t\t\t\n\t\t\t\t\n\t\t\t\t\n\t\t\t\t\n\t\t\t\t\n\t\t\t\t\n\t\t\t\t\n\t\t\t\t\n\t\t\t\t\t\t\t\t\t<a rel=\"noopener noreferrer nofollow\" href=\"https:\/\/telegram.me\/share\/url?url=https:\/\/oscarguedez.com\/todos-los-caminos-llevan-a-china\/\" target=\"_blank\" class=\" wd-social-icon social-tg\" aria-label=\"Telegram social link\">\n\t\t\t\t\t\t<span class=\"wd-icon\"><\/span>\n\t\t\t\t\t\t\t\t\t\t\t<\/a>\n\t\t\t\t\n\t\t\t\t\n\t\t\t<\/div>\n\n\t\t\t\t\t\t\t\t\t\t<\/div>\n\t\t\t\t\t\t\t\t<div class=\"tooltip-arrow\"><\/div>\n\t\t\t\t\t\t\t<\/div>\n\t\t\t\t\t\t<\/div>\n\t\t\t\t\t\n\t\t\t\t\t\t\t\t\t\t\t\t\t\t<link rel=\"stylesheet\" id=\"wd-blog-mod-comments-button-css\" href=\"https:\/\/oscarguedez.com\/wp-content\/themes\/woodmart\/css\/parts\/blog-mod-comments-button.min.css?ver=8.2.7\" type=\"text\/css\" media=\"all\" \/> \t\t\t\t\t\t\t\t\t<div class=\"wd-post-reply wd-style-1\">\n\t\t\t\t\t\t\t<a href=\"https:\/\/oscarguedez.com\/todos-los-caminos-llevan-a-china\/#respond\"><span class=\"wd-replies-count\">0<\/span><\/a>\t\t\t\t\t\t<\/div>\n\t\t\t\t\t\t\t\t\t<\/div>\n\t\t\t\n\t\t\t\t\t\t\t\t\t\t\t\t<div class=\"wd-post-excerpt entry-content\">\n\t\t\t\t\t\tEl mundo observ\u00f3 esta semana algo que no ocurr\u00eda desde hace d\u00e9cadas, el presidente de Estados Unidos, la potencia hegem\u00f3nica global, viaj\u00f3 a visitar al l\u00edder de su principal rival estrat\u00e9gico, China, con toda la pompa...\t\t\t\t\t<\/div>\n\t\t\t\t\n\t\t\t\t\t\t\t\t\t\t\t\t\t\t<div class=\"wd-post-read-more wd-style-link read-more-section\">\n\t\t\t\t\t\t<a class=\"\" href=\"https:\/\/oscarguedez.com\/todos-los-caminos-llevan-a-china\/\">Seguir leyendo<\/a>\t\t\t\t\t<\/div>\n\t\t\t\t\t\t\t\t\t\t\t\t\t<\/div>\n\t<\/div>\n<\/article>\n\n\t\t\t\t\t\t\t\t\t\t\t\n<article id=\"post-29750\" class=\"wd-post blog-design-masonry blog-post-loop blog-style-flat wd-col post-29750 post type-post status-publish format-standard has-post-thumbnail hentry category-cambio_climatico category-escritos category-geopolitica tag-crisis-en-medio-oriente tag-donald-trump tag-eeuu tag-geopolitica tag-iran tag-iran-y-ee-uu tag-ormuz\">\n\t<div class=\"wd-post-inner article-inner\">\n\t\t\t\t\t<div class=\"wd-post-thumb entry-header\">\n\t\t\t\t\t\t\t\t\t<div class=\"wd-post-img post-img-wrapp\">\n\t\t\t\t\t\t<img width=\"1200\" height=\"800\" src=\"https:\/\/oscarguedez.com\/wp-content\/uploads\/2026\/04\/PORTADA-1200x800.png\" class=\"attachment-large size-large\" alt=\"El mundo busca ox\u00edgeno energ\u00e9tico ante el cierre de Ormuz\" decoding=\"async\" srcset=\"https:\/\/oscarguedez.com\/wp-content\/uploads\/2026\/04\/PORTADA-1200x800.png 1200w, https:\/\/oscarguedez.com\/wp-content\/uploads\/2026\/04\/PORTADA-400x267.png 400w, https:\/\/oscarguedez.com\/wp-content\/uploads\/2026\/04\/PORTADA-768x512.png 768w, https:\/\/oscarguedez.com\/wp-content\/uploads\/2026\/04\/PORTADA-430x287.png 430w, https:\/\/oscarguedez.com\/wp-content\/uploads\/2026\/04\/PORTADA-700x467.png 700w, https:\/\/oscarguedez.com\/wp-content\/uploads\/2026\/04\/PORTADA-150x100.png 150w, https:\/\/oscarguedez.com\/wp-content\/uploads\/2026\/04\/PORTADA.png 1536w\" sizes=\"(max-width: 1200px) 100vw, 1200px\" \/>\t\t\t\t\t<\/div>\n\t\t\t\t\t<a class=\"wd-fill\" href=\"https:\/\/oscarguedez.com\/el-mundo-busca-oxigeno-energetico-ante-el-cierre-de-ormuz-2\/\"><\/a>\n\t\t\t\t\n\t\t\t\t\t\t\t\t\t\t\t\t<div class=\"wd-post-date wd-style-with-bg\">\n\t\t\t\t<span class=\"post-date-day\">\n\t\t\t\t\t08\t\t\t\t<\/span>\n\t\t\t\t<span class=\"post-date-month\">\n\t\t\t\t\tAbr\t\t\t\t<\/span>\n\t\t\t<\/div>\n\t\t\t\t\t\t\t\t\t<\/div>\n\t\t\n\t\t<div class=\"wd-post-content article-body-container\">\n\t\t\t\t\t\t\t<div class=\"wd-post-cat wd-style-with-bg meta-post-categories\">\n\t\t\t\t\t<a href=\"https:\/\/oscarguedez.com\/category\/cambio_climatico\/\" rel=\"category tag\">Cambio Clim\u00e1tico<\/a>, <a href=\"https:\/\/oscarguedez.com\/category\/escritos\/\" rel=\"category tag\">Escritos<\/a>, <a href=\"https:\/\/oscarguedez.com\/category\/geopolitica\/\" rel=\"category tag\">Geopol\u00edtica<\/a>\t\t\t\t<\/div>\n\t\t\t\n\t\t\t\t\t\t\t<h3 class=\"wd-post-title wd-entities-title title post-title\">\n\t\t\t\t\t<a href=\"https:\/\/oscarguedez.com\/el-mundo-busca-oxigeno-energetico-ante-el-cierre-de-ormuz-2\/\" rel=\"bookmark\">El mundo busca ox\u00edgeno energ\u00e9tico ante el cierre de Ormuz<\/a>\n\t\t\t\t<\/h3>\n\t\t\t\n\t\t\t\t\t\t\t<div class=\"wd-post-meta\">\n\t\t\t\t\t\t\t\t\t\t\t\t\t\t\t<div class=\"wd-post-author\">\n\t\t\t\t\t\t\t\t\t\t\t<span>Publicado por<\/span>\n\t\t\n\t\t\t\t\t<img alt='author-avatar' src='https:\/\/secure.gravatar.com\/avatar\/2053f5776836c39147bedf73641df5989b8f0d5ec9a942d0d063171f54523d69?s=18&#038;d=mm&#038;r=g' srcset='https:\/\/secure.gravatar.com\/avatar\/2053f5776836c39147bedf73641df5989b8f0d5ec9a942d0d063171f54523d69?s=36&#038;d=mm&#038;r=g 2x' class='avatar avatar-18 photo' height='18' width='18' decoding='async'\/>\t\t\n\t\t\t\t\t<a href=\"https:\/\/oscarguedez.com\/author\/oscar-guedez\/\" class=\"author\" rel=\"author\">Oscar Guedez<\/a>\n\t\t\t\t\t\t\t\t\t<\/div>\n\t\t\t\t\t<div class=\"wd-modified-date\">\n\t\t\t\t\t\t\t\t<time class=\"updated\" datetime=\"2026-08-06T19:04:51+00:00\">\n\t\t\t6 de agosto de 2026\t\t<\/time>\n\t\t\t\t\t\t\t<\/div>\n\n\t\t\t\t\t\t\t\t\t\t\t<div class=\"wd-post-share wd-tltp\">\n\t\t\t\t\t\t\t<div class=\"tooltip top\">\n\t\t\t\t\t\t\t\t<div class=\"tooltip-inner\">\n\t\t\t\t\t\t\t\t\t\t\t\t<div\n\t\t\t\t\t\tclass=\" wd-social-icons wd-style-default wd-size-small social-share wd-shape-circle color-scheme-light text-center\">\n\t\t\t\t\n\t\t\t\t\n\t\t\t\t\t\t\t\t\t<a rel=\"noopener noreferrer nofollow\" href=\"https:\/\/www.facebook.com\/sharer\/sharer.php?u=https:\/\/oscarguedez.com\/el-mundo-busca-oxigeno-energetico-ante-el-cierre-de-ormuz-2\/\" target=\"_blank\" class=\" wd-social-icon social-facebook\" aria-label=\"Facebook social link\">\n\t\t\t\t\t\t<span class=\"wd-icon\"><\/span>\n\t\t\t\t\t\t\t\t\t\t\t<\/a>\n\t\t\t\t\n\t\t\t\t\t\t\t\t\t<a rel=\"noopener noreferrer nofollow\" href=\"https:\/\/x.com\/share?url=https:\/\/oscarguedez.com\/el-mundo-busca-oxigeno-energetico-ante-el-cierre-de-ormuz-2\/\" target=\"_blank\" class=\" wd-social-icon social-twitter\" aria-label=\"X social link\">\n\t\t\t\t\t\t<span class=\"wd-icon\"><\/span>\n\t\t\t\t\t\t\t\t\t\t\t<\/a>\n\t\t\t\t\n\t\t\t\t\n\t\t\t\t\n\t\t\t\t\n\t\t\t\t\n\t\t\t\t\n\t\t\t\t\t\t\t\t\t<a rel=\"noopener noreferrer nofollow\" href=\"https:\/\/pinterest.com\/pin\/create\/button\/?url=https:\/\/oscarguedez.com\/el-mundo-busca-oxigeno-energetico-ante-el-cierre-de-ormuz-2\/&media=https:\/\/oscarguedez.com\/wp-content\/uploads\/2026\/04\/PORTADA.png&description=El+mundo+busca+ox%C3%ADgeno+energ%C3%A9tico+ante+el+cierre+de+Ormuz\" target=\"_blank\" class=\" wd-social-icon social-pinterest\" aria-label=\"Pinterest social link\">\n\t\t\t\t\t\t<span class=\"wd-icon\"><\/span>\n\t\t\t\t\t\t\t\t\t\t\t<\/a>\n\t\t\t\t\n\t\t\t\t\n\t\t\t\t\t\t\t\t\t<a rel=\"noopener noreferrer nofollow\" href=\"https:\/\/www.linkedin.com\/shareArticle?mini=true&url=https:\/\/oscarguedez.com\/el-mundo-busca-oxigeno-energetico-ante-el-cierre-de-ormuz-2\/\" target=\"_blank\" class=\" wd-social-icon social-linkedin\" aria-label=\"Linkedin social link\">\n\t\t\t\t\t\t<span class=\"wd-icon\"><\/span>\n\t\t\t\t\t\t\t\t\t\t\t<\/a>\n\t\t\t\t\n\t\t\t\t\n\t\t\t\t\n\t\t\t\t\n\t\t\t\t\n\t\t\t\t\n\t\t\t\t\n\t\t\t\t\n\t\t\t\t\n\t\t\t\t\n\t\t\t\t\n\t\t\t\t\n\t\t\t\t\n\t\t\t\t\n\t\t\t\t\n\t\t\t\t\t\t\t\t\t<a rel=\"noopener noreferrer nofollow\" href=\"https:\/\/telegram.me\/share\/url?url=https:\/\/oscarguedez.com\/el-mundo-busca-oxigeno-energetico-ante-el-cierre-de-ormuz-2\/\" target=\"_blank\" class=\" wd-social-icon social-tg\" aria-label=\"Telegram social link\">\n\t\t\t\t\t\t<span class=\"wd-icon\"><\/span>\n\t\t\t\t\t\t\t\t\t\t\t<\/a>\n\t\t\t\t\n\t\t\t\t\n\t\t\t<\/div>\n\n\t\t\t\t\t\t\t\t\t\t<\/div>\n\t\t\t\t\t\t\t\t<div class=\"tooltip-arrow\"><\/div>\n\t\t\t\t\t\t\t<\/div>\n\t\t\t\t\t\t<\/div>\n\t\t\t\t\t\n\t\t\t\t\t\t\t\t\t\t\t\t\t\t\t\t\t<div class=\"wd-post-reply wd-style-1\">\n\t\t\t\t\t\t\t<a href=\"https:\/\/oscarguedez.com\/el-mundo-busca-oxigeno-energetico-ante-el-cierre-de-ormuz-2\/#respond\"><span class=\"wd-replies-count\">0<\/span><\/a>\t\t\t\t\t\t<\/div>\n\t\t\t\t\t\t\t\t\t<\/div>\n\t\t\t\n\t\t\t\t\t\t\t\t\t\t\t\t<div class=\"wd-post-excerpt entry-content\">\n\t\t\t\t\t\tLos ataques estadounidenses e israel\u00edes contra Ir\u00e1n del 28 de febrero est\u00e1n cambiando el funcionamiento econ\u00f3m...\t\t\t\t\t<\/div>\n\t\t\t\t\n\t\t\t\t\t\t\t\t\t\t\t\t\t\t<div class=\"wd-post-read-more wd-style-link read-more-section\">\n\t\t\t\t\t\t<a class=\"\" href=\"https:\/\/oscarguedez.com\/el-mundo-busca-oxigeno-energetico-ante-el-cierre-de-ormuz-2\/\">Seguir leyendo<\/a>\t\t\t\t\t<\/div>\n\t\t\t\t\t\t\t\t\t\t\t\t\t<\/div>\n\t<\/div>\n<\/article>\n\n\t\t\t\t\t\t\t\t\t\t\t\n<article id=\"post-29339\" class=\"wd-post blog-design-masonry blog-post-loop blog-style-flat wd-col post-29339 post type-post status-publish format-standard has-post-thumbnail hentry category-escritos category-geopolitica tag-crisis-en-medio-oriente tag-donald-trump tag-eeuu tag-geopolitica tag-iran-y-ee-uu tag-oscar-guedez\">\n\t<div class=\"wd-post-inner article-inner\">\n\t\t\t\t\t<div class=\"wd-post-thumb entry-header\">\n\t\t\t\t\t\t\t\t\t<div class=\"wd-post-img post-img-wrapp\">\n\t\t\t\t\t\t<img width=\"1024\" height=\"572\" src=\"https:\/\/oscarguedez.com\/wp-content\/uploads\/2026\/03\/articulo_Queremos-creer.jpg\" class=\"attachment-large size-large\" alt=\"Queremos creer Guerra Estados Unidos Ir\u00e1n e Israel mercados petr\u00f3leo\" decoding=\"async\" srcset=\"https:\/\/oscarguedez.com\/wp-content\/uploads\/2026\/03\/articulo_Queremos-creer.jpg 1024w, https:\/\/oscarguedez.com\/wp-content\/uploads\/2026\/03\/articulo_Queremos-creer-400x223.jpg 400w, https:\/\/oscarguedez.com\/wp-content\/uploads\/2026\/03\/articulo_Queremos-creer-768x429.jpg 768w, https:\/\/oscarguedez.com\/wp-content\/uploads\/2026\/03\/articulo_Queremos-creer-430x240.jpg 430w, https:\/\/oscarguedez.com\/wp-content\/uploads\/2026\/03\/articulo_Queremos-creer-700x391.jpg 700w, https:\/\/oscarguedez.com\/wp-content\/uploads\/2026\/03\/articulo_Queremos-creer-150x84.jpg 150w\" sizes=\"(max-width: 1024px) 100vw, 1024px\" \/>\t\t\t\t\t<\/div>\n\t\t\t\t\t<a class=\"wd-fill\" href=\"https:\/\/oscarguedez.com\/queremos-creer\/\"><\/a>\n\t\t\t\t\n\t\t\t\t\t\t\t\t\t\t\t\t<div class=\"wd-post-date wd-style-with-bg\">\n\t\t\t\t<span class=\"post-date-day\">\n\t\t\t\t\t26\t\t\t\t<\/span>\n\t\t\t\t<span class=\"post-date-month\">\n\t\t\t\t\tMar\t\t\t\t<\/span>\n\t\t\t<\/div>\n\t\t\t\t\t\t\t\t\t<\/div>\n\t\t\n\t\t<div class=\"wd-post-content article-body-container\">\n\t\t\t\t\t\t\t<div class=\"wd-post-cat wd-style-with-bg meta-post-categories\">\n\t\t\t\t\t<a href=\"https:\/\/oscarguedez.com\/category\/escritos\/\" rel=\"category tag\">Escritos<\/a>, <a href=\"https:\/\/oscarguedez.com\/category\/geopolitica\/\" rel=\"category tag\">Geopol\u00edtica<\/a>\t\t\t\t<\/div>\n\t\t\t\n\t\t\t\t\t\t\t<h3 class=\"wd-post-title wd-entities-title title post-title\">\n\t\t\t\t\t<a href=\"https:\/\/oscarguedez.com\/queremos-creer\/\" rel=\"bookmark\">Queremos creer<\/a>\n\t\t\t\t<\/h3>\n\t\t\t\n\t\t\t\t\t\t\t<div class=\"wd-post-meta\">\n\t\t\t\t\t\t\t\t\t\t\t\t\t\t\t<div class=\"wd-post-author\">\n\t\t\t\t\t\t\t\t\t\t\t<span>Publicado por<\/span>\n\t\t\n\t\t\t\t\t<img alt='author-avatar' src='https:\/\/secure.gravatar.com\/avatar\/2053f5776836c39147bedf73641df5989b8f0d5ec9a942d0d063171f54523d69?s=18&#038;d=mm&#038;r=g' srcset='https:\/\/secure.gravatar.com\/avatar\/2053f5776836c39147bedf73641df5989b8f0d5ec9a942d0d063171f54523d69?s=36&#038;d=mm&#038;r=g 2x' class='avatar avatar-18 photo' height='18' width='18' decoding='async'\/>\t\t\n\t\t\t\t\t<a href=\"https:\/\/oscarguedez.com\/author\/oscar-guedez\/\" class=\"author\" rel=\"author\">Oscar Guedez<\/a>\n\t\t\t\t\t\t\t\t\t<\/div>\n\t\t\t\t\t<div class=\"wd-modified-date\">\n\t\t\t\t\t\t\t\t<time class=\"updated\" datetime=\"2026-08-14T15:00:47+00:00\">\n\t\t\t14 de agosto de 2026\t\t<\/time>\n\t\t\t\t\t\t\t<\/div>\n\n\t\t\t\t\t\t\t\t\t\t\t<div class=\"wd-post-share wd-tltp\">\n\t\t\t\t\t\t\t<div class=\"tooltip top\">\n\t\t\t\t\t\t\t\t<div class=\"tooltip-inner\">\n\t\t\t\t\t\t\t\t\t\t\t\t<div\n\t\t\t\t\t\tclass=\" wd-social-icons wd-style-default wd-size-small social-share wd-shape-circle color-scheme-light text-center\">\n\t\t\t\t\n\t\t\t\t\n\t\t\t\t\t\t\t\t\t<a rel=\"noopener noreferrer nofollow\" href=\"https:\/\/www.facebook.com\/sharer\/sharer.php?u=https:\/\/oscarguedez.com\/queremos-creer\/\" target=\"_blank\" class=\" wd-social-icon social-facebook\" aria-label=\"Facebook social link\">\n\t\t\t\t\t\t<span class=\"wd-icon\"><\/span>\n\t\t\t\t\t\t\t\t\t\t\t<\/a>\n\t\t\t\t\n\t\t\t\t\t\t\t\t\t<a rel=\"noopener noreferrer nofollow\" href=\"https:\/\/x.com\/share?url=https:\/\/oscarguedez.com\/queremos-creer\/\" target=\"_blank\" class=\" wd-social-icon social-twitter\" aria-label=\"X social link\">\n\t\t\t\t\t\t<span class=\"wd-icon\"><\/span>\n\t\t\t\t\t\t\t\t\t\t\t<\/a>\n\t\t\t\t\n\t\t\t\t\n\t\t\t\t\n\t\t\t\t\n\t\t\t\t\n\t\t\t\t\n\t\t\t\t\t\t\t\t\t<a rel=\"noopener noreferrer nofollow\" href=\"https:\/\/pinterest.com\/pin\/create\/button\/?url=https:\/\/oscarguedez.com\/queremos-creer\/&media=https:\/\/oscarguedez.com\/wp-content\/uploads\/2026\/03\/articulo_Queremos-creer.jpg&description=Queremos+creer\" target=\"_blank\" class=\" wd-social-icon social-pinterest\" aria-label=\"Pinterest social link\">\n\t\t\t\t\t\t<span class=\"wd-icon\"><\/span>\n\t\t\t\t\t\t\t\t\t\t\t<\/a>\n\t\t\t\t\n\t\t\t\t\n\t\t\t\t\t\t\t\t\t<a rel=\"noopener noreferrer nofollow\" href=\"https:\/\/www.linkedin.com\/shareArticle?mini=true&url=https:\/\/oscarguedez.com\/queremos-creer\/\" target=\"_blank\" class=\" wd-social-icon social-linkedin\" aria-label=\"Linkedin social link\">\n\t\t\t\t\t\t<span class=\"wd-icon\"><\/span>\n\t\t\t\t\t\t\t\t\t\t\t<\/a>\n\t\t\t\t\n\t\t\t\t\n\t\t\t\t\n\t\t\t\t\n\t\t\t\t\n\t\t\t\t\n\t\t\t\t\n\t\t\t\t\n\t\t\t\t\n\t\t\t\t\n\t\t\t\t\n\t\t\t\t\n\t\t\t\t\n\t\t\t\t\n\t\t\t\t\n\t\t\t\t\t\t\t\t\t<a rel=\"noopener noreferrer nofollow\" href=\"https:\/\/telegram.me\/share\/url?url=https:\/\/oscarguedez.com\/queremos-creer\/\" target=\"_blank\" class=\" wd-social-icon social-tg\" aria-label=\"Telegram social link\">\n\t\t\t\t\t\t<span class=\"wd-icon\"><\/span>\n\t\t\t\t\t\t\t\t\t\t\t<\/a>\n\t\t\t\t\n\t\t\t\t\n\t\t\t<\/div>\n\n\t\t\t\t\t\t\t\t\t\t<\/div>\n\t\t\t\t\t\t\t\t<div class=\"tooltip-arrow\"><\/div>\n\t\t\t\t\t\t\t<\/div>\n\t\t\t\t\t\t<\/div>\n\t\t\t\t\t\n\t\t\t\t\t\t\t\t\t\t\t\t\t\t\t\t\t<div class=\"wd-post-reply wd-style-1\">\n\t\t\t\t\t\t\t<a href=\"https:\/\/oscarguedez.com\/queremos-creer\/#respond\"><span class=\"wd-replies-count\">0<\/span><\/a>\t\t\t\t\t\t<\/div>\n\t\t\t\t\t\t\t\t\t<\/div>\n\t\t\t\n\t\t\t\t\t\t\t\t\t\t\t\t<div class=\"wd-post-excerpt entry-content\">\n\t\t\t\t\t\tDescargar Art\u00edculo\n\n\t\t\t\t\t\t\t\t \tMientras los l\u00edderes pol\u00edticos de Estados Unidos, Ir\u00e1n e Israel intercambian ame...\t\t\t\t\t<\/div>\n\t\t\t\t\n\t\t\t\t\t\t\t\t\t\t\t\t\t\t<div class=\"wd-post-read-more wd-style-link read-more-section\">\n\t\t\t\t\t\t<a class=\"\" href=\"https:\/\/oscarguedez.com\/queremos-creer\/\">Seguir leyendo<\/a>\t\t\t\t\t<\/div>\n\t\t\t\t\t\t\t\t\t\t\t\t\t<\/div>\n\t<\/div>\n<\/article>\n\n\t\t\t\t\t\t\t\t\t\t\t\n<article id=\"post-29535\" class=\"wd-post blog-design-masonry blog-post-loop blog-style-flat wd-col post-29535 post type-post status-publish format-standard has-post-thumbnail hentry category-escritos category-geopolitica tag-brics tag-china tag-donald-trump tag-eeuu tag-geopolitica tag-oscar-guedez\">\n\t<div class=\"wd-post-inner article-inner\">\n\t\t\t\t\t<div class=\"wd-post-thumb entry-header\">\n\t\t\t\t\t\t\t\t\t<div class=\"wd-post-img post-img-wrapp\">\n\t\t\t\t\t\t<img width=\"1300\" height=\"731\" src=\"https:\/\/oscarguedez.com\/wp-content\/uploads\/2026\/03\/articulo_El-mundo-ante-un-cambio-de-orden-1300x731.webp\" class=\"attachment-large size-large\" alt=\"El mundo ante un cambio de orden geopol\u00edtica EEUU\" decoding=\"async\" srcset=\"https:\/\/oscarguedez.com\/wp-content\/uploads\/2026\/03\/articulo_El-mundo-ante-un-cambio-de-orden-1300x731.webp 1300w, https:\/\/oscarguedez.com\/wp-content\/uploads\/2026\/03\/articulo_El-mundo-ante-un-cambio-de-orden-400x225.webp 400w, https:\/\/oscarguedez.com\/wp-content\/uploads\/2026\/03\/articulo_El-mundo-ante-un-cambio-de-orden-768x432.webp 768w, https:\/\/oscarguedez.com\/wp-content\/uploads\/2026\/03\/articulo_El-mundo-ante-un-cambio-de-orden-1536x864.webp 1536w, https:\/\/oscarguedez.com\/wp-content\/uploads\/2026\/03\/articulo_El-mundo-ante-un-cambio-de-orden-430x242.webp 430w, https:\/\/oscarguedez.com\/wp-content\/uploads\/2026\/03\/articulo_El-mundo-ante-un-cambio-de-orden-700x394.webp 700w, https:\/\/oscarguedez.com\/wp-content\/uploads\/2026\/03\/articulo_El-mundo-ante-un-cambio-de-orden-150x84.webp 150w, https:\/\/oscarguedez.com\/wp-content\/uploads\/2026\/03\/articulo_El-mundo-ante-un-cambio-de-orden.webp 1920w\" sizes=\"(max-width: 1300px) 100vw, 1300px\" \/>\t\t\t\t\t<\/div>\n\t\t\t\t\t<a class=\"wd-fill\" href=\"https:\/\/oscarguedez.com\/el-mundo-ante-un-cambio-de-orden-2\/\"><\/a>\n\t\t\t\t\n\t\t\t\t\t\t\t\t\t\t\t\t<div class=\"wd-post-date wd-style-with-bg\">\n\t\t\t\t<span class=\"post-date-day\">\n\t\t\t\t\t20\t\t\t\t<\/span>\n\t\t\t\t<span class=\"post-date-month\">\n\t\t\t\t\tFeb\t\t\t\t<\/span>\n\t\t\t<\/div>\n\t\t\t\t\t\t\t\t\t<\/div>\n\t\t\n\t\t<div class=\"wd-post-content article-body-container\">\n\t\t\t\t\t\t\t<div class=\"wd-post-cat wd-style-with-bg meta-post-categories\">\n\t\t\t\t\t<a href=\"https:\/\/oscarguedez.com\/category\/escritos\/\" rel=\"category tag\">Escritos<\/a>, <a href=\"https:\/\/oscarguedez.com\/category\/geopolitica\/\" rel=\"category tag\">Geopol\u00edtica<\/a>\t\t\t\t<\/div>\n\t\t\t\n\t\t\t\t\t\t\t<h3 class=\"wd-post-title wd-entities-title title post-title\">\n\t\t\t\t\t<a href=\"https:\/\/oscarguedez.com\/el-mundo-ante-un-cambio-de-orden-2\/\" rel=\"bookmark\">El mundo ante un cambio de orden<\/a>\n\t\t\t\t<\/h3>\n\t\t\t\n\t\t\t\t\t\t\t<div class=\"wd-post-meta\">\n\t\t\t\t\t\t\t\t\t\t\t\t\t\t\t<div class=\"wd-post-author\">\n\t\t\t\t\t\t\t\t\t\t\t<span>Publicado por<\/span>\n\t\t\n\t\t\t\t\t<img alt='author-avatar' src='https:\/\/secure.gravatar.com\/avatar\/2053f5776836c39147bedf73641df5989b8f0d5ec9a942d0d063171f54523d69?s=18&#038;d=mm&#038;r=g' srcset='https:\/\/secure.gravatar.com\/avatar\/2053f5776836c39147bedf73641df5989b8f0d5ec9a942d0d063171f54523d69?s=36&#038;d=mm&#038;r=g 2x' class='avatar avatar-18 photo' height='18' width='18' decoding='async'\/>\t\t\n\t\t\t\t\t<a href=\"https:\/\/oscarguedez.com\/author\/oscar-guedez\/\" class=\"author\" rel=\"author\">Oscar Guedez<\/a>\n\t\t\t\t\t\t\t\t\t<\/div>\n\t\t\t\t\t<div class=\"wd-modified-date\">\n\t\t\t\t\t\t\t\t<time class=\"updated\" datetime=\"2026-08-12T18:54:12+00:00\">\n\t\t\t12 de agosto de 2026\t\t<\/time>\n\t\t\t\t\t\t\t<\/div>\n\n\t\t\t\t\t\t\t\t\t\t\t<div class=\"wd-post-share wd-tltp\">\n\t\t\t\t\t\t\t<div class=\"tooltip top\">\n\t\t\t\t\t\t\t\t<div class=\"tooltip-inner\">\n\t\t\t\t\t\t\t\t\t\t\t\t<div\n\t\t\t\t\t\tclass=\" wd-social-icons wd-style-default wd-size-small social-share wd-shape-circle color-scheme-light text-center\">\n\t\t\t\t\n\t\t\t\t\n\t\t\t\t\t\t\t\t\t<a rel=\"noopener noreferrer nofollow\" href=\"https:\/\/www.facebook.com\/sharer\/sharer.php?u=https:\/\/oscarguedez.com\/el-mundo-ante-un-cambio-de-orden-2\/\" target=\"_blank\" class=\" wd-social-icon social-facebook\" aria-label=\"Facebook social link\">\n\t\t\t\t\t\t<span class=\"wd-icon\"><\/span>\n\t\t\t\t\t\t\t\t\t\t\t<\/a>\n\t\t\t\t\n\t\t\t\t\t\t\t\t\t<a rel=\"noopener noreferrer nofollow\" href=\"https:\/\/x.com\/share?url=https:\/\/oscarguedez.com\/el-mundo-ante-un-cambio-de-orden-2\/\" target=\"_blank\" class=\" wd-social-icon social-twitter\" aria-label=\"X social link\">\n\t\t\t\t\t\t<span class=\"wd-icon\"><\/span>\n\t\t\t\t\t\t\t\t\t\t\t<\/a>\n\t\t\t\t\n\t\t\t\t\n\t\t\t\t\n\t\t\t\t\n\t\t\t\t\n\t\t\t\t\n\t\t\t\t\t\t\t\t\t<a rel=\"noopener noreferrer nofollow\" href=\"https:\/\/pinterest.com\/pin\/create\/button\/?url=https:\/\/oscarguedez.com\/el-mundo-ante-un-cambio-de-orden-2\/&media=https:\/\/oscarguedez.com\/wp-content\/uploads\/2026\/03\/articulo_El-mundo-ante-un-cambio-de-orden.webp&description=El+mundo+ante+un+cambio+de+orden\" target=\"_blank\" class=\" wd-social-icon social-pinterest\" aria-label=\"Pinterest social link\">\n\t\t\t\t\t\t<span class=\"wd-icon\"><\/span>\n\t\t\t\t\t\t\t\t\t\t\t<\/a>\n\t\t\t\t\n\t\t\t\t\n\t\t\t\t\t\t\t\t\t<a rel=\"noopener noreferrer nofollow\" href=\"https:\/\/www.linkedin.com\/shareArticle?mini=true&url=https:\/\/oscarguedez.com\/el-mundo-ante-un-cambio-de-orden-2\/\" target=\"_blank\" class=\" wd-social-icon social-linkedin\" aria-label=\"Linkedin social link\">\n\t\t\t\t\t\t<span class=\"wd-icon\"><\/span>\n\t\t\t\t\t\t\t\t\t\t\t<\/a>\n\t\t\t\t\n\t\t\t\t\n\t\t\t\t\n\t\t\t\t\n\t\t\t\t\n\t\t\t\t\n\t\t\t\t\n\t\t\t\t\n\t\t\t\t\n\t\t\t\t\n\t\t\t\t\n\t\t\t\t\n\t\t\t\t\n\t\t\t\t\n\t\t\t\t\n\t\t\t\t\t\t\t\t\t<a rel=\"noopener noreferrer nofollow\" href=\"https:\/\/telegram.me\/share\/url?url=https:\/\/oscarguedez.com\/el-mundo-ante-un-cambio-de-orden-2\/\" target=\"_blank\" class=\" wd-social-icon social-tg\" aria-label=\"Telegram social link\">\n\t\t\t\t\t\t<span class=\"wd-icon\"><\/span>\n\t\t\t\t\t\t\t\t\t\t\t<\/a>\n\t\t\t\t\n\t\t\t\t\n\t\t\t<\/div>\n\n\t\t\t\t\t\t\t\t\t\t<\/div>\n\t\t\t\t\t\t\t\t<div class=\"tooltip-arrow\"><\/div>\n\t\t\t\t\t\t\t<\/div>\n\t\t\t\t\t\t<\/div>\n\t\t\t\t\t\n\t\t\t\t\t\t\t\t\t\t\t\t\t\t\t\t\t<div class=\"wd-post-reply wd-style-1\">\n\t\t\t\t\t\t\t<a href=\"https:\/\/oscarguedez.com\/el-mundo-ante-un-cambio-de-orden-2\/#respond\"><span class=\"wd-replies-count\">0<\/span><\/a>\t\t\t\t\t\t<\/div>\n\t\t\t\t\t\t\t\t\t<\/div>\n\t\t\t\n\t\t\t\t\t\t\t\t\t\t\t\t<div class=\"wd-post-excerpt entry-content\">\n\t\t\t\t\t\tEl repliegue de EE. UU hacia Occidente y el ascenso de los BRICS como bloque desafiante pone en evidencia que ...\t\t\t\t\t<\/div>\n\t\t\t\t\n\t\t\t\t\t\t\t\t\t\t\t\t\t\t<div class=\"wd-post-read-more wd-style-link read-more-section\">\n\t\t\t\t\t\t<a class=\"\" href=\"https:\/\/oscarguedez.com\/el-mundo-ante-un-cambio-de-orden-2\/\">Seguir leyendo<\/a>\t\t\t\t\t<\/div>\n\t\t\t\t\t\t\t\t\t\t\t\t\t<\/div>\n\t<\/div>\n<\/article>\n\n\t\t\t\t\t\t\t\t\t\t\t\n<article id=\"post-29204\" class=\"wd-post blog-design-masonry blog-post-loop blog-style-flat wd-col post-29204 post type-post status-publish format-standard has-post-thumbnail hentry category-cambio_climatico category-escritos tag-cambio-climatico tag-huracan-melissa tag-republica-dominicana tag-tormenta-melissa tag-tormenta-tropical-melissa\">\n\t<div class=\"wd-post-inner article-inner\">\n\t\t\t\t\t<div class=\"wd-post-thumb entry-header\">\n\t\t\t\t\t\t\t\t\t<div class=\"wd-post-img post-img-wrapp\">\n\t\t\t\t\t\t<img width=\"1280\" height=\"724\" src=\"https:\/\/oscarguedez.com\/wp-content\/uploads\/2025\/10\/articulo-Huracan-Melissa.webp\" class=\"attachment-large size-large\" alt=\"Melissa: el nuevo rostro del riesgo clim\u00e1tico en el Caribe\" decoding=\"async\" srcset=\"https:\/\/oscarguedez.com\/wp-content\/uploads\/2025\/10\/articulo-Huracan-Melissa.webp 1280w, https:\/\/oscarguedez.com\/wp-content\/uploads\/2025\/10\/articulo-Huracan-Melissa-430x243.webp 430w, https:\/\/oscarguedez.com\/wp-content\/uploads\/2025\/10\/articulo-Huracan-Melissa-150x85.webp 150w, https:\/\/oscarguedez.com\/wp-content\/uploads\/2025\/10\/articulo-Huracan-Melissa-700x396.webp 700w, https:\/\/oscarguedez.com\/wp-content\/uploads\/2025\/10\/articulo-Huracan-Melissa-400x226.webp 400w, https:\/\/oscarguedez.com\/wp-content\/uploads\/2025\/10\/articulo-Huracan-Melissa-768x434.webp 768w\" sizes=\"(max-width: 1280px) 100vw, 1280px\" \/>\t\t\t\t\t<\/div>\n\t\t\t\t\t<a class=\"wd-fill\" href=\"https:\/\/oscarguedez.com\/melissa-el-nuevo-rostro-del-riesgo-climatico-en-el-caribe\/\"><\/a>\n\t\t\t\t\n\t\t\t\t\t\t\t\t\t\t\t\t<div class=\"wd-post-date wd-style-with-bg\">\n\t\t\t\t<span class=\"post-date-day\">\n\t\t\t\t\t27\t\t\t\t<\/span>\n\t\t\t\t<span class=\"post-date-month\">\n\t\t\t\t\tOct\t\t\t\t<\/span>\n\t\t\t<\/div>\n\t\t\t\t\t\t\t\t\t<\/div>\n\t\t\n\t\t<div class=\"wd-post-content article-body-container\">\n\t\t\t\t\t\t\t<div class=\"wd-post-cat wd-style-with-bg meta-post-categories\">\n\t\t\t\t\t<a href=\"https:\/\/oscarguedez.com\/category\/cambio_climatico\/\" rel=\"category tag\">Cambio Clim\u00e1tico<\/a>, <a href=\"https:\/\/oscarguedez.com\/category\/escritos\/\" rel=\"category tag\">Escritos<\/a>\t\t\t\t<\/div>\n\t\t\t\n\t\t\t\t\t\t\t<h3 class=\"wd-post-title wd-entities-title title post-title\">\n\t\t\t\t\t<a href=\"https:\/\/oscarguedez.com\/melissa-el-nuevo-rostro-del-riesgo-climatico-en-el-caribe\/\" rel=\"bookmark\">Melissa: el nuevo rostro del riesgo clim\u00e1tico en el Caribe<\/a>\n\t\t\t\t<\/h3>\n\t\t\t\n\t\t\t\t\t\t\t<div class=\"wd-post-meta\">\n\t\t\t\t\t\t\t\t\t\t\t\t\t\t\t<div class=\"wd-post-author\">\n\t\t\t\t\t\t\t\t\t\t\t<span>Publicado por<\/span>\n\t\t\n\t\t\t\t\t<img alt='author-avatar' src='https:\/\/secure.gravatar.com\/avatar\/2053f5776836c39147bedf73641df5989b8f0d5ec9a942d0d063171f54523d69?s=18&#038;d=mm&#038;r=g' srcset='https:\/\/secure.gravatar.com\/avatar\/2053f5776836c39147bedf73641df5989b8f0d5ec9a942d0d063171f54523d69?s=36&#038;d=mm&#038;r=g 2x' class='avatar avatar-18 photo' height='18' width='18' decoding='async'\/>\t\t\n\t\t\t\t\t<a href=\"https:\/\/oscarguedez.com\/author\/oscar-guedez\/\" class=\"author\" rel=\"author\">Oscar Guedez<\/a>\n\t\t\t\t\t\t\t\t\t<\/div>\n\t\t\t\t\t<div class=\"wd-modified-date\">\n\t\t\t\t\t\t\t\t<time class=\"updated\" datetime=\"2026-08-13T17:44:31+00:00\">\n\t\t\t13 de agosto de 2026\t\t<\/time>\n\t\t\t\t\t\t\t<\/div>\n\n\t\t\t\t\t\t\t\t\t\t\t<div class=\"wd-post-share wd-tltp\">\n\t\t\t\t\t\t\t<div class=\"tooltip top\">\n\t\t\t\t\t\t\t\t<div class=\"tooltip-inner\">\n\t\t\t\t\t\t\t\t\t\t\t\t<div\n\t\t\t\t\t\tclass=\" wd-social-icons wd-style-default wd-size-small social-share wd-shape-circle color-scheme-light text-center\">\n\t\t\t\t\n\t\t\t\t\n\t\t\t\t\t\t\t\t\t<a rel=\"noopener noreferrer nofollow\" href=\"https:\/\/www.facebook.com\/sharer\/sharer.php?u=https:\/\/oscarguedez.com\/melissa-el-nuevo-rostro-del-riesgo-climatico-en-el-caribe\/\" target=\"_blank\" class=\" wd-social-icon social-facebook\" aria-label=\"Facebook social link\">\n\t\t\t\t\t\t<span class=\"wd-icon\"><\/span>\n\t\t\t\t\t\t\t\t\t\t\t<\/a>\n\t\t\t\t\n\t\t\t\t\t\t\t\t\t<a rel=\"noopener noreferrer nofollow\" href=\"https:\/\/x.com\/share?url=https:\/\/oscarguedez.com\/melissa-el-nuevo-rostro-del-riesgo-climatico-en-el-caribe\/\" target=\"_blank\" class=\" wd-social-icon social-twitter\" aria-label=\"X social link\">\n\t\t\t\t\t\t<span class=\"wd-icon\"><\/span>\n\t\t\t\t\t\t\t\t\t\t\t<\/a>\n\t\t\t\t\n\t\t\t\t\n\t\t\t\t\n\t\t\t\t\n\t\t\t\t\n\t\t\t\t\n\t\t\t\t\t\t\t\t\t<a rel=\"noopener noreferrer nofollow\" href=\"https:\/\/pinterest.com\/pin\/create\/button\/?url=https:\/\/oscarguedez.com\/melissa-el-nuevo-rostro-del-riesgo-climatico-en-el-caribe\/&media=https:\/\/oscarguedez.com\/wp-content\/uploads\/2025\/10\/articulo-Huracan-Melissa.webp&description=Melissa%3A+el+nuevo+rostro+del+riesgo+clim%C3%A1tico+en+el+Caribe\" target=\"_blank\" class=\" wd-social-icon social-pinterest\" aria-label=\"Pinterest social link\">\n\t\t\t\t\t\t<span class=\"wd-icon\"><\/span>\n\t\t\t\t\t\t\t\t\t\t\t<\/a>\n\t\t\t\t\n\t\t\t\t\n\t\t\t\t\t\t\t\t\t<a rel=\"noopener noreferrer nofollow\" href=\"https:\/\/www.linkedin.com\/shareArticle?mini=true&url=https:\/\/oscarguedez.com\/melissa-el-nuevo-rostro-del-riesgo-climatico-en-el-caribe\/\" target=\"_blank\" class=\" wd-social-icon social-linkedin\" aria-label=\"Linkedin social link\">\n\t\t\t\t\t\t<span class=\"wd-icon\"><\/span>\n\t\t\t\t\t\t\t\t\t\t\t<\/a>\n\t\t\t\t\n\t\t\t\t\n\t\t\t\t\n\t\t\t\t\n\t\t\t\t\n\t\t\t\t\n\t\t\t\t\n\t\t\t\t\n\t\t\t\t\n\t\t\t\t\n\t\t\t\t\n\t\t\t\t\n\t\t\t\t\n\t\t\t\t\n\t\t\t\t\n\t\t\t\t\t\t\t\t\t<a rel=\"noopener noreferrer nofollow\" href=\"https:\/\/telegram.me\/share\/url?url=https:\/\/oscarguedez.com\/melissa-el-nuevo-rostro-del-riesgo-climatico-en-el-caribe\/\" target=\"_blank\" class=\" wd-social-icon social-tg\" aria-label=\"Telegram social link\">\n\t\t\t\t\t\t<span class=\"wd-icon\"><\/span>\n\t\t\t\t\t\t\t\t\t\t\t<\/a>\n\t\t\t\t\n\t\t\t\t\n\t\t\t<\/div>\n\n\t\t\t\t\t\t\t\t\t\t<\/div>\n\t\t\t\t\t\t\t\t<div class=\"tooltip-arrow\"><\/div>\n\t\t\t\t\t\t\t<\/div>\n\t\t\t\t\t\t<\/div>\n\t\t\t\t\t\n\t\t\t\t\t\t\t\t\t\t\t\t\t\t\t\t\t<div class=\"wd-post-reply wd-style-1\">\n\t\t\t\t\t\t\t<a href=\"https:\/\/oscarguedez.com\/melissa-el-nuevo-rostro-del-riesgo-climatico-en-el-caribe\/#comments\"><span class=\"wd-replies-count\">1<\/span><\/a>\t\t\t\t\t\t<\/div>\n\t\t\t\t\t\t\t\t\t<\/div>\n\t\t\t\n\t\t\t\t\t\t\t\t\t\t\t\t<div class=\"wd-post-excerpt entry-content\">\n\t\t\t\t\t\tMelissa sigue siendo una amenaza directa e indirecta que exige acci\u00f3n urgente. Foto: Danny Polanco\n\t\t\tLa torme...\t\t\t\t\t<\/div>\n\t\t\t\t\n\t\t\t\t\t\t\t\t\t\t\t\t\t\t<div class=\"wd-post-read-more wd-style-link read-more-section\">\n\t\t\t\t\t\t<a class=\"\" href=\"https:\/\/oscarguedez.com\/melissa-el-nuevo-rostro-del-riesgo-climatico-en-el-caribe\/\">Seguir leyendo<\/a>\t\t\t\t\t<\/div>\n\t\t\t\t\t\t\t\t\t\t\t\t\t<\/div>\n\t<\/div>\n<\/article>\n\n\t\t\t\t\t\t\t\t\t\t\t\n<article id=\"post-29662\" class=\"wd-post blog-design-masonry blog-post-loop blog-style-flat wd-col post-29662 post type-post status-publish format-standard has-post-thumbnail hentry category-escritos category-geopolitica tag-donald-trump tag-eeuu tag-gaza tag-geopolitica tag-onu tag-trump\">\n\t<div class=\"wd-post-inner article-inner\">\n\t\t\t\t\t<div class=\"wd-post-thumb entry-header\">\n\t\t\t\t\t\t\t\t\t<div class=\"wd-post-img post-img-wrapp\">\n\t\t\t\t\t\t<img width=\"1071\" height=\"800\" src=\"https:\/\/oscarguedez.com\/wp-content\/uploads\/2025\/10\/articulo_Multilateralismo-en-jaque-y-un-mundo-fragmentado-1071x800.jpg\" class=\"attachment-large size-large\" alt=\"Multilateralismo en jaque y un mundo fragmentado\" decoding=\"async\" srcset=\"https:\/\/oscarguedez.com\/wp-content\/uploads\/2025\/10\/articulo_Multilateralismo-en-jaque-y-un-mundo-fragmentado-1071x800.jpg 1071w, https:\/\/oscarguedez.com\/wp-content\/uploads\/2025\/10\/articulo_Multilateralismo-en-jaque-y-un-mundo-fragmentado-400x300.jpg 400w, https:\/\/oscarguedez.com\/wp-content\/uploads\/2025\/10\/articulo_Multilateralismo-en-jaque-y-un-mundo-fragmentado-768x573.jpg 768w, https:\/\/oscarguedez.com\/wp-content\/uploads\/2025\/10\/articulo_Multilateralismo-en-jaque-y-un-mundo-fragmentado-1536x1147.jpg 1536w, https:\/\/oscarguedez.com\/wp-content\/uploads\/2025\/10\/articulo_Multilateralismo-en-jaque-y-un-mundo-fragmentado-2048x1529.jpg 2048w, https:\/\/oscarguedez.com\/wp-content\/uploads\/2025\/10\/articulo_Multilateralismo-en-jaque-y-un-mundo-fragmentado-430x321.jpg 430w, https:\/\/oscarguedez.com\/wp-content\/uploads\/2025\/10\/articulo_Multilateralismo-en-jaque-y-un-mundo-fragmentado-700x523.jpg 700w, https:\/\/oscarguedez.com\/wp-content\/uploads\/2025\/10\/articulo_Multilateralismo-en-jaque-y-un-mundo-fragmentado-150x112.jpg 150w\" sizes=\"(max-width: 1071px) 100vw, 1071px\" \/>\t\t\t\t\t<\/div>\n\t\t\t\t\t<a class=\"wd-fill\" href=\"https:\/\/oscarguedez.com\/multilateralismo-en-jaque-y-un-mundo-fragmentado\/\"><\/a>\n\t\t\t\t\n\t\t\t\t\t\t\t\t\t\t\t\t<div class=\"wd-post-date wd-style-with-bg\">\n\t\t\t\t<span class=\"post-date-day\">\n\t\t\t\t\t02\t\t\t\t<\/span>\n\t\t\t\t<span class=\"post-date-month\">\n\t\t\t\t\tOct\t\t\t\t<\/span>\n\t\t\t<\/div>\n\t\t\t\t\t\t\t\t\t<\/div>\n\t\t\n\t\t<div class=\"wd-post-content article-body-container\">\n\t\t\t\t\t\t\t<div class=\"wd-post-cat wd-style-with-bg meta-post-categories\">\n\t\t\t\t\t<a href=\"https:\/\/oscarguedez.com\/category\/escritos\/\" rel=\"category tag\">Escritos<\/a>, <a href=\"https:\/\/oscarguedez.com\/category\/geopolitica\/\" rel=\"category tag\">Geopol\u00edtica<\/a>\t\t\t\t<\/div>\n\t\t\t\n\t\t\t\t\t\t\t<h3 class=\"wd-post-title wd-entities-title title post-title\">\n\t\t\t\t\t<a href=\"https:\/\/oscarguedez.com\/multilateralismo-en-jaque-y-un-mundo-fragmentado\/\" rel=\"bookmark\">Multilateralismo en jaque y un mundo fragmentado<\/a>\n\t\t\t\t<\/h3>\n\t\t\t\n\t\t\t\t\t\t\t<div class=\"wd-post-meta\">\n\t\t\t\t\t\t\t\t\t\t\t\t\t\t\t<div class=\"wd-post-author\">\n\t\t\t\t\t\t\t\t\t\t\t<span>Publicado por<\/span>\n\t\t\n\t\t\t\t\t<img alt='author-avatar' src='https:\/\/secure.gravatar.com\/avatar\/2053f5776836c39147bedf73641df5989b8f0d5ec9a942d0d063171f54523d69?s=18&#038;d=mm&#038;r=g' srcset='https:\/\/secure.gravatar.com\/avatar\/2053f5776836c39147bedf73641df5989b8f0d5ec9a942d0d063171f54523d69?s=36&#038;d=mm&#038;r=g 2x' class='avatar avatar-18 photo' height='18' width='18' decoding='async'\/>\t\t\n\t\t\t\t\t<a href=\"https:\/\/oscarguedez.com\/author\/oscar-guedez\/\" class=\"author\" rel=\"author\">Oscar Guedez<\/a>\n\t\t\t\t\t\t\t\t\t<\/div>\n\t\t\t\t\t<div class=\"wd-modified-date\">\n\t\t\t\t\t\t\t\t<time class=\"updated\" datetime=\"2026-08-13T18:32:40+00:00\">\n\t\t\t13 de agosto de 2026\t\t<\/time>\n\t\t\t\t\t\t\t<\/div>\n\n\t\t\t\t\t\t\t\t\t\t\t<div class=\"wd-post-share wd-tltp\">\n\t\t\t\t\t\t\t<div class=\"tooltip top\">\n\t\t\t\t\t\t\t\t<div class=\"tooltip-inner\">\n\t\t\t\t\t\t\t\t\t\t\t\t<div\n\t\t\t\t\t\tclass=\" wd-social-icons wd-style-default wd-size-small social-share wd-shape-circle color-scheme-light text-center\">\n\t\t\t\t\n\t\t\t\t\n\t\t\t\t\t\t\t\t\t<a rel=\"noopener noreferrer nofollow\" href=\"https:\/\/www.facebook.com\/sharer\/sharer.php?u=https:\/\/oscarguedez.com\/multilateralismo-en-jaque-y-un-mundo-fragmentado\/\" target=\"_blank\" class=\" wd-social-icon social-facebook\" aria-label=\"Facebook social link\">\n\t\t\t\t\t\t<span class=\"wd-icon\"><\/span>\n\t\t\t\t\t\t\t\t\t\t\t<\/a>\n\t\t\t\t\n\t\t\t\t\t\t\t\t\t<a rel=\"noopener noreferrer nofollow\" href=\"https:\/\/x.com\/share?url=https:\/\/oscarguedez.com\/multilateralismo-en-jaque-y-un-mundo-fragmentado\/\" target=\"_blank\" class=\" wd-social-icon social-twitter\" aria-label=\"X social link\">\n\t\t\t\t\t\t<span class=\"wd-icon\"><\/span>\n\t\t\t\t\t\t\t\t\t\t\t<\/a>\n\t\t\t\t\n\t\t\t\t\n\t\t\t\t\n\t\t\t\t\n\t\t\t\t\n\t\t\t\t\n\t\t\t\t\t\t\t\t\t<a rel=\"noopener noreferrer nofollow\" href=\"https:\/\/pinterest.com\/pin\/create\/button\/?url=https:\/\/oscarguedez.com\/multilateralismo-en-jaque-y-un-mundo-fragmentado\/&media=https:\/\/oscarguedez.com\/wp-content\/uploads\/2025\/10\/articulo_Multilateralismo-en-jaque-y-un-mundo-fragmentado.jpg&description=Multilateralismo+en+jaque+y+un+mundo+fragmentado\" target=\"_blank\" class=\" wd-social-icon social-pinterest\" aria-label=\"Pinterest social link\">\n\t\t\t\t\t\t<span class=\"wd-icon\"><\/span>\n\t\t\t\t\t\t\t\t\t\t\t<\/a>\n\t\t\t\t\n\t\t\t\t\n\t\t\t\t\t\t\t\t\t<a rel=\"noopener noreferrer nofollow\" href=\"https:\/\/www.linkedin.com\/shareArticle?mini=true&url=https:\/\/oscarguedez.com\/multilateralismo-en-jaque-y-un-mundo-fragmentado\/\" target=\"_blank\" class=\" wd-social-icon social-linkedin\" aria-label=\"Linkedin social link\">\n\t\t\t\t\t\t<span class=\"wd-icon\"><\/span>\n\t\t\t\t\t\t\t\t\t\t\t<\/a>\n\t\t\t\t\n\t\t\t\t\n\t\t\t\t\n\t\t\t\t\n\t\t\t\t\n\t\t\t\t\n\t\t\t\t\n\t\t\t\t\n\t\t\t\t\n\t\t\t\t\n\t\t\t\t\n\t\t\t\t\n\t\t\t\t\n\t\t\t\t\n\t\t\t\t\n\t\t\t\t\t\t\t\t\t<a rel=\"noopener noreferrer nofollow\" href=\"https:\/\/telegram.me\/share\/url?url=https:\/\/oscarguedez.com\/multilateralismo-en-jaque-y-un-mundo-fragmentado\/\" target=\"_blank\" class=\" wd-social-icon social-tg\" aria-label=\"Telegram social link\">\n\t\t\t\t\t\t<span class=\"wd-icon\"><\/span>\n\t\t\t\t\t\t\t\t\t\t\t<\/a>\n\t\t\t\t\n\t\t\t\t\n\t\t\t<\/div>\n\n\t\t\t\t\t\t\t\t\t\t<\/div>\n\t\t\t\t\t\t\t\t<div class=\"tooltip-arrow\"><\/div>\n\t\t\t\t\t\t\t<\/div>\n\t\t\t\t\t\t<\/div>\n\t\t\t\t\t\n\t\t\t\t\t\t\t\t\t\t\t\t\t\t\t\t\t<div class=\"wd-post-reply wd-style-1\">\n\t\t\t\t\t\t\t<a href=\"https:\/\/oscarguedez.com\/multilateralismo-en-jaque-y-un-mundo-fragmentado\/#respond\"><span class=\"wd-replies-count\">0<\/span><\/a>\t\t\t\t\t\t<\/div>\n\t\t\t\t\t\t\t\t\t<\/div>\n\t\t\t\n\t\t\t\t\t\t\t\t\t\t\t\t<div class=\"wd-post-excerpt entry-content\">\n\t\t\t\t\t\tLa 80\u00aa Asamblea General de la Organizaci\u00f3n de las Naciones Unidas (UNGA80) cerr\u00f3 con sensaciones preocupantes ...\t\t\t\t\t<\/div>\n\t\t\t\t\n\t\t\t\t\t\t\t\t\t\t\t\t\t\t<div class=\"wd-post-read-more wd-style-link read-more-section\">\n\t\t\t\t\t\t<a class=\"\" href=\"https:\/\/oscarguedez.com\/multilateralismo-en-jaque-y-un-mundo-fragmentado\/\">Seguir leyendo<\/a>\t\t\t\t\t<\/div>\n\t\t\t\t\t\t\t\t\t\t\t\t\t<\/div>\n\t<\/div>\n<\/article>\n\n\t\t\t\t\t\t\t\t\t\t\t\n<article id=\"post-29217\" class=\"wd-post blog-design-masonry blog-post-loop blog-style-flat wd-col post-29217 post type-post status-publish format-standard has-post-thumbnail hentry category-escritos category-geopolitica tag-donald-trump tag-eeuu tag-geopolitica tag-trump tag-violencia-politica\">\n\t<div class=\"wd-post-inner article-inner\">\n\t\t\t\t\t<div class=\"wd-post-thumb entry-header\">\n\t\t\t\t\t\t\t\t\t<div class=\"wd-post-img post-img-wrapp\">\n\t\t\t\t\t\t<img width=\"1300\" height=\"731\" src=\"https:\/\/oscarguedez.com\/wp-content\/uploads\/2025\/09\/articulo-EE.UU_-1300x731.webp\" class=\"attachment-large size-large\" alt=\"EE.UU. en la encrucijada: violencia, polarizaci\u00f3n y declive\" decoding=\"async\" srcset=\"https:\/\/oscarguedez.com\/wp-content\/uploads\/2025\/09\/articulo-EE.UU_-1300x731.webp 1300w, https:\/\/oscarguedez.com\/wp-content\/uploads\/2025\/09\/articulo-EE.UU_-430x242.webp 430w, https:\/\/oscarguedez.com\/wp-content\/uploads\/2025\/09\/articulo-EE.UU_-150x84.webp 150w, https:\/\/oscarguedez.com\/wp-content\/uploads\/2025\/09\/articulo-EE.UU_-700x394.webp 700w, https:\/\/oscarguedez.com\/wp-content\/uploads\/2025\/09\/articulo-EE.UU_-400x225.webp 400w, https:\/\/oscarguedez.com\/wp-content\/uploads\/2025\/09\/articulo-EE.UU_-768x432.webp 768w, https:\/\/oscarguedez.com\/wp-content\/uploads\/2025\/09\/articulo-EE.UU_-1536x864.webp 1536w, https:\/\/oscarguedez.com\/wp-content\/uploads\/2025\/09\/articulo-EE.UU_.webp 1600w\" sizes=\"(max-width: 1300px) 100vw, 1300px\" \/>\t\t\t\t\t<\/div>\n\t\t\t\t\t<a class=\"wd-fill\" href=\"https:\/\/oscarguedez.com\/ee-uu-en-la-encrucijada-violencia-polarizacion-y-declive\/\"><\/a>\n\t\t\t\t\n\t\t\t\t\t\t\t\t\t\t\t\t<div class=\"wd-post-date wd-style-with-bg\">\n\t\t\t\t<span class=\"post-date-day\">\n\t\t\t\t\t30\t\t\t\t<\/span>\n\t\t\t\t<span class=\"post-date-month\">\n\t\t\t\t\tSep\t\t\t\t<\/span>\n\t\t\t<\/div>\n\t\t\t\t\t\t\t\t\t<\/div>\n\t\t\n\t\t<div class=\"wd-post-content article-body-container\">\n\t\t\t\t\t\t\t<div class=\"wd-post-cat wd-style-with-bg meta-post-categories\">\n\t\t\t\t\t<a href=\"https:\/\/oscarguedez.com\/category\/escritos\/\" rel=\"category tag\">Escritos<\/a>, <a href=\"https:\/\/oscarguedez.com\/category\/geopolitica\/\" rel=\"category tag\">Geopol\u00edtica<\/a>\t\t\t\t<\/div>\n\t\t\t\n\t\t\t\t\t\t\t<h3 class=\"wd-post-title wd-entities-title title post-title\">\n\t\t\t\t\t<a href=\"https:\/\/oscarguedez.com\/ee-uu-en-la-encrucijada-violencia-polarizacion-y-declive\/\" rel=\"bookmark\">EE.UU.  en la encrucijada: violencia, polarizaci\u00f3n y declive<\/a>\n\t\t\t\t<\/h3>\n\t\t\t\n\t\t\t\t\t\t\t<div class=\"wd-post-meta\">\n\t\t\t\t\t\t\t\t\t\t\t\t\t\t\t<div class=\"wd-post-author\">\n\t\t\t\t\t\t\t\t\t\t\t<span>Publicado por<\/span>\n\t\t\n\t\t\t\t\t<img alt='author-avatar' src='https:\/\/secure.gravatar.com\/avatar\/2053f5776836c39147bedf73641df5989b8f0d5ec9a942d0d063171f54523d69?s=18&#038;d=mm&#038;r=g' srcset='https:\/\/secure.gravatar.com\/avatar\/2053f5776836c39147bedf73641df5989b8f0d5ec9a942d0d063171f54523d69?s=36&#038;d=mm&#038;r=g 2x' class='avatar avatar-18 photo' height='18' width='18' decoding='async'\/>\t\t\n\t\t\t\t\t<a href=\"https:\/\/oscarguedez.com\/author\/oscar-guedez\/\" class=\"author\" rel=\"author\">Oscar Guedez<\/a>\n\t\t\t\t\t\t\t\t\t<\/div>\n\t\t\t\t\t<div class=\"wd-modified-date\">\n\t\t\t\t\t\t\t\t<time class=\"updated\" datetime=\"2026-08-13T19:16:40+00:00\">\n\t\t\t13 de agosto de 2026\t\t<\/time>\n\t\t\t\t\t\t\t<\/div>\n\n\t\t\t\t\t\t\t\t\t\t\t<div class=\"wd-post-share wd-tltp\">\n\t\t\t\t\t\t\t<div class=\"tooltip top\">\n\t\t\t\t\t\t\t\t<div class=\"tooltip-inner\">\n\t\t\t\t\t\t\t\t\t\t\t\t<div\n\t\t\t\t\t\tclass=\" wd-social-icons wd-style-default wd-size-small social-share wd-shape-circle color-scheme-light text-center\">\n\t\t\t\t\n\t\t\t\t\n\t\t\t\t\t\t\t\t\t<a rel=\"noopener noreferrer nofollow\" href=\"https:\/\/www.facebook.com\/sharer\/sharer.php?u=https:\/\/oscarguedez.com\/ee-uu-en-la-encrucijada-violencia-polarizacion-y-declive\/\" target=\"_blank\" class=\" wd-social-icon social-facebook\" aria-label=\"Facebook social link\">\n\t\t\t\t\t\t<span class=\"wd-icon\"><\/span>\n\t\t\t\t\t\t\t\t\t\t\t<\/a>\n\t\t\t\t\n\t\t\t\t\t\t\t\t\t<a rel=\"noopener noreferrer nofollow\" href=\"https:\/\/x.com\/share?url=https:\/\/oscarguedez.com\/ee-uu-en-la-encrucijada-violencia-polarizacion-y-declive\/\" target=\"_blank\" class=\" wd-social-icon social-twitter\" aria-label=\"X social link\">\n\t\t\t\t\t\t<span class=\"wd-icon\"><\/span>\n\t\t\t\t\t\t\t\t\t\t\t<\/a>\n\t\t\t\t\n\t\t\t\t\n\t\t\t\t\n\t\t\t\t\n\t\t\t\t\n\t\t\t\t\n\t\t\t\t\t\t\t\t\t<a rel=\"noopener noreferrer nofollow\" href=\"https:\/\/pinterest.com\/pin\/create\/button\/?url=https:\/\/oscarguedez.com\/ee-uu-en-la-encrucijada-violencia-polarizacion-y-declive\/&media=https:\/\/oscarguedez.com\/wp-content\/uploads\/2025\/09\/articulo-EE.UU_.webp&description=EE.UU.++en+la+encrucijada%3A+violencia%2C+polarizaci%C3%B3n+y+declive\" target=\"_blank\" class=\" wd-social-icon social-pinterest\" aria-label=\"Pinterest social link\">\n\t\t\t\t\t\t<span class=\"wd-icon\"><\/span>\n\t\t\t\t\t\t\t\t\t\t\t<\/a>\n\t\t\t\t\n\t\t\t\t\n\t\t\t\t\t\t\t\t\t<a rel=\"noopener noreferrer nofollow\" href=\"https:\/\/www.linkedin.com\/shareArticle?mini=true&url=https:\/\/oscarguedez.com\/ee-uu-en-la-encrucijada-violencia-polarizacion-y-declive\/\" target=\"_blank\" class=\" wd-social-icon social-linkedin\" aria-label=\"Linkedin social link\">\n\t\t\t\t\t\t<span class=\"wd-icon\"><\/span>\n\t\t\t\t\t\t\t\t\t\t\t<\/a>\n\t\t\t\t\n\t\t\t\t\n\t\t\t\t\n\t\t\t\t\n\t\t\t\t\n\t\t\t\t\n\t\t\t\t\n\t\t\t\t\n\t\t\t\t\n\t\t\t\t\n\t\t\t\t\n\t\t\t\t\n\t\t\t\t\n\t\t\t\t\n\t\t\t\t\n\t\t\t\t\t\t\t\t\t<a rel=\"noopener noreferrer nofollow\" href=\"https:\/\/telegram.me\/share\/url?url=https:\/\/oscarguedez.com\/ee-uu-en-la-encrucijada-violencia-polarizacion-y-declive\/\" target=\"_blank\" class=\" wd-social-icon social-tg\" aria-label=\"Telegram social link\">\n\t\t\t\t\t\t<span class=\"wd-icon\"><\/span>\n\t\t\t\t\t\t\t\t\t\t\t<\/a>\n\t\t\t\t\n\t\t\t\t\n\t\t\t<\/div>\n\n\t\t\t\t\t\t\t\t\t\t<\/div>\n\t\t\t\t\t\t\t\t<div class=\"tooltip-arrow\"><\/div>\n\t\t\t\t\t\t\t<\/div>\n\t\t\t\t\t\t<\/div>\n\t\t\t\t\t\n\t\t\t\t\t\t\t\t\t\t\t\t\t\t\t\t\t<div class=\"wd-post-reply wd-style-1\">\n\t\t\t\t\t\t\t<a href=\"https:\/\/oscarguedez.com\/ee-uu-en-la-encrucijada-violencia-polarizacion-y-declive\/#respond\"><span class=\"wd-replies-count\">0<\/span><\/a>\t\t\t\t\t\t<\/div>\n\t\t\t\t\t\t\t\t\t<\/div>\n\t\t\t\n\t\t\t\t\t\t\t\t\t\t\t\t<div class=\"wd-post-excerpt entry-content\">\n\t\t\t\t\t\tLa democracia estadounidense, otrora modelo de estabilidad institucional y justicia inquebrantable, enfrenta h...\t\t\t\t\t<\/div>\n\t\t\t\t\n\t\t\t\t\t\t\t\t\t\t\t\t\t\t<div class=\"wd-post-read-more wd-style-link read-more-section\">\n\t\t\t\t\t\t<a class=\"\" href=\"https:\/\/oscarguedez.com\/ee-uu-en-la-encrucijada-violencia-polarizacion-y-declive\/\">Seguir leyendo<\/a>\t\t\t\t\t<\/div>\n\t\t\t\t\t\t\t\t\t\t\t\t\t<\/div>\n\t<\/div>\n<\/article>\n\n\t\t\t\t\t\t\t\t\t\t\t\n<article id=\"post-29223\" class=\"wd-post blog-design-masonry blog-post-loop blog-style-flat wd-col post-29223 post type-post status-publish format-standard has-post-thumbnail hentry category-escritos category-geopolitica tag-america-latina tag-argentina tag-geopolitica tag-la-libertad-avanza tag-milei tag-oscar-guedez\">\n\t<div class=\"wd-post-inner article-inner\">\n\t\t\t\t\t<div class=\"wd-post-thumb entry-header\">\n\t\t\t\t\t\t\t\t\t<div class=\"wd-post-img post-img-wrapp\">\n\t\t\t\t\t\t<img width=\"1200\" height=\"800\" src=\"https:\/\/oscarguedez.com\/wp-content\/uploads\/2025\/09\/articulo-milei-1200x800.webp\" class=\"attachment-large size-large\" alt=\"Milei al borde del abismo: si \u201cla libertad\u201d avanza lo lanza Argentina econom\u00eda\" decoding=\"async\" srcset=\"https:\/\/oscarguedez.com\/wp-content\/uploads\/2025\/09\/articulo-milei-1200x800.webp 1200w, https:\/\/oscarguedez.com\/wp-content\/uploads\/2025\/09\/articulo-milei-430x287.webp 430w, https:\/\/oscarguedez.com\/wp-content\/uploads\/2025\/09\/articulo-milei-150x100.webp 150w, https:\/\/oscarguedez.com\/wp-content\/uploads\/2025\/09\/articulo-milei-700x467.webp 700w, https:\/\/oscarguedez.com\/wp-content\/uploads\/2025\/09\/articulo-milei-400x267.webp 400w, https:\/\/oscarguedez.com\/wp-content\/uploads\/2025\/09\/articulo-milei-768x512.webp 768w, https:\/\/oscarguedez.com\/wp-content\/uploads\/2025\/09\/articulo-milei-1536x1024.webp 1536w, https:\/\/oscarguedez.com\/wp-content\/uploads\/2025\/09\/articulo-milei.webp 1920w\" sizes=\"(max-width: 1200px) 100vw, 1200px\" \/>\t\t\t\t\t<\/div>\n\t\t\t\t\t<a class=\"wd-fill\" href=\"https:\/\/oscarguedez.com\/milei-al-borde-del-abismo-si-la-libertad-avanza-lo-lanza\/\"><\/a>\n\t\t\t\t\n\t\t\t\t\t\t\t\t\t\t\t\t<div class=\"wd-post-date wd-style-with-bg\">\n\t\t\t\t<span class=\"post-date-day\">\n\t\t\t\t\t04\t\t\t\t<\/span>\n\t\t\t\t<span class=\"post-date-month\">\n\t\t\t\t\tSep\t\t\t\t<\/span>\n\t\t\t<\/div>\n\t\t\t\t\t\t\t\t\t<\/div>\n\t\t\n\t\t<div class=\"wd-post-content article-body-container\">\n\t\t\t\t\t\t\t<div class=\"wd-post-cat wd-style-with-bg meta-post-categories\">\n\t\t\t\t\t<a href=\"https:\/\/oscarguedez.com\/category\/escritos\/\" rel=\"category tag\">Escritos<\/a>, <a href=\"https:\/\/oscarguedez.com\/category\/geopolitica\/\" rel=\"category tag\">Geopol\u00edtica<\/a>\t\t\t\t<\/div>\n\t\t\t\n\t\t\t\t\t\t\t<h3 class=\"wd-post-title wd-entities-title title post-title\">\n\t\t\t\t\t<a href=\"https:\/\/oscarguedez.com\/milei-al-borde-del-abismo-si-la-libertad-avanza-lo-lanza\/\" rel=\"bookmark\">Milei al borde del abismo: si \u201cla libertad\u201d avanza lo lanza<\/a>\n\t\t\t\t<\/h3>\n\t\t\t\n\t\t\t\t\t\t\t<div class=\"wd-post-meta\">\n\t\t\t\t\t\t\t\t\t\t\t\t\t\t\t<div class=\"wd-post-author\">\n\t\t\t\t\t\t\t\t\t\t\t<span>Publicado por<\/span>\n\t\t\n\t\t\t\t\t<img alt='author-avatar' src='https:\/\/secure.gravatar.com\/avatar\/2053f5776836c39147bedf73641df5989b8f0d5ec9a942d0d063171f54523d69?s=18&#038;d=mm&#038;r=g' srcset='https:\/\/secure.gravatar.com\/avatar\/2053f5776836c39147bedf73641df5989b8f0d5ec9a942d0d063171f54523d69?s=36&#038;d=mm&#038;r=g 2x' class='avatar avatar-18 photo' height='18' width='18' decoding='async'\/>\t\t\n\t\t\t\t\t<a href=\"https:\/\/oscarguedez.com\/author\/oscar-guedez\/\" class=\"author\" rel=\"author\">Oscar Guedez<\/a>\n\t\t\t\t\t\t\t\t\t<\/div>\n\t\t\t\t\t<div class=\"wd-modified-date\">\n\t\t\t\t\t\t\t\t<time class=\"updated\" datetime=\"2026-08-26T16:33:00+00:00\">\n\t\t\t26 de agosto de 2026\t\t<\/time>\n\t\t\t\t\t\t\t<\/div>\n\n\t\t\t\t\t\t\t\t\t\t\t<div class=\"wd-post-share wd-tltp\">\n\t\t\t\t\t\t\t<div class=\"tooltip top\">\n\t\t\t\t\t\t\t\t<div class=\"tooltip-inner\">\n\t\t\t\t\t\t\t\t\t\t\t\t<div\n\t\t\t\t\t\tclass=\" wd-social-icons wd-style-default wd-size-small social-share wd-shape-circle color-scheme-light text-center\">\n\t\t\t\t\n\t\t\t\t\n\t\t\t\t\t\t\t\t\t<a rel=\"noopener noreferrer nofollow\" href=\"https:\/\/www.facebook.com\/sharer\/sharer.php?u=https:\/\/oscarguedez.com\/milei-al-borde-del-abismo-si-la-libertad-avanza-lo-lanza\/\" target=\"_blank\" class=\" wd-social-icon social-facebook\" aria-label=\"Facebook social link\">\n\t\t\t\t\t\t<span class=\"wd-icon\"><\/span>\n\t\t\t\t\t\t\t\t\t\t\t<\/a>\n\t\t\t\t\n\t\t\t\t\t\t\t\t\t<a rel=\"noopener noreferrer nofollow\" href=\"https:\/\/x.com\/share?url=https:\/\/oscarguedez.com\/milei-al-borde-del-abismo-si-la-libertad-avanza-lo-lanza\/\" target=\"_blank\" class=\" wd-social-icon social-twitter\" aria-label=\"X social link\">\n\t\t\t\t\t\t<span class=\"wd-icon\"><\/span>\n\t\t\t\t\t\t\t\t\t\t\t<\/a>\n\t\t\t\t\n\t\t\t\t\n\t\t\t\t\n\t\t\t\t\n\t\t\t\t\n\t\t\t\t\n\t\t\t\t\t\t\t\t\t<a rel=\"noopener noreferrer nofollow\" href=\"https:\/\/pinterest.com\/pin\/create\/button\/?url=https:\/\/oscarguedez.com\/milei-al-borde-del-abismo-si-la-libertad-avanza-lo-lanza\/&media=https:\/\/oscarguedez.com\/wp-content\/uploads\/2025\/09\/articulo-milei.webp&description=Milei+al+borde+del+abismo%3A+si+%E2%80%9Cla+libertad%E2%80%9D+avanza+lo+lanza\" target=\"_blank\" class=\" wd-social-icon social-pinterest\" aria-label=\"Pinterest social link\">\n\t\t\t\t\t\t<span class=\"wd-icon\"><\/span>\n\t\t\t\t\t\t\t\t\t\t\t<\/a>\n\t\t\t\t\n\t\t\t\t\n\t\t\t\t\t\t\t\t\t<a rel=\"noopener noreferrer nofollow\" href=\"https:\/\/www.linkedin.com\/shareArticle?mini=true&url=https:\/\/oscarguedez.com\/milei-al-borde-del-abismo-si-la-libertad-avanza-lo-lanza\/\" target=\"_blank\" class=\" wd-social-icon social-linkedin\" aria-label=\"Linkedin social link\">\n\t\t\t\t\t\t<span class=\"wd-icon\"><\/span>\n\t\t\t\t\t\t\t\t\t\t\t<\/a>\n\t\t\t\t\n\t\t\t\t\n\t\t\t\t\n\t\t\t\t\n\t\t\t\t\n\t\t\t\t\n\t\t\t\t\n\t\t\t\t\n\t\t\t\t\n\t\t\t\t\n\t\t\t\t\n\t\t\t\t\n\t\t\t\t\n\t\t\t\t\n\t\t\t\t\n\t\t\t\t\t\t\t\t\t<a rel=\"noopener noreferrer nofollow\" href=\"https:\/\/telegram.me\/share\/url?url=https:\/\/oscarguedez.com\/milei-al-borde-del-abismo-si-la-libertad-avanza-lo-lanza\/\" target=\"_blank\" class=\" wd-social-icon social-tg\" aria-label=\"Telegram social link\">\n\t\t\t\t\t\t<span class=\"wd-icon\"><\/span>\n\t\t\t\t\t\t\t\t\t\t\t<\/a>\n\t\t\t\t\n\t\t\t\t\n\t\t\t<\/div>\n\n\t\t\t\t\t\t\t\t\t\t<\/div>\n\t\t\t\t\t\t\t\t<div class=\"tooltip-arrow\"><\/div>\n\t\t\t\t\t\t\t<\/div>\n\t\t\t\t\t\t<\/div>\n\t\t\t\t\t\n\t\t\t\t\t\t\t\t\t\t\t\t\t\t\t\t\t<div class=\"wd-post-reply wd-style-1\">\n\t\t\t\t\t\t\t<a href=\"https:\/\/oscarguedez.com\/milei-al-borde-del-abismo-si-la-libertad-avanza-lo-lanza\/#respond\"><span class=\"wd-replies-count\">0<\/span><\/a>\t\t\t\t\t\t<\/div>\n\t\t\t\t\t\t\t\t\t<\/div>\n\t\t\t\n\t\t\t\t\t\t\t\t\t\t\t\t<div class=\"wd-post-excerpt entry-content\">\n\t\t\t\t\t\tEl gobierno de Milei crea una oficina para desmentir \"operaciones de los medios\"\nEl gobierno de Javier Milei a...\t\t\t\t\t<\/div>\n\t\t\t\t\n\t\t\t\t\t\t\t\t\t\t\t\t\t\t<div class=\"wd-post-read-more wd-style-link read-more-section\">\n\t\t\t\t\t\t<a class=\"\" href=\"https:\/\/oscarguedez.com\/milei-al-borde-del-abismo-si-la-libertad-avanza-lo-lanza\/\">Seguir leyendo<\/a>\t\t\t\t\t<\/div>\n\t\t\t\t\t\t\t\t\t\t\t\t\t<\/div>\n\t<\/div>\n<\/article>\n\n\t\t\t\t\t\t\t\t\t\t\t\n<article id=\"post-29365\" class=\"wd-post blog-design-masonry blog-post-loop blog-style-flat wd-col post-29365 post type-post status-publish format-standard has-post-thumbnail hentry category-escritos category-geopolitica tag-edicion-impresa tag-eeuu tag-gaza tag-geopolitica tag-israel tag-oscar-guedez tag-palestina\">\n\t<div class=\"wd-post-inner article-inner\">\n\t\t\t\t\t<div class=\"wd-post-thumb entry-header\">\n\t\t\t\t\t\t\t\t\t<div class=\"wd-post-img post-img-wrapp\">\n\t\t\t\t\t\t<img width=\"1300\" height=\"584\" src=\"https:\/\/oscarguedez.com\/wp-content\/uploads\/2025\/08\/articulo_La-guerra-de-Israel-contra-la-prensa-en-Gaza-1300x584.png\" class=\"attachment-large size-large\" alt=\"La guerra de Israel contra la prensa en Gaza Medio Oriente\" decoding=\"async\" srcset=\"https:\/\/oscarguedez.com\/wp-content\/uploads\/2025\/08\/articulo_La-guerra-de-Israel-contra-la-prensa-en-Gaza-1300x584.png 1300w, https:\/\/oscarguedez.com\/wp-content\/uploads\/2025\/08\/articulo_La-guerra-de-Israel-contra-la-prensa-en-Gaza-400x180.png 400w, https:\/\/oscarguedez.com\/wp-content\/uploads\/2025\/08\/articulo_La-guerra-de-Israel-contra-la-prensa-en-Gaza-768x345.png 768w, https:\/\/oscarguedez.com\/wp-content\/uploads\/2025\/08\/articulo_La-guerra-de-Israel-contra-la-prensa-en-Gaza-1536x690.png 1536w, https:\/\/oscarguedez.com\/wp-content\/uploads\/2025\/08\/articulo_La-guerra-de-Israel-contra-la-prensa-en-Gaza-2048x921.png 2048w, https:\/\/oscarguedez.com\/wp-content\/uploads\/2025\/08\/articulo_La-guerra-de-Israel-contra-la-prensa-en-Gaza-430x193.png 430w, https:\/\/oscarguedez.com\/wp-content\/uploads\/2025\/08\/articulo_La-guerra-de-Israel-contra-la-prensa-en-Gaza-700x315.png 700w, https:\/\/oscarguedez.com\/wp-content\/uploads\/2025\/08\/articulo_La-guerra-de-Israel-contra-la-prensa-en-Gaza-150x67.png 150w\" sizes=\"(max-width: 1300px) 100vw, 1300px\" \/>\t\t\t\t\t<\/div>\n\t\t\t\t\t<a class=\"wd-fill\" href=\"https:\/\/oscarguedez.com\/la-guerra-de-israel-contra-la-prensa-en-gaza\/\"><\/a>\n\t\t\t\t\n\t\t\t\t\t\t\t\t\t\t\t\t<div class=\"wd-post-date wd-style-with-bg\">\n\t\t\t\t<span class=\"post-date-day\">\n\t\t\t\t\t13\t\t\t\t<\/span>\n\t\t\t\t<span class=\"post-date-month\">\n\t\t\t\t\tAgo\t\t\t\t<\/span>\n\t\t\t<\/div>\n\t\t\t\t\t\t\t\t\t<\/div>\n\t\t\n\t\t<div class=\"wd-post-content article-body-container\">\n\t\t\t\t\t\t\t<div class=\"wd-post-cat wd-style-with-bg meta-post-categories\">\n\t\t\t\t\t<a href=\"https:\/\/oscarguedez.com\/category\/escritos\/\" rel=\"category tag\">Escritos<\/a>, <a href=\"https:\/\/oscarguedez.com\/category\/geopolitica\/\" rel=\"category tag\">Geopol\u00edtica<\/a>\t\t\t\t<\/div>\n\t\t\t\n\t\t\t\t\t\t\t<h3 class=\"wd-post-title wd-entities-title title post-title\">\n\t\t\t\t\t<a href=\"https:\/\/oscarguedez.com\/la-guerra-de-israel-contra-la-prensa-en-gaza\/\" rel=\"bookmark\">La guerra de Israel contra la prensa en Gaza<\/a>\n\t\t\t\t<\/h3>\n\t\t\t\n\t\t\t\t\t\t\t<div class=\"wd-post-meta\">\n\t\t\t\t\t\t\t\t\t\t\t\t\t\t\t<div class=\"wd-post-author\">\n\t\t\t\t\t\t\t\t\t\t\t<span>Publicado por<\/span>\n\t\t\n\t\t\t\t\t<img alt='author-avatar' src='https:\/\/secure.gravatar.com\/avatar\/2053f5776836c39147bedf73641df5989b8f0d5ec9a942d0d063171f54523d69?s=18&#038;d=mm&#038;r=g' srcset='https:\/\/secure.gravatar.com\/avatar\/2053f5776836c39147bedf73641df5989b8f0d5ec9a942d0d063171f54523d69?s=36&#038;d=mm&#038;r=g 2x' class='avatar avatar-18 photo' height='18' width='18' decoding='async'\/>\t\t\n\t\t\t\t\t<a href=\"https:\/\/oscarguedez.com\/author\/oscar-guedez\/\" class=\"author\" rel=\"author\">Oscar Guedez<\/a>\n\t\t\t\t\t\t\t\t\t<\/div>\n\t\t\t\t\t<div class=\"wd-modified-date\">\n\t\t\t\t\t\t\t\t<time class=\"updated\" datetime=\"2026-08-14T16:28:51+00:00\">\n\t\t\t14 de agosto de 2026\t\t<\/time>\n\t\t\t\t\t\t\t<\/div>\n\n\t\t\t\t\t\t\t\t\t\t\t<div class=\"wd-post-share wd-tltp\">\n\t\t\t\t\t\t\t<div class=\"tooltip top\">\n\t\t\t\t\t\t\t\t<div class=\"tooltip-inner\">\n\t\t\t\t\t\t\t\t\t\t\t\t<div\n\t\t\t\t\t\tclass=\" wd-social-icons wd-style-default wd-size-small social-share wd-shape-circle color-scheme-light text-center\">\n\t\t\t\t\n\t\t\t\t\n\t\t\t\t\t\t\t\t\t<a rel=\"noopener noreferrer nofollow\" href=\"https:\/\/www.facebook.com\/sharer\/sharer.php?u=https:\/\/oscarguedez.com\/la-guerra-de-israel-contra-la-prensa-en-gaza\/\" target=\"_blank\" class=\" wd-social-icon social-facebook\" aria-label=\"Facebook social link\">\n\t\t\t\t\t\t<span class=\"wd-icon\"><\/span>\n\t\t\t\t\t\t\t\t\t\t\t<\/a>\n\t\t\t\t\n\t\t\t\t\t\t\t\t\t<a rel=\"noopener noreferrer nofollow\" href=\"https:\/\/x.com\/share?url=https:\/\/oscarguedez.com\/la-guerra-de-israel-contra-la-prensa-en-gaza\/\" target=\"_blank\" class=\" wd-social-icon social-twitter\" aria-label=\"X social link\">\n\t\t\t\t\t\t<span class=\"wd-icon\"><\/span>\n\t\t\t\t\t\t\t\t\t\t\t<\/a>\n\t\t\t\t\n\t\t\t\t\n\t\t\t\t\n\t\t\t\t\n\t\t\t\t\n\t\t\t\t\n\t\t\t\t\t\t\t\t\t<a rel=\"noopener noreferrer nofollow\" href=\"https:\/\/pinterest.com\/pin\/create\/button\/?url=https:\/\/oscarguedez.com\/la-guerra-de-israel-contra-la-prensa-en-gaza\/&media=https:\/\/oscarguedez.com\/wp-content\/uploads\/2025\/08\/articulo_La-guerra-de-Israel-contra-la-prensa-en-Gaza-scaled.png&description=La+guerra+de+Israel+contra+la+prensa+en+Gaza\" target=\"_blank\" class=\" wd-social-icon social-pinterest\" aria-label=\"Pinterest social link\">\n\t\t\t\t\t\t<span class=\"wd-icon\"><\/span>\n\t\t\t\t\t\t\t\t\t\t\t<\/a>\n\t\t\t\t\n\t\t\t\t\n\t\t\t\t\t\t\t\t\t<a rel=\"noopener noreferrer nofollow\" href=\"https:\/\/www.linkedin.com\/shareArticle?mini=true&url=https:\/\/oscarguedez.com\/la-guerra-de-israel-contra-la-prensa-en-gaza\/\" target=\"_blank\" class=\" wd-social-icon social-linkedin\" aria-label=\"Linkedin social link\">\n\t\t\t\t\t\t<span class=\"wd-icon\"><\/span>\n\t\t\t\t\t\t\t\t\t\t\t<\/a>\n\t\t\t\t\n\t\t\t\t\n\t\t\t\t\n\t\t\t\t\n\t\t\t\t\n\t\t\t\t\n\t\t\t\t\n\t\t\t\t\n\t\t\t\t\n\t\t\t\t\n\t\t\t\t\n\t\t\t\t\n\t\t\t\t\n\t\t\t\t\n\t\t\t\t\n\t\t\t\t\t\t\t\t\t<a rel=\"noopener noreferrer nofollow\" href=\"https:\/\/telegram.me\/share\/url?url=https:\/\/oscarguedez.com\/la-guerra-de-israel-contra-la-prensa-en-gaza\/\" target=\"_blank\" class=\" wd-social-icon social-tg\" aria-label=\"Telegram social link\">\n\t\t\t\t\t\t<span class=\"wd-icon\"><\/span>\n\t\t\t\t\t\t\t\t\t\t\t<\/a>\n\t\t\t\t\n\t\t\t\t\n\t\t\t<\/div>\n\n\t\t\t\t\t\t\t\t\t\t<\/div>\n\t\t\t\t\t\t\t\t<div class=\"tooltip-arrow\"><\/div>\n\t\t\t\t\t\t\t<\/div>\n\t\t\t\t\t\t<\/div>\n\t\t\t\t\t\n\t\t\t\t\t\t\t\t\t\t\t\t\t\t\t\t\t<div class=\"wd-post-reply wd-style-1\">\n\t\t\t\t\t\t\t<a href=\"https:\/\/oscarguedez.com\/la-guerra-de-israel-contra-la-prensa-en-gaza\/#respond\"><span class=\"wd-replies-count\">0<\/span><\/a>\t\t\t\t\t\t<\/div>\n\t\t\t\t\t\t\t\t\t<\/div>\n\t\t\t\n\t\t\t\t\t\t\t\t\t\t\t\t<div class=\"wd-post-excerpt entry-content\">\n\t\t\t\t\t\tLa noche de este domingo qued\u00f3 marcada por otra herida a la libertad de prensa, Anas Al Sharif, corresponsal d...\t\t\t\t\t<\/div>\n\t\t\t\t\n\t\t\t\t\t\t\t\t\t\t\t\t\t\t<div class=\"wd-post-read-more wd-style-link read-more-section\">\n\t\t\t\t\t\t<a class=\"\" href=\"https:\/\/oscarguedez.com\/la-guerra-de-israel-contra-la-prensa-en-gaza\/\">Seguir leyendo<\/a>\t\t\t\t\t<\/div>\n\t\t\t\t\t\t\t\t\t\t\t\t\t<\/div>\n\t<\/div>\n<\/article>\n\n\t\t\t\t\t\t\t\t\t\t\t\n<article id=\"post-29370\" class=\"wd-post blog-design-masonry blog-post-loop blog-style-flat wd-col post-29370 post type-post status-publish format-standard has-post-thumbnail hentry category-escritos category-geopolitica tag-gaza tag-genocidio tag-geopolitica tag-israel tag-israel-vs-hamas tag-oscar-guedez tag-palestina\">\n\t<div class=\"wd-post-inner article-inner\">\n\t\t\t\t\t<div class=\"wd-post-thumb entry-header\">\n\t\t\t\t\t\t\t\t\t<div class=\"wd-post-img post-img-wrapp\">\n\t\t\t\t\t\t<img width=\"1300\" height=\"589\" src=\"https:\/\/oscarguedez.com\/wp-content\/uploads\/2025\/07\/articulo_La-tragedia-en-Gaza-no-tiene-precedentes-en-este-siglo-1300x589.webp\" class=\"attachment-large size-large\" alt=\"La tragedia en Gaza no tiene precedentes en este siglo\" decoding=\"async\" srcset=\"https:\/\/oscarguedez.com\/wp-content\/uploads\/2025\/07\/articulo_La-tragedia-en-Gaza-no-tiene-precedentes-en-este-siglo-1300x589.webp 1300w, https:\/\/oscarguedez.com\/wp-content\/uploads\/2025\/07\/articulo_La-tragedia-en-Gaza-no-tiene-precedentes-en-este-siglo-400x181.webp 400w, https:\/\/oscarguedez.com\/wp-content\/uploads\/2025\/07\/articulo_La-tragedia-en-Gaza-no-tiene-precedentes-en-este-siglo-768x348.webp 768w, https:\/\/oscarguedez.com\/wp-content\/uploads\/2025\/07\/articulo_La-tragedia-en-Gaza-no-tiene-precedentes-en-este-siglo-1536x696.webp 1536w, https:\/\/oscarguedez.com\/wp-content\/uploads\/2025\/07\/articulo_La-tragedia-en-Gaza-no-tiene-precedentes-en-este-siglo-430x195.webp 430w, https:\/\/oscarguedez.com\/wp-content\/uploads\/2025\/07\/articulo_La-tragedia-en-Gaza-no-tiene-precedentes-en-este-siglo-700x317.webp 700w, https:\/\/oscarguedez.com\/wp-content\/uploads\/2025\/07\/articulo_La-tragedia-en-Gaza-no-tiene-precedentes-en-este-siglo-150x68.webp 150w, https:\/\/oscarguedez.com\/wp-content\/uploads\/2025\/07\/articulo_La-tragedia-en-Gaza-no-tiene-precedentes-en-este-siglo.webp 1920w\" sizes=\"(max-width: 1300px) 100vw, 1300px\" \/>\t\t\t\t\t<\/div>\n\t\t\t\t\t<a class=\"wd-fill\" href=\"https:\/\/oscarguedez.com\/la-tragedia-en-gaza-no-tiene-precedentes-en-este-siglo\/\"><\/a>\n\t\t\t\t\n\t\t\t\t\t\t\t\t\t\t\t\t<div class=\"wd-post-date wd-style-with-bg\">\n\t\t\t\t<span class=\"post-date-day\">\n\t\t\t\t\t30\t\t\t\t<\/span>\n\t\t\t\t<span class=\"post-date-month\">\n\t\t\t\t\tJul\t\t\t\t<\/span>\n\t\t\t<\/div>\n\t\t\t\t\t\t\t\t\t<\/div>\n\t\t\n\t\t<div class=\"wd-post-content article-body-container\">\n\t\t\t\t\t\t\t<div class=\"wd-post-cat wd-style-with-bg meta-post-categories\">\n\t\t\t\t\t<a href=\"https:\/\/oscarguedez.com\/category\/escritos\/\" rel=\"category tag\">Escritos<\/a>, <a href=\"https:\/\/oscarguedez.com\/category\/geopolitica\/\" rel=\"category tag\">Geopol\u00edtica<\/a>\t\t\t\t<\/div>\n\t\t\t\n\t\t\t\t\t\t\t<h3 class=\"wd-post-title wd-entities-title title post-title\">\n\t\t\t\t\t<a href=\"https:\/\/oscarguedez.com\/la-tragedia-en-gaza-no-tiene-precedentes-en-este-siglo\/\" rel=\"bookmark\">La tragedia en Gaza no tiene precedentes en este siglo<\/a>\n\t\t\t\t<\/h3>\n\t\t\t\n\t\t\t\t\t\t\t<div class=\"wd-post-meta\">\n\t\t\t\t\t\t\t\t\t\t\t\t\t\t\t<div class=\"wd-post-author\">\n\t\t\t\t\t\t\t\t\t\t\t<span>Publicado por<\/span>\n\t\t\n\t\t\t\t\t<img alt='author-avatar' src='https:\/\/secure.gravatar.com\/avatar\/2053f5776836c39147bedf73641df5989b8f0d5ec9a942d0d063171f54523d69?s=18&#038;d=mm&#038;r=g' srcset='https:\/\/secure.gravatar.com\/avatar\/2053f5776836c39147bedf73641df5989b8f0d5ec9a942d0d063171f54523d69?s=36&#038;d=mm&#038;r=g 2x' class='avatar avatar-18 photo' height='18' width='18' decoding='async'\/>\t\t\n\t\t\t\t\t<a href=\"https:\/\/oscarguedez.com\/author\/oscar-guedez\/\" class=\"author\" rel=\"author\">Oscar Guedez<\/a>\n\t\t\t\t\t\t\t\t\t<\/div>\n\t\t\t\t\t<div class=\"wd-modified-date\">\n\t\t\t\t\t\t\t\t<time class=\"updated\" datetime=\"2026-08-14T19:07:06+00:00\">\n\t\t\t14 de agosto de 2026\t\t<\/time>\n\t\t\t\t\t\t\t<\/div>\n\n\t\t\t\t\t\t\t\t\t\t\t<div class=\"wd-post-share wd-tltp\">\n\t\t\t\t\t\t\t<div class=\"tooltip top\">\n\t\t\t\t\t\t\t\t<div class=\"tooltip-inner\">\n\t\t\t\t\t\t\t\t\t\t\t\t<div\n\t\t\t\t\t\tclass=\" wd-social-icons wd-style-default wd-size-small social-share wd-shape-circle color-scheme-light text-center\">\n\t\t\t\t\n\t\t\t\t\n\t\t\t\t\t\t\t\t\t<a rel=\"noopener noreferrer nofollow\" href=\"https:\/\/www.facebook.com\/sharer\/sharer.php?u=https:\/\/oscarguedez.com\/la-tragedia-en-gaza-no-tiene-precedentes-en-este-siglo\/\" target=\"_blank\" class=\" wd-social-icon social-facebook\" aria-label=\"Facebook social link\">\n\t\t\t\t\t\t<span class=\"wd-icon\"><\/span>\n\t\t\t\t\t\t\t\t\t\t\t<\/a>\n\t\t\t\t\n\t\t\t\t\t\t\t\t\t<a rel=\"noopener noreferrer nofollow\" href=\"https:\/\/x.com\/share?url=https:\/\/oscarguedez.com\/la-tragedia-en-gaza-no-tiene-precedentes-en-este-siglo\/\" target=\"_blank\" class=\" wd-social-icon social-twitter\" aria-label=\"X social link\">\n\t\t\t\t\t\t<span class=\"wd-icon\"><\/span>\n\t\t\t\t\t\t\t\t\t\t\t<\/a>\n\t\t\t\t\n\t\t\t\t\n\t\t\t\t\n\t\t\t\t\n\t\t\t\t\n\t\t\t\t\n\t\t\t\t\t\t\t\t\t<a rel=\"noopener noreferrer nofollow\" href=\"https:\/\/pinterest.com\/pin\/create\/button\/?url=https:\/\/oscarguedez.com\/la-tragedia-en-gaza-no-tiene-precedentes-en-este-siglo\/&media=https:\/\/oscarguedez.com\/wp-content\/uploads\/2025\/07\/articulo_La-tragedia-en-Gaza-no-tiene-precedentes-en-este-siglo.webp&description=La+tragedia+en+Gaza+no+tiene+precedentes+en+este+siglo\" target=\"_blank\" class=\" wd-social-icon social-pinterest\" aria-label=\"Pinterest social link\">\n\t\t\t\t\t\t<span class=\"wd-icon\"><\/span>\n\t\t\t\t\t\t\t\t\t\t\t<\/a>\n\t\t\t\t\n\t\t\t\t\n\t\t\t\t\t\t\t\t\t<a rel=\"noopener noreferrer nofollow\" href=\"https:\/\/www.linkedin.com\/shareArticle?mini=true&url=https:\/\/oscarguedez.com\/la-tragedia-en-gaza-no-tiene-precedentes-en-este-siglo\/\" target=\"_blank\" class=\" wd-social-icon social-linkedin\" aria-label=\"Linkedin social link\">\n\t\t\t\t\t\t<span class=\"wd-icon\"><\/span>\n\t\t\t\t\t\t\t\t\t\t\t<\/a>\n\t\t\t\t\n\t\t\t\t\n\t\t\t\t\n\t\t\t\t\n\t\t\t\t\n\t\t\t\t\n\t\t\t\t\n\t\t\t\t\n\t\t\t\t\n\t\t\t\t\n\t\t\t\t\n\t\t\t\t\n\t\t\t\t\n\t\t\t\t\n\t\t\t\t\n\t\t\t\t\t\t\t\t\t<a rel=\"noopener noreferrer nofollow\" href=\"https:\/\/telegram.me\/share\/url?url=https:\/\/oscarguedez.com\/la-tragedia-en-gaza-no-tiene-precedentes-en-este-siglo\/\" target=\"_blank\" class=\" wd-social-icon social-tg\" aria-label=\"Telegram social link\">\n\t\t\t\t\t\t<span class=\"wd-icon\"><\/span>\n\t\t\t\t\t\t\t\t\t\t\t<\/a>\n\t\t\t\t\n\t\t\t\t\n\t\t\t<\/div>\n\n\t\t\t\t\t\t\t\t\t\t<\/div>\n\t\t\t\t\t\t\t\t<div class=\"tooltip-arrow\"><\/div>\n\t\t\t\t\t\t\t<\/div>\n\t\t\t\t\t\t<\/div>\n\t\t\t\t\t\n\t\t\t\t\t\t\t\t\t\t\t\t\t\t\t\t\t<div class=\"wd-post-reply wd-style-1\">\n\t\t\t\t\t\t\t<a href=\"https:\/\/oscarguedez.com\/la-tragedia-en-gaza-no-tiene-precedentes-en-este-siglo\/#respond\"><span class=\"wd-replies-count\">0<\/span><\/a>\t\t\t\t\t\t<\/div>\n\t\t\t\t\t\t\t\t\t<\/div>\n\t\t\t\n\t\t\t\t\t\t\t\t\t\t\t\t<div class=\"wd-post-excerpt entry-content\">\n\t\t\t\t\t\tAntes de leer este art\u00edculo, sepa que quien suscribe rechaza el uso de la violencia para el logro de cualquier...\t\t\t\t\t<\/div>\n\t\t\t\t\n\t\t\t\t\t\t\t\t\t\t\t\t\t\t<div class=\"wd-post-read-more wd-style-link read-more-section\">\n\t\t\t\t\t\t<a class=\"\" href=\"https:\/\/oscarguedez.com\/la-tragedia-en-gaza-no-tiene-precedentes-en-este-siglo\/\">Seguir leyendo<\/a>\t\t\t\t\t<\/div>\n\t\t\t\t\t\t\t\t\t\t\t\t\t<\/div>\n\t<\/div>\n<\/article>\n\n\t\t\t\t\t\n\t\t\t\t\t","status":"no-more-posts","nextPage":"?woo_ajax=1","currentPage":"https:\/\/oscarguedez.com\/category\/escritos\/page\/2"}