
			
				

					
				

			
		{"items":"\n\t\t\t\t\t\t\t\t\t\t\t\n<article id=\"post-29856\" class=\"wd-post blog-design-masonry blog-post-loop blog-style-flat wd-col post-29856 post type-post status-publish format-standard has-post-thumbnail hentry category-escritos category-geopolitica tag-crisis-en-medio-oriente tag-donald-trump tag-eeuu tag-geopolitica-2 tag-guerra-eeuu-iran tag-historia-iran tag-iran tag-iran-y-ee-uu tag-sistema-politico-iran tag-sociedad-iran tag-trump\">\n\t<div class=\"wd-post-inner article-inner\">\n\t\t\t\t\t<div class=\"wd-post-thumb entry-header\">\n\t\t\t\t\t\t\t\t\t<div class=\"wd-post-img post-img-wrapp\">\n\t\t\t\t\t\t<img width=\"1300\" height=\"725\" src=\"https:\/\/oscarguedez.com\/wp-content\/uploads\/2026\/05\/IMAGEN-PRINCIPAL-1300x725.png\" class=\"attachment-large size-large\" alt=\"Ir\u00e1n\" decoding=\"async\" srcset=\"https:\/\/oscarguedez.com\/wp-content\/uploads\/2026\/05\/IMAGEN-PRINCIPAL-1300x725.png 1300w, https:\/\/oscarguedez.com\/wp-content\/uploads\/2026\/05\/IMAGEN-PRINCIPAL-400x223.png 400w, https:\/\/oscarguedez.com\/wp-content\/uploads\/2026\/05\/IMAGEN-PRINCIPAL-768x428.png 768w, https:\/\/oscarguedez.com\/wp-content\/uploads\/2026\/05\/IMAGEN-PRINCIPAL-1536x857.png 1536w, https:\/\/oscarguedez.com\/wp-content\/uploads\/2026\/05\/IMAGEN-PRINCIPAL-430x240.png 430w, https:\/\/oscarguedez.com\/wp-content\/uploads\/2026\/05\/IMAGEN-PRINCIPAL-700x390.png 700w, https:\/\/oscarguedez.com\/wp-content\/uploads\/2026\/05\/IMAGEN-PRINCIPAL-150x84.png 150w, https:\/\/oscarguedez.com\/wp-content\/uploads\/2026\/05\/IMAGEN-PRINCIPAL.png 1707w\" sizes=\"(max-width: 1300px) 100vw, 1300px\" \/>\t\t\t\t\t<\/div>\n\t\t\t\t\t<a class=\"wd-fill\" href=\"https:\/\/oscarguedez.com\/el-error-de-mirar-a-iran-con-lentes-coloniales\/\"><\/a>\n\t\t\t\t\n\t\t\t\t\t\t\t\t\t\t\t\t<link rel=\"stylesheet\" id=\"wd-post-types-mod-date-style-bg-css\" href=\"https:\/\/oscarguedez.com\/wp-content\/themes\/woodmart\/css\/parts\/post-types-mod-date-style-bg.min.css?ver=8.2.7\" type=\"text\/css\" media=\"all\" \/> \t\t\t\t\t\t<div class=\"wd-post-date wd-style-with-bg\">\n\t\t\t\t<span class=\"post-date-day\">\n\t\t\t\t\t27\t\t\t\t<\/span>\n\t\t\t\t<span class=\"post-date-month\">\n\t\t\t\t\tMay\t\t\t\t<\/span>\n\t\t\t<\/div>\n\t\t\t\t\t\t\t\t\t<\/div>\n\t\t\n\t\t<div class=\"wd-post-content article-body-container\">\n\t\t\t\n\t\t\t\t\t\t\t<h3 class=\"wd-post-title wd-entities-title title post-title\">\n\t\t\t\t\t<a href=\"https:\/\/oscarguedez.com\/el-error-de-mirar-a-iran-con-lentes-coloniales\/\" rel=\"bookmark\">El error de mirar a Ir\u00e1n y sus 2,500 a\u00f1os de historia con lentes coloniales<\/a>\n\t\t\t\t<\/h3>\n\t\t\t\n\t\t\t\n\t\t\t\t\t\t\t\n\t\t\t\t\t\t\t\t\t\t\t\t\t\t<div class=\"wd-post-read-more wd-style-link read-more-section\">\n\t\t\t\t\t\t<a class=\"\" href=\"https:\/\/oscarguedez.com\/el-error-de-mirar-a-iran-con-lentes-coloniales\/\">Seguir leyendo<\/a>\t\t\t\t\t<\/div>\n\t\t\t\t\t\t\t\t\t\t\t\t\t<\/div>\n\t<\/div>\n<\/article>\n\n\t\t\t\t\t\t\t\t\t\t\t\n<article id=\"post-29814\" class=\"wd-post blog-design-masonry blog-post-loop blog-style-flat wd-col post-29814 post type-post status-publish format-standard has-post-thumbnail hentry category-escritos category-geopolitica tag-china tag-donald-trump tag-eeuu tag-geopolitica tag-oscar-guedez\">\n\t<div class=\"wd-post-inner article-inner\">\n\t\t\t\t\t<div class=\"wd-post-thumb entry-header\">\n\t\t\t\t\t\t\t\t\t<div class=\"wd-post-img post-img-wrapp\">\n\t\t\t\t\t\t<img width=\"1200\" height=\"800\" src=\"https:\/\/oscarguedez.com\/wp-content\/uploads\/2026\/05\/Designer-3-1200x800.png\" class=\"attachment-large size-large\" alt=\"Todos los caminos llevan a China\" decoding=\"async\" srcset=\"https:\/\/oscarguedez.com\/wp-content\/uploads\/2026\/05\/Designer-3-1200x800.png 1200w, https:\/\/oscarguedez.com\/wp-content\/uploads\/2026\/05\/Designer-3-400x267.png 400w, https:\/\/oscarguedez.com\/wp-content\/uploads\/2026\/05\/Designer-3-768x512.png 768w, https:\/\/oscarguedez.com\/wp-content\/uploads\/2026\/05\/Designer-3-430x287.png 430w, https:\/\/oscarguedez.com\/wp-content\/uploads\/2026\/05\/Designer-3-700x467.png 700w, https:\/\/oscarguedez.com\/wp-content\/uploads\/2026\/05\/Designer-3-150x100.png 150w, https:\/\/oscarguedez.com\/wp-content\/uploads\/2026\/05\/Designer-3.png 1536w\" sizes=\"(max-width: 1200px) 100vw, 1200px\" \/>\t\t\t\t\t<\/div>\n\t\t\t\t\t<a class=\"wd-fill\" href=\"https:\/\/oscarguedez.com\/todos-los-caminos-llevan-a-china\/\"><\/a>\n\t\t\t\t\n\t\t\t\t\t\t\t\t\t\t\t\t<div class=\"wd-post-date wd-style-with-bg\">\n\t\t\t\t<span class=\"post-date-day\">\n\t\t\t\t\t20\t\t\t\t<\/span>\n\t\t\t\t<span class=\"post-date-month\">\n\t\t\t\t\tMay\t\t\t\t<\/span>\n\t\t\t<\/div>\n\t\t\t\t\t\t\t\t\t<\/div>\n\t\t\n\t\t<div class=\"wd-post-content article-body-container\">\n\t\t\t\n\t\t\t\t\t\t\t<h3 class=\"wd-post-title wd-entities-title title post-title\">\n\t\t\t\t\t<a href=\"https:\/\/oscarguedez.com\/todos-los-caminos-llevan-a-china\/\" rel=\"bookmark\">Todos los caminos llevan a China<\/a>\n\t\t\t\t<\/h3>\n\t\t\t\n\t\t\t\n\t\t\t\t\t\t\t\n\t\t\t\t\t\t\t\t\t\t\t\t\t\t<div class=\"wd-post-read-more wd-style-link read-more-section\">\n\t\t\t\t\t\t<a class=\"\" href=\"https:\/\/oscarguedez.com\/todos-los-caminos-llevan-a-china\/\">Seguir leyendo<\/a>\t\t\t\t\t<\/div>\n\t\t\t\t\t\t\t\t\t\t\t\t\t<\/div>\n\t<\/div>\n<\/article>\n\n\t\t\t\t\t\t\t\t\t\t\t\n<article id=\"post-29780\" class=\"wd-post blog-design-masonry blog-post-loop blog-style-flat wd-col post-29780 post type-post status-publish format-standard has-post-thumbnail hentry category-cambio_climatico tag-analisis-3 tag-cambio-climatico tag-desarrollo-sostenible tag-dia-del-medio-ambiente tag-republica-dominicana\">\n\t<div class=\"wd-post-inner article-inner\">\n\t\t\t\t\t<div class=\"wd-post-thumb entry-header\">\n\t\t\t\t\t\t\t\t\t<div class=\"wd-post-img post-img-wrapp\">\n\t\t\t\t\t\t<img width=\"1000\" height=\"600\" src=\"https:\/\/oscarguedez.com\/wp-content\/uploads\/2026\/04\/articulo_Ver-la-Tierra-desde-fuera-para-entenderla-desde-dentro_1.webp\" class=\"attachment-large size-large\" alt=\"Tierra\" decoding=\"async\" srcset=\"https:\/\/oscarguedez.com\/wp-content\/uploads\/2026\/04\/articulo_Ver-la-Tierra-desde-fuera-para-entenderla-desde-dentro_1.webp 1000w, https:\/\/oscarguedez.com\/wp-content\/uploads\/2026\/04\/articulo_Ver-la-Tierra-desde-fuera-para-entenderla-desde-dentro_1-400x240.webp 400w, https:\/\/oscarguedez.com\/wp-content\/uploads\/2026\/04\/articulo_Ver-la-Tierra-desde-fuera-para-entenderla-desde-dentro_1-768x461.webp 768w, https:\/\/oscarguedez.com\/wp-content\/uploads\/2026\/04\/articulo_Ver-la-Tierra-desde-fuera-para-entenderla-desde-dentro_1-430x258.webp 430w, https:\/\/oscarguedez.com\/wp-content\/uploads\/2026\/04\/articulo_Ver-la-Tierra-desde-fuera-para-entenderla-desde-dentro_1-700x420.webp 700w, https:\/\/oscarguedez.com\/wp-content\/uploads\/2026\/04\/articulo_Ver-la-Tierra-desde-fuera-para-entenderla-desde-dentro_1-150x90.webp 150w\" sizes=\"(max-width: 1000px) 100vw, 1000px\" \/>\t\t\t\t\t<\/div>\n\t\t\t\t\t<a class=\"wd-fill\" href=\"https:\/\/oscarguedez.com\/ver-la-tierra-desde-fuera-para-entenderla-desde-dentro\/\"><\/a>\n\t\t\t\t\n\t\t\t\t\t\t\t\t\t\t\t\t<div class=\"wd-post-date wd-style-with-bg\">\n\t\t\t\t<span class=\"post-date-day\">\n\t\t\t\t\t24\t\t\t\t<\/span>\n\t\t\t\t<span class=\"post-date-month\">\n\t\t\t\t\tAbr\t\t\t\t<\/span>\n\t\t\t<\/div>\n\t\t\t\t\t\t\t\t\t<\/div>\n\t\t\n\t\t<div class=\"wd-post-content article-body-container\">\n\t\t\t\n\t\t\t\t\t\t\t<h3 class=\"wd-post-title wd-entities-title title post-title\">\n\t\t\t\t\t<a href=\"https:\/\/oscarguedez.com\/ver-la-tierra-desde-fuera-para-entenderla-desde-dentro\/\" rel=\"bookmark\">Ver la Tierra desde fuera para entenderla desde dentro<\/a>\n\t\t\t\t<\/h3>\n\t\t\t\n\t\t\t\n\t\t\t\t\t\t\t\n\t\t\t\t\t\t\t\t\t\t\t\t\t\t<div class=\"wd-post-read-more wd-style-link read-more-section\">\n\t\t\t\t\t\t<a class=\"\" href=\"https:\/\/oscarguedez.com\/ver-la-tierra-desde-fuera-para-entenderla-desde-dentro\/\">Seguir leyendo<\/a>\t\t\t\t\t<\/div>\n\t\t\t\t\t\t\t\t\t\t\t\t\t<\/div>\n\t<\/div>\n<\/article>\n\n\t\t\t\t\t\t\t\t\t\t\t\n<article id=\"post-29761\" class=\"wd-post blog-design-masonry blog-post-loop blog-style-flat wd-col post-29761 post type-post status-publish format-standard has-post-thumbnail hentry category-geopolitica tag-crisis-en-medio-oriente\">\n\t<div class=\"wd-post-inner article-inner\">\n\t\t\t\t\t<div class=\"wd-post-thumb entry-header\">\n\t\t\t\t\t\t\t\t\t<div class=\"wd-post-img post-img-wrapp\">\n\t\t\t\t\t\t<img width=\"1200\" height=\"800\" src=\"https:\/\/oscarguedez.com\/wp-content\/uploads\/2026\/04\/articulo_Los-limites-a-la-presion-y-la-paz-entre-EE.UU_.-e-Iran_3-1200x800.webp\" class=\"attachment-large size-large\" alt=\"Presi\u00f3n y paz entre EE.UU, e Ir\u00e1n\" decoding=\"async\" srcset=\"https:\/\/oscarguedez.com\/wp-content\/uploads\/2026\/04\/articulo_Los-limites-a-la-presion-y-la-paz-entre-EE.UU_.-e-Iran_3-1200x800.webp 1200w, https:\/\/oscarguedez.com\/wp-content\/uploads\/2026\/04\/articulo_Los-limites-a-la-presion-y-la-paz-entre-EE.UU_.-e-Iran_3-400x267.webp 400w, https:\/\/oscarguedez.com\/wp-content\/uploads\/2026\/04\/articulo_Los-limites-a-la-presion-y-la-paz-entre-EE.UU_.-e-Iran_3-768x512.webp 768w, https:\/\/oscarguedez.com\/wp-content\/uploads\/2026\/04\/articulo_Los-limites-a-la-presion-y-la-paz-entre-EE.UU_.-e-Iran_3-1536x1024.webp 1536w, https:\/\/oscarguedez.com\/wp-content\/uploads\/2026\/04\/articulo_Los-limites-a-la-presion-y-la-paz-entre-EE.UU_.-e-Iran_3-430x287.webp 430w, https:\/\/oscarguedez.com\/wp-content\/uploads\/2026\/04\/articulo_Los-limites-a-la-presion-y-la-paz-entre-EE.UU_.-e-Iran_3-700x467.webp 700w, https:\/\/oscarguedez.com\/wp-content\/uploads\/2026\/04\/articulo_Los-limites-a-la-presion-y-la-paz-entre-EE.UU_.-e-Iran_3-150x100.webp 150w, https:\/\/oscarguedez.com\/wp-content\/uploads\/2026\/04\/articulo_Los-limites-a-la-presion-y-la-paz-entre-EE.UU_.-e-Iran_3.webp 1920w\" sizes=\"(max-width: 1200px) 100vw, 1200px\" \/>\t\t\t\t\t<\/div>\n\t\t\t\t\t<a class=\"wd-fill\" href=\"https:\/\/oscarguedez.com\/los-limites-a-la-presion-y-la-paz-entre-ee-uu-e-iran\/\"><\/a>\n\t\t\t\t\n\t\t\t\t\t\t\t\t\t\t\t\t<div class=\"wd-post-date wd-style-with-bg\">\n\t\t\t\t<span class=\"post-date-day\">\n\t\t\t\t\t15\t\t\t\t<\/span>\n\t\t\t\t<span class=\"post-date-month\">\n\t\t\t\t\tAbr\t\t\t\t<\/span>\n\t\t\t<\/div>\n\t\t\t\t\t\t\t\t\t<\/div>\n\t\t\n\t\t<div class=\"wd-post-content article-body-container\">\n\t\t\t\n\t\t\t\t\t\t\t<h3 class=\"wd-post-title wd-entities-title title post-title\">\n\t\t\t\t\t<a href=\"https:\/\/oscarguedez.com\/los-limites-a-la-presion-y-la-paz-entre-ee-uu-e-iran\/\" rel=\"bookmark\">Los l\u00edmites a la presi\u00f3n y la paz entre EE.UU. e Ir\u00e1n<\/a>\n\t\t\t\t<\/h3>\n\t\t\t\n\t\t\t\n\t\t\t\t\t\t\t\n\t\t\t\t\t\t\t\t\t\t\t\t\t\t<div class=\"wd-post-read-more wd-style-link read-more-section\">\n\t\t\t\t\t\t<a class=\"\" href=\"https:\/\/oscarguedez.com\/los-limites-a-la-presion-y-la-paz-entre-ee-uu-e-iran\/\">Seguir leyendo<\/a>\t\t\t\t\t<\/div>\n\t\t\t\t\t\t\t\t\t\t\t\t\t<\/div>\n\t<\/div>\n<\/article>\n\n\t\t\t\t\t\t\t\t\t\t\t\n<article id=\"post-29750\" class=\"wd-post blog-design-masonry blog-post-loop blog-style-flat wd-col post-29750 post type-post status-publish format-standard has-post-thumbnail hentry category-cambio_climatico category-escritos category-geopolitica tag-crisis-en-medio-oriente tag-donald-trump tag-eeuu tag-geopolitica tag-iran tag-iran-y-ee-uu tag-ormuz\">\n\t<div class=\"wd-post-inner article-inner\">\n\t\t\t\t\t<div class=\"wd-post-thumb entry-header\">\n\t\t\t\t\t\t\t\t\t<div class=\"wd-post-img post-img-wrapp\">\n\t\t\t\t\t\t<img width=\"1200\" height=\"800\" src=\"https:\/\/oscarguedez.com\/wp-content\/uploads\/2026\/04\/PORTADA-1200x800.png\" class=\"attachment-large size-large\" alt=\"El mundo busca ox\u00edgeno energ\u00e9tico ante el cierre de Ormuz\" decoding=\"async\" srcset=\"https:\/\/oscarguedez.com\/wp-content\/uploads\/2026\/04\/PORTADA-1200x800.png 1200w, https:\/\/oscarguedez.com\/wp-content\/uploads\/2026\/04\/PORTADA-400x267.png 400w, https:\/\/oscarguedez.com\/wp-content\/uploads\/2026\/04\/PORTADA-768x512.png 768w, https:\/\/oscarguedez.com\/wp-content\/uploads\/2026\/04\/PORTADA-430x287.png 430w, https:\/\/oscarguedez.com\/wp-content\/uploads\/2026\/04\/PORTADA-700x467.png 700w, https:\/\/oscarguedez.com\/wp-content\/uploads\/2026\/04\/PORTADA-150x100.png 150w, https:\/\/oscarguedez.com\/wp-content\/uploads\/2026\/04\/PORTADA.png 1536w\" sizes=\"(max-width: 1200px) 100vw, 1200px\" \/>\t\t\t\t\t<\/div>\n\t\t\t\t\t<a class=\"wd-fill\" href=\"https:\/\/oscarguedez.com\/el-mundo-busca-oxigeno-energetico-ante-el-cierre-de-ormuz-2\/\"><\/a>\n\t\t\t\t\n\t\t\t\t\t\t\t\t\t\t\t\t<div class=\"wd-post-date wd-style-with-bg\">\n\t\t\t\t<span class=\"post-date-day\">\n\t\t\t\t\t08\t\t\t\t<\/span>\n\t\t\t\t<span class=\"post-date-month\">\n\t\t\t\t\tAbr\t\t\t\t<\/span>\n\t\t\t<\/div>\n\t\t\t\t\t\t\t\t\t<\/div>\n\t\t\n\t\t<div class=\"wd-post-content article-body-container\">\n\t\t\t\n\t\t\t\t\t\t\t<h3 class=\"wd-post-title wd-entities-title title post-title\">\n\t\t\t\t\t<a href=\"https:\/\/oscarguedez.com\/el-mundo-busca-oxigeno-energetico-ante-el-cierre-de-ormuz-2\/\" rel=\"bookmark\">El mundo busca ox\u00edgeno energ\u00e9tico ante el cierre de Ormuz<\/a>\n\t\t\t\t<\/h3>\n\t\t\t\n\t\t\t\n\t\t\t\t\t\t\t\n\t\t\t\t\t\t\t\t\t\t\t\t\t\t<div class=\"wd-post-read-more wd-style-link read-more-section\">\n\t\t\t\t\t\t<a class=\"\" href=\"https:\/\/oscarguedez.com\/el-mundo-busca-oxigeno-energetico-ante-el-cierre-de-ormuz-2\/\">Seguir leyendo<\/a>\t\t\t\t\t<\/div>\n\t\t\t\t\t\t\t\t\t\t\t\t\t<\/div>\n\t<\/div>\n<\/article>\n\n\t\t\t\t\t\t\t\t\t\t\t\n<article id=\"post-29339\" class=\"wd-post blog-design-masonry blog-post-loop blog-style-flat wd-col post-29339 post type-post status-publish format-standard has-post-thumbnail hentry category-escritos category-geopolitica tag-crisis-en-medio-oriente tag-donald-trump tag-eeuu tag-geopolitica tag-iran-y-ee-uu tag-oscar-guedez\">\n\t<div class=\"wd-post-inner article-inner\">\n\t\t\t\t\t<div class=\"wd-post-thumb entry-header\">\n\t\t\t\t\t\t\t\t\t<div class=\"wd-post-img post-img-wrapp\">\n\t\t\t\t\t\t<img width=\"1024\" height=\"572\" src=\"https:\/\/oscarguedez.com\/wp-content\/uploads\/2026\/03\/articulo_Queremos-creer.jpg\" class=\"attachment-large size-large\" alt=\"Queremos creer Guerra Estados Unidos Ir\u00e1n e Israel mercados petr\u00f3leo\" decoding=\"async\" srcset=\"https:\/\/oscarguedez.com\/wp-content\/uploads\/2026\/03\/articulo_Queremos-creer.jpg 1024w, https:\/\/oscarguedez.com\/wp-content\/uploads\/2026\/03\/articulo_Queremos-creer-400x223.jpg 400w, https:\/\/oscarguedez.com\/wp-content\/uploads\/2026\/03\/articulo_Queremos-creer-768x429.jpg 768w, https:\/\/oscarguedez.com\/wp-content\/uploads\/2026\/03\/articulo_Queremos-creer-430x240.jpg 430w, https:\/\/oscarguedez.com\/wp-content\/uploads\/2026\/03\/articulo_Queremos-creer-700x391.jpg 700w, https:\/\/oscarguedez.com\/wp-content\/uploads\/2026\/03\/articulo_Queremos-creer-150x84.jpg 150w\" sizes=\"(max-width: 1024px) 100vw, 1024px\" \/>\t\t\t\t\t<\/div>\n\t\t\t\t\t<a class=\"wd-fill\" href=\"https:\/\/oscarguedez.com\/queremos-creer\/\"><\/a>\n\t\t\t\t\n\t\t\t\t\t\t\t\t\t\t\t\t<div class=\"wd-post-date wd-style-with-bg\">\n\t\t\t\t<span class=\"post-date-day\">\n\t\t\t\t\t26\t\t\t\t<\/span>\n\t\t\t\t<span class=\"post-date-month\">\n\t\t\t\t\tMar\t\t\t\t<\/span>\n\t\t\t<\/div>\n\t\t\t\t\t\t\t\t\t<\/div>\n\t\t\n\t\t<div class=\"wd-post-content article-body-container\">\n\t\t\t\n\t\t\t\t\t\t\t<h3 class=\"wd-post-title wd-entities-title title post-title\">\n\t\t\t\t\t<a href=\"https:\/\/oscarguedez.com\/queremos-creer\/\" rel=\"bookmark\">Queremos creer<\/a>\n\t\t\t\t<\/h3>\n\t\t\t\n\t\t\t\n\t\t\t\t\t\t\t\n\t\t\t\t\t\t\t\t\t\t\t\t\t\t<div class=\"wd-post-read-more wd-style-link read-more-section\">\n\t\t\t\t\t\t<a class=\"\" href=\"https:\/\/oscarguedez.com\/queremos-creer\/\">Seguir leyendo<\/a>\t\t\t\t\t<\/div>\n\t\t\t\t\t\t\t\t\t\t\t\t\t<\/div>\n\t<\/div>\n<\/article>\n\n\t\t\t\t\t\t\t\t\t\t\t\n<article id=\"post-29324\" class=\"wd-post blog-design-masonry blog-post-loop blog-style-flat wd-col post-29324 post type-post status-publish format-standard has-post-thumbnail hentry category-geopolitica tag-crisis-en-medio-oriente tag-donald-trump tag-geopolitica tag-iran tag-iran-y-ee-uu tag-oscar-guedez\">\n\t<div class=\"wd-post-inner article-inner\">\n\t\t\t\t\t<div class=\"wd-post-thumb entry-header\">\n\t\t\t\t\t\t\t\t\t<div class=\"wd-post-img post-img-wrapp\">\n\t\t\t\t\t\t<img width=\"1300\" height=\"726\" src=\"https:\/\/oscarguedez.com\/wp-content\/uploads\/2026\/03\/articulo_NUEVO-MEDIO-ORIENTE-2-1300x726.webp\" class=\"attachment-large size-large\" alt=\"Conflicto en Medio Oriente podr\u00eda sacudir su orden geoestrat\u00e9gico\" decoding=\"async\" srcset=\"https:\/\/oscarguedez.com\/wp-content\/uploads\/2026\/03\/articulo_NUEVO-MEDIO-ORIENTE-2-1300x726.webp 1300w, https:\/\/oscarguedez.com\/wp-content\/uploads\/2026\/03\/articulo_NUEVO-MEDIO-ORIENTE-2-400x223.webp 400w, https:\/\/oscarguedez.com\/wp-content\/uploads\/2026\/03\/articulo_NUEVO-MEDIO-ORIENTE-2-768x429.webp 768w, https:\/\/oscarguedez.com\/wp-content\/uploads\/2026\/03\/articulo_NUEVO-MEDIO-ORIENTE-2-1536x858.webp 1536w, https:\/\/oscarguedez.com\/wp-content\/uploads\/2026\/03\/articulo_NUEVO-MEDIO-ORIENTE-2-430x240.webp 430w, https:\/\/oscarguedez.com\/wp-content\/uploads\/2026\/03\/articulo_NUEVO-MEDIO-ORIENTE-2-700x391.webp 700w, https:\/\/oscarguedez.com\/wp-content\/uploads\/2026\/03\/articulo_NUEVO-MEDIO-ORIENTE-2-150x84.webp 150w, https:\/\/oscarguedez.com\/wp-content\/uploads\/2026\/03\/articulo_NUEVO-MEDIO-ORIENTE-2.webp 1920w\" sizes=\"(max-width: 1300px) 100vw, 1300px\" \/>\t\t\t\t\t<\/div>\n\t\t\t\t\t<a class=\"wd-fill\" href=\"https:\/\/oscarguedez.com\/conflicto-en-medio-oriente-podria-sacudir-su-orden-geoestrategico\/\"><\/a>\n\t\t\t\t\n\t\t\t\t\t\t\t\t\t\t\t\t<div class=\"wd-post-date wd-style-with-bg\">\n\t\t\t\t<span class=\"post-date-day\">\n\t\t\t\t\t23\t\t\t\t<\/span>\n\t\t\t\t<span class=\"post-date-month\">\n\t\t\t\t\tMar\t\t\t\t<\/span>\n\t\t\t<\/div>\n\t\t\t\t\t\t\t\t\t<\/div>\n\t\t\n\t\t<div class=\"wd-post-content article-body-container\">\n\t\t\t\n\t\t\t\t\t\t\t<h3 class=\"wd-post-title wd-entities-title title post-title\">\n\t\t\t\t\t<a href=\"https:\/\/oscarguedez.com\/conflicto-en-medio-oriente-podria-sacudir-su-orden-geoestrategico\/\" rel=\"bookmark\">Conflicto en Medio Oriente podr\u00eda sacudir su orden geoestrat\u00e9gico<\/a>\n\t\t\t\t<\/h3>\n\t\t\t\n\t\t\t\n\t\t\t\t\t\t\t\n\t\t\t\t\t\t\t\t\t\t\t\t\t\t<div class=\"wd-post-read-more wd-style-link read-more-section\">\n\t\t\t\t\t\t<a class=\"\" href=\"https:\/\/oscarguedez.com\/conflicto-en-medio-oriente-podria-sacudir-su-orden-geoestrategico\/\">Seguir leyendo<\/a>\t\t\t\t\t<\/div>\n\t\t\t\t\t\t\t\t\t\t\t\t\t<\/div>\n\t<\/div>\n<\/article>\n\n\t\t\t\t\t\t\t\t\t\t\t\n<article id=\"post-29168\" class=\"wd-post blog-design-masonry blog-post-loop blog-style-flat wd-col post-29168 post type-post status-publish format-standard has-post-thumbnail hentry category-cambio_climatico tag-energia tag-petroleo tag-precios-del-petroleo\">\n\t<div class=\"wd-post-inner article-inner\">\n\t\t\t\t\t<div class=\"wd-post-thumb entry-header\">\n\t\t\t\t\t\t\t\t\t<div class=\"wd-post-img post-img-wrapp\">\n\t\t\t\t\t\t<img width=\"1200\" height=\"640\" src=\"https:\/\/oscarguedez.com\/wp-content\/uploads\/2026\/03\/articulo-Sin-transicion-energetica-el-petroleo-estaria-hoy-por-las-nubes.webp\" class=\"attachment-large size-large\" alt=\"Sin transici\u00f3n energ\u00e9tica el petr\u00f3leo estar\u00eda hoy por las nubes\" decoding=\"async\" srcset=\"https:\/\/oscarguedez.com\/wp-content\/uploads\/2026\/03\/articulo-Sin-transicion-energetica-el-petroleo-estaria-hoy-por-las-nubes.webp 1200w, https:\/\/oscarguedez.com\/wp-content\/uploads\/2026\/03\/articulo-Sin-transicion-energetica-el-petroleo-estaria-hoy-por-las-nubes-430x229.webp 430w, https:\/\/oscarguedez.com\/wp-content\/uploads\/2026\/03\/articulo-Sin-transicion-energetica-el-petroleo-estaria-hoy-por-las-nubes-150x80.webp 150w, https:\/\/oscarguedez.com\/wp-content\/uploads\/2026\/03\/articulo-Sin-transicion-energetica-el-petroleo-estaria-hoy-por-las-nubes-700x373.webp 700w, https:\/\/oscarguedez.com\/wp-content\/uploads\/2026\/03\/articulo-Sin-transicion-energetica-el-petroleo-estaria-hoy-por-las-nubes-400x213.webp 400w, https:\/\/oscarguedez.com\/wp-content\/uploads\/2026\/03\/articulo-Sin-transicion-energetica-el-petroleo-estaria-hoy-por-las-nubes-768x410.webp 768w\" sizes=\"(max-width: 1200px) 100vw, 1200px\" \/>\t\t\t\t\t<\/div>\n\t\t\t\t\t<a class=\"wd-fill\" href=\"https:\/\/oscarguedez.com\/sin-transicion-energetica-el-petroleo-estaria-hoy-por-las-nubes-2\/\"><\/a>\n\t\t\t\t\n\t\t\t\t\t\t\t\t\t\t\t\t<div class=\"wd-post-date wd-style-with-bg\">\n\t\t\t\t<span class=\"post-date-day\">\n\t\t\t\t\t16\t\t\t\t<\/span>\n\t\t\t\t<span class=\"post-date-month\">\n\t\t\t\t\tMar\t\t\t\t<\/span>\n\t\t\t<\/div>\n\t\t\t\t\t\t\t\t\t<\/div>\n\t\t\n\t\t<div class=\"wd-post-content article-body-container\">\n\t\t\t\n\t\t\t\t\t\t\t<h3 class=\"wd-post-title wd-entities-title title post-title\">\n\t\t\t\t\t<a href=\"https:\/\/oscarguedez.com\/sin-transicion-energetica-el-petroleo-estaria-hoy-por-las-nubes-2\/\" rel=\"bookmark\">Sin transici\u00f3n energ\u00e9tica el petr\u00f3leo estar\u00eda hoy por las nubes<\/a>\n\t\t\t\t<\/h3>\n\t\t\t\n\t\t\t\n\t\t\t\t\t\t\t\n\t\t\t\t\t\t\t\t\t\t\t\t\t\t<div class=\"wd-post-read-more wd-style-link read-more-section\">\n\t\t\t\t\t\t<a class=\"\" href=\"https:\/\/oscarguedez.com\/sin-transicion-energetica-el-petroleo-estaria-hoy-por-las-nubes-2\/\">Seguir leyendo<\/a>\t\t\t\t\t<\/div>\n\t\t\t\t\t\t\t\t\t\t\t\t\t<\/div>\n\t<\/div>\n<\/article>\n\n\t\t\t\t\t\t\t\t\t\t\t\n<article id=\"post-29181\" class=\"wd-post blog-design-masonry blog-post-loop blog-style-flat wd-col post-29181 post type-post status-publish format-standard has-post-thumbnail hentry category-geopolitica tag-ali-jamenei tag-crisis-en-medio-oriente tag-iran tag-mojtaba-jamenei\">\n\t<div class=\"wd-post-inner article-inner\">\n\t\t\t\t\t<div class=\"wd-post-thumb entry-header\">\n\t\t\t\t\t\t\t\t\t<div class=\"wd-post-img post-img-wrapp\">\n\t\t\t\t\t\t<img width=\"1200\" height=\"656\" src=\"https:\/\/oscarguedez.com\/wp-content\/uploads\/2026\/03\/articulo-Ali-Jamenei_1.webp\" class=\"attachment-large size-large\" alt=\"Una precisi\u00f3n del lenguaje sobre Ir\u00e1n y \u00abel nuevo\u00bb Ayatol\u00e1\" decoding=\"async\" srcset=\"https:\/\/oscarguedez.com\/wp-content\/uploads\/2026\/03\/articulo-Ali-Jamenei_1.webp 1200w, https:\/\/oscarguedez.com\/wp-content\/uploads\/2026\/03\/articulo-Ali-Jamenei_1-430x235.webp 430w, https:\/\/oscarguedez.com\/wp-content\/uploads\/2026\/03\/articulo-Ali-Jamenei_1-150x82.webp 150w, https:\/\/oscarguedez.com\/wp-content\/uploads\/2026\/03\/articulo-Ali-Jamenei_1-700x383.webp 700w, https:\/\/oscarguedez.com\/wp-content\/uploads\/2026\/03\/articulo-Ali-Jamenei_1-400x219.webp 400w, https:\/\/oscarguedez.com\/wp-content\/uploads\/2026\/03\/articulo-Ali-Jamenei_1-768x420.webp 768w\" sizes=\"(max-width: 1200px) 100vw, 1200px\" \/>\t\t\t\t\t<\/div>\n\t\t\t\t\t<a class=\"wd-fill\" href=\"https:\/\/oscarguedez.com\/una-precision-del-lenguaje-sobre-iran-y-el-nuevo-ayatola-2\/\"><\/a>\n\t\t\t\t\n\t\t\t\t\t\t\t\t\t\t\t\t<div class=\"wd-post-date wd-style-with-bg\">\n\t\t\t\t<span class=\"post-date-day\">\n\t\t\t\t\t12\t\t\t\t<\/span>\n\t\t\t\t<span class=\"post-date-month\">\n\t\t\t\t\tMar\t\t\t\t<\/span>\n\t\t\t<\/div>\n\t\t\t\t\t\t\t\t\t<\/div>\n\t\t\n\t\t<div class=\"wd-post-content article-body-container\">\n\t\t\t\n\t\t\t\t\t\t\t<h3 class=\"wd-post-title wd-entities-title title post-title\">\n\t\t\t\t\t<a href=\"https:\/\/oscarguedez.com\/una-precision-del-lenguaje-sobre-iran-y-el-nuevo-ayatola-2\/\" rel=\"bookmark\">Una precisi\u00f3n del lenguaje sobre Ir\u00e1n y \u00abel nuevo\u00bb Ayatol\u00e1<\/a>\n\t\t\t\t<\/h3>\n\t\t\t\n\t\t\t\n\t\t\t\t\t\t\t\n\t\t\t\t\t\t\t\t\t\t\t\t\t\t<div class=\"wd-post-read-more wd-style-link read-more-section\">\n\t\t\t\t\t\t<a class=\"\" href=\"https:\/\/oscarguedez.com\/una-precision-del-lenguaje-sobre-iran-y-el-nuevo-ayatola-2\/\">Seguir leyendo<\/a>\t\t\t\t\t<\/div>\n\t\t\t\t\t\t\t\t\t\t\t\t\t<\/div>\n\t<\/div>\n<\/article>\n\n\t\t\t\t\t\t\t\t\t\t\t\n<article id=\"post-29163\" class=\"wd-post blog-design-masonry blog-post-loop blog-style-flat wd-col post-29163 post type-post status-publish format-standard has-post-thumbnail hentry category-cambio_climatico tag-brasil tag-cambio-climatico tag-cop30 tag-desarrollo-sostenible tag-oscar-guedez tag-republica-dominicana\">\n\t<div class=\"wd-post-inner article-inner\">\n\t\t\t\t\t<div class=\"wd-post-thumb entry-header\">\n\t\t\t\t\t\t\t\t\t<div class=\"wd-post-img post-img-wrapp\">\n\t\t\t\t\t\t<img width=\"1000\" height=\"600\" src=\"https:\/\/oscarguedez.com\/wp-content\/uploads\/2026\/03\/comienza-hoy-la-cumbre-COP30.webp\" class=\"attachment-large size-large\" alt=\"Comienza hoy la cumbre COP30; Brasil impulsa la implementaci\u00f3n clim\u00e1tica Sostenibilidad\" decoding=\"async\" srcset=\"https:\/\/oscarguedez.com\/wp-content\/uploads\/2026\/03\/comienza-hoy-la-cumbre-COP30.webp 1000w, https:\/\/oscarguedez.com\/wp-content\/uploads\/2026\/03\/comienza-hoy-la-cumbre-COP30-430x258.webp 430w, https:\/\/oscarguedez.com\/wp-content\/uploads\/2026\/03\/comienza-hoy-la-cumbre-COP30-150x90.webp 150w, https:\/\/oscarguedez.com\/wp-content\/uploads\/2026\/03\/comienza-hoy-la-cumbre-COP30-700x420.webp 700w, https:\/\/oscarguedez.com\/wp-content\/uploads\/2026\/03\/comienza-hoy-la-cumbre-COP30-400x240.webp 400w, https:\/\/oscarguedez.com\/wp-content\/uploads\/2026\/03\/comienza-hoy-la-cumbre-COP30-768x461.webp 768w\" sizes=\"(max-width: 1000px) 100vw, 1000px\" \/>\t\t\t\t\t<\/div>\n\t\t\t\t\t<a class=\"wd-fill\" href=\"https:\/\/oscarguedez.com\/comienza-hoy-la-cumbre-cop30-brasil-impulsa-la-implementacion-climatica\/\"><\/a>\n\t\t\t\t\n\t\t\t\t\t\t\t\t\t\t\t\t<div class=\"wd-post-date wd-style-with-bg\">\n\t\t\t\t<span class=\"post-date-day\">\n\t\t\t\t\t10\t\t\t\t<\/span>\n\t\t\t\t<span class=\"post-date-month\">\n\t\t\t\t\tMar\t\t\t\t<\/span>\n\t\t\t<\/div>\n\t\t\t\t\t\t\t\t\t<\/div>\n\t\t\n\t\t<div class=\"wd-post-content article-body-container\">\n\t\t\t\n\t\t\t\t\t\t\t<h3 class=\"wd-post-title wd-entities-title title post-title\">\n\t\t\t\t\t<a href=\"https:\/\/oscarguedez.com\/comienza-hoy-la-cumbre-cop30-brasil-impulsa-la-implementacion-climatica\/\" rel=\"bookmark\">Comienza hoy la cumbre COP30; Brasil impulsa la implementaci\u00f3n clim\u00e1tica<\/a>\n\t\t\t\t<\/h3>\n\t\t\t\n\t\t\t\n\t\t\t\t\t\t\t\n\t\t\t\t\t\t\t\t\t\t\t\t\t\t<div class=\"wd-post-read-more wd-style-link read-more-section\">\n\t\t\t\t\t\t<a class=\"\" href=\"https:\/\/oscarguedez.com\/comienza-hoy-la-cumbre-cop30-brasil-impulsa-la-implementacion-climatica\/\">Seguir leyendo<\/a>\t\t\t\t\t<\/div>\n\t\t\t\t\t\t\t\t\t\t\t\t\t<\/div>\n\t<\/div>\n<\/article>\n\n\t\t\t\t\t\n\t\t\t\t\t","status":"have-posts","nextPage":"https:\/\/oscarguedez.com\/mis_escritos\/page\/3\/?woo_ajax=1","currentPage":"https:\/\/oscarguedez.com\/mis_escritos\/page\/2"}