
			
				

					
				

			
		{"items":"\n\t\t\t\t\t\t\t\t\t\t\t\n<article id=\"post-29517\" class=\"wd-post blog-design-masonry blog-post-loop blog-style-flat wd-col post-29517 post type-post status-publish format-standard has-post-thumbnail hentry category-cambio_climatico tag-dia-mundial-del-medio-ambiente\">\n\t<div class=\"wd-post-inner article-inner\">\n\t\t\t\t\t<div class=\"wd-post-thumb entry-header\">\n\t\t\t\t\t\t\t\t\t<div class=\"wd-post-img post-img-wrapp\">\n\t\t\t\t\t\t<img width=\"1000\" height=\"500\" src=\"https:\/\/oscarguedez.com\/wp-content\/uploads\/2022\/06\/articulo_Dia-Mundial-del-Medio-Ambiente.jpg\" class=\"attachment-large size-large\" alt=\"\" decoding=\"async\" srcset=\"https:\/\/oscarguedez.com\/wp-content\/uploads\/2022\/06\/articulo_Dia-Mundial-del-Medio-Ambiente.jpg 1000w, https:\/\/oscarguedez.com\/wp-content\/uploads\/2022\/06\/articulo_Dia-Mundial-del-Medio-Ambiente-400x200.jpg 400w, https:\/\/oscarguedez.com\/wp-content\/uploads\/2022\/06\/articulo_Dia-Mundial-del-Medio-Ambiente-768x384.jpg 768w, https:\/\/oscarguedez.com\/wp-content\/uploads\/2022\/06\/articulo_Dia-Mundial-del-Medio-Ambiente-430x215.jpg 430w, https:\/\/oscarguedez.com\/wp-content\/uploads\/2022\/06\/articulo_Dia-Mundial-del-Medio-Ambiente-700x350.jpg 700w, https:\/\/oscarguedez.com\/wp-content\/uploads\/2022\/06\/articulo_Dia-Mundial-del-Medio-Ambiente-150x75.jpg 150w\" sizes=\"(max-width: 1000px) 100vw, 1000px\" \/>\t\t\t\t\t<\/div>\n\t\t\t\t\t<a class=\"wd-fill\" href=\"https:\/\/oscarguedez.com\/dia-mundial-del-medio-ambiente-se-nos-presenta-con-grandes-desafios-nacionales-y-globales\/\"><\/a>\n\t\t\t\t\n\t\t\t\t\t\t\t\t\t\t\t\t<link rel=\"stylesheet\" id=\"wd-post-types-mod-date-style-bg-css\" href=\"https:\/\/oscarguedez.com\/wp-content\/themes\/woodmart\/css\/parts\/post-types-mod-date-style-bg.min.css?ver=8.2.7\" type=\"text\/css\" media=\"all\" \/> \t\t\t\t\t\t<div class=\"wd-post-date wd-style-with-bg\">\n\t\t\t\t<span class=\"post-date-day\">\n\t\t\t\t\t06\t\t\t\t<\/span>\n\t\t\t\t<span class=\"post-date-month\">\n\t\t\t\t\tJun\t\t\t\t<\/span>\n\t\t\t<\/div>\n\t\t\t\t\t\t\t\t\t<\/div>\n\t\t\n\t\t<div class=\"wd-post-content article-body-container\">\n\t\t\t\n\t\t\t\t\t\t\t<h3 class=\"wd-post-title wd-entities-title title post-title\">\n\t\t\t\t\t<a href=\"https:\/\/oscarguedez.com\/dia-mundial-del-medio-ambiente-se-nos-presenta-con-grandes-desafios-nacionales-y-globales\/\" rel=\"bookmark\">D\u00eda Mundial del Medio Ambiente se nos presenta con grandes desaf\u00edos nacionales y globales<\/a>\n\t\t\t\t<\/h3>\n\t\t\t\n\t\t\t\n\t\t\t\t\t\t\t\n\t\t\t\t\t\t\t\t\t\t\t\t\t\t<div class=\"wd-post-read-more wd-style-link read-more-section\">\n\t\t\t\t\t\t<a class=\"\" href=\"https:\/\/oscarguedez.com\/dia-mundial-del-medio-ambiente-se-nos-presenta-con-grandes-desafios-nacionales-y-globales\/\">Seguir leyendo<\/a>\t\t\t\t\t<\/div>\n\t\t\t\t\t\t\t\t\t\t\t\t\t<\/div>\n\t<\/div>\n<\/article>\n\n\t\t\t\t\t\t\t\t\t\t\t\n<article id=\"post-29523\" class=\"wd-post blog-design-masonry blog-post-loop blog-style-flat wd-col post-29523 post type-post status-publish format-standard has-post-thumbnail hentry category-cambio_climatico tag-cambio-climatico tag-cop26\">\n\t<div class=\"wd-post-inner article-inner\">\n\t\t\t\t\t<div class=\"wd-post-thumb entry-header\">\n\t\t\t\t\t\t\t\t\t<div class=\"wd-post-img post-img-wrapp\">\n\t\t\t\t\t\t<img width=\"1000\" height=\"563\" src=\"https:\/\/oscarguedez.com\/wp-content\/uploads\/2021\/11\/articulo_COP26-termina-con-la-tarea-incompleta.jpg\" class=\"attachment-large size-large\" alt=\"\" decoding=\"async\" srcset=\"https:\/\/oscarguedez.com\/wp-content\/uploads\/2021\/11\/articulo_COP26-termina-con-la-tarea-incompleta.jpg 1000w, https:\/\/oscarguedez.com\/wp-content\/uploads\/2021\/11\/articulo_COP26-termina-con-la-tarea-incompleta-400x225.jpg 400w, https:\/\/oscarguedez.com\/wp-content\/uploads\/2021\/11\/articulo_COP26-termina-con-la-tarea-incompleta-768x432.jpg 768w, https:\/\/oscarguedez.com\/wp-content\/uploads\/2021\/11\/articulo_COP26-termina-con-la-tarea-incompleta-430x242.jpg 430w, https:\/\/oscarguedez.com\/wp-content\/uploads\/2021\/11\/articulo_COP26-termina-con-la-tarea-incompleta-700x394.jpg 700w, https:\/\/oscarguedez.com\/wp-content\/uploads\/2021\/11\/articulo_COP26-termina-con-la-tarea-incompleta-150x84.jpg 150w\" sizes=\"(max-width: 1000px) 100vw, 1000px\" \/>\t\t\t\t\t<\/div>\n\t\t\t\t\t<a class=\"wd-fill\" href=\"https:\/\/oscarguedez.com\/cop26-termina-con-la-tarea-incompleta\/\"><\/a>\n\t\t\t\t\n\t\t\t\t\t\t\t\t\t\t\t\t<div class=\"wd-post-date wd-style-with-bg\">\n\t\t\t\t<span class=\"post-date-day\">\n\t\t\t\t\t15\t\t\t\t<\/span>\n\t\t\t\t<span class=\"post-date-month\">\n\t\t\t\t\tNov\t\t\t\t<\/span>\n\t\t\t<\/div>\n\t\t\t\t\t\t\t\t\t<\/div>\n\t\t\n\t\t<div class=\"wd-post-content article-body-container\">\n\t\t\t\n\t\t\t\t\t\t\t<h3 class=\"wd-post-title wd-entities-title title post-title\">\n\t\t\t\t\t<a href=\"https:\/\/oscarguedez.com\/cop26-termina-con-la-tarea-incompleta\/\" rel=\"bookmark\">COP26 termina con la tarea incompleta<\/a>\n\t\t\t\t<\/h3>\n\t\t\t\n\t\t\t\n\t\t\t\t\t\t\t\n\t\t\t\t\t\t\t\t\t\t\t\t\t\t<div class=\"wd-post-read-more wd-style-link read-more-section\">\n\t\t\t\t\t\t<a class=\"\" href=\"https:\/\/oscarguedez.com\/cop26-termina-con-la-tarea-incompleta\/\">Seguir leyendo<\/a>\t\t\t\t\t<\/div>\n\t\t\t\t\t\t\t\t\t\t\t\t\t<\/div>\n\t<\/div>\n<\/article>\n\n\t\t\t\t\t\t\t\t\t\t\t\n<article id=\"post-29575\" class=\"wd-post blog-design-masonry blog-post-loop blog-style-flat wd-col post-29575 post type-post status-publish format-standard has-post-thumbnail hentry category-cambio_climatico tag-acuerdo-cop26 tag-cop26\">\n\t<div class=\"wd-post-inner article-inner\">\n\t\t\t\t\t<div class=\"wd-post-thumb entry-header\">\n\t\t\t\t\t\t\t\t\t<div class=\"wd-post-img post-img-wrapp\">\n\t\t\t\t\t\t<img width=\"1000\" height=\"600\" src=\"https:\/\/oscarguedez.com\/wp-content\/uploads\/2021\/11\/articulo_COP26-inicia-su-segunda-semana-con-avances-para-RD-y-muchos-retos.jpg\" class=\"attachment-large size-large\" alt=\"\" decoding=\"async\" srcset=\"https:\/\/oscarguedez.com\/wp-content\/uploads\/2021\/11\/articulo_COP26-inicia-su-segunda-semana-con-avances-para-RD-y-muchos-retos.jpg 1000w, https:\/\/oscarguedez.com\/wp-content\/uploads\/2021\/11\/articulo_COP26-inicia-su-segunda-semana-con-avances-para-RD-y-muchos-retos-400x240.jpg 400w, https:\/\/oscarguedez.com\/wp-content\/uploads\/2021\/11\/articulo_COP26-inicia-su-segunda-semana-con-avances-para-RD-y-muchos-retos-768x461.jpg 768w, https:\/\/oscarguedez.com\/wp-content\/uploads\/2021\/11\/articulo_COP26-inicia-su-segunda-semana-con-avances-para-RD-y-muchos-retos-430x258.jpg 430w, https:\/\/oscarguedez.com\/wp-content\/uploads\/2021\/11\/articulo_COP26-inicia-su-segunda-semana-con-avances-para-RD-y-muchos-retos-700x420.jpg 700w, https:\/\/oscarguedez.com\/wp-content\/uploads\/2021\/11\/articulo_COP26-inicia-su-segunda-semana-con-avances-para-RD-y-muchos-retos-150x90.jpg 150w\" sizes=\"(max-width: 1000px) 100vw, 1000px\" \/>\t\t\t\t\t<\/div>\n\t\t\t\t\t<a class=\"wd-fill\" href=\"https:\/\/oscarguedez.com\/cop26-inicia-su-segunda-semana-con-avances-para-rd-y-muchos-retos\/\"><\/a>\n\t\t\t\t\n\t\t\t\t\t\t\t\t\t\t\t\t<div class=\"wd-post-date wd-style-with-bg\">\n\t\t\t\t<span class=\"post-date-day\">\n\t\t\t\t\t08\t\t\t\t<\/span>\n\t\t\t\t<span class=\"post-date-month\">\n\t\t\t\t\tNov\t\t\t\t<\/span>\n\t\t\t<\/div>\n\t\t\t\t\t\t\t\t\t<\/div>\n\t\t\n\t\t<div class=\"wd-post-content article-body-container\">\n\t\t\t\n\t\t\t\t\t\t\t<h3 class=\"wd-post-title wd-entities-title title post-title\">\n\t\t\t\t\t<a href=\"https:\/\/oscarguedez.com\/cop26-inicia-su-segunda-semana-con-avances-para-rd-y-muchos-retos\/\" rel=\"bookmark\">COP26 inicia su segunda semana con avances para RD y muchos retos<\/a>\n\t\t\t\t<\/h3>\n\t\t\t\n\t\t\t\n\t\t\t\t\t\t\t\n\t\t\t\t\t\t\t\t\t\t\t\t\t\t<div class=\"wd-post-read-more wd-style-link read-more-section\">\n\t\t\t\t\t\t<a class=\"\" href=\"https:\/\/oscarguedez.com\/cop26-inicia-su-segunda-semana-con-avances-para-rd-y-muchos-retos\/\">Seguir leyendo<\/a>\t\t\t\t\t<\/div>\n\t\t\t\t\t\t\t\t\t\t\t\t\t<\/div>\n\t<\/div>\n<\/article>\n\n\t\t\t\t\t\t\t\t\t\t\t\n<article id=\"post-29625\" class=\"wd-post blog-design-masonry blog-post-loop blog-style-flat wd-col post-29625 post type-post status-publish format-standard has-post-thumbnail hentry category-geopolitica tag-crisis-en-medio-oriente tag-donald-trump tag-medio-oriente tag-trump\">\n\t<div class=\"wd-post-inner article-inner\">\n\t\t\t\t\t<div class=\"wd-post-thumb entry-header\">\n\t\t\t\t\t\t\t\t\t<div class=\"wd-post-img post-img-wrapp\">\n\t\t\t\t\t\t<img width=\"1071\" height=\"800\" src=\"https:\/\/oscarguedez.com\/wp-content\/uploads\/2020\/01\/articulo_EE.UU_.-apuesta-al-caos-en-Medio-Oriente-1071x800.jpg\" class=\"attachment-large size-large\" alt=\"\" decoding=\"async\" srcset=\"https:\/\/oscarguedez.com\/wp-content\/uploads\/2020\/01\/articulo_EE.UU_.-apuesta-al-caos-en-Medio-Oriente-1071x800.jpg 1071w, https:\/\/oscarguedez.com\/wp-content\/uploads\/2020\/01\/articulo_EE.UU_.-apuesta-al-caos-en-Medio-Oriente-400x300.jpg 400w, https:\/\/oscarguedez.com\/wp-content\/uploads\/2020\/01\/articulo_EE.UU_.-apuesta-al-caos-en-Medio-Oriente-768x573.jpg 768w, https:\/\/oscarguedez.com\/wp-content\/uploads\/2020\/01\/articulo_EE.UU_.-apuesta-al-caos-en-Medio-Oriente-1536x1147.jpg 1536w, https:\/\/oscarguedez.com\/wp-content\/uploads\/2020\/01\/articulo_EE.UU_.-apuesta-al-caos-en-Medio-Oriente-2048x1529.jpg 2048w, https:\/\/oscarguedez.com\/wp-content\/uploads\/2020\/01\/articulo_EE.UU_.-apuesta-al-caos-en-Medio-Oriente-430x321.jpg 430w, https:\/\/oscarguedez.com\/wp-content\/uploads\/2020\/01\/articulo_EE.UU_.-apuesta-al-caos-en-Medio-Oriente-700x523.jpg 700w, https:\/\/oscarguedez.com\/wp-content\/uploads\/2020\/01\/articulo_EE.UU_.-apuesta-al-caos-en-Medio-Oriente-150x112.jpg 150w\" sizes=\"(max-width: 1071px) 100vw, 1071px\" \/>\t\t\t\t\t<\/div>\n\t\t\t\t\t<a class=\"wd-fill\" href=\"https:\/\/oscarguedez.com\/ee-uu-apuesta-al-caos-en-medio-oriente\/\"><\/a>\n\t\t\t\t\n\t\t\t\t\t\t\t\t\t\t\t\t<div class=\"wd-post-date wd-style-with-bg\">\n\t\t\t\t<span class=\"post-date-day\">\n\t\t\t\t\t06\t\t\t\t<\/span>\n\t\t\t\t<span class=\"post-date-month\">\n\t\t\t\t\tEne\t\t\t\t<\/span>\n\t\t\t<\/div>\n\t\t\t\t\t\t\t\t\t<\/div>\n\t\t\n\t\t<div class=\"wd-post-content article-body-container\">\n\t\t\t\n\t\t\t\t\t\t\t<h3 class=\"wd-post-title wd-entities-title title post-title\">\n\t\t\t\t\t<a href=\"https:\/\/oscarguedez.com\/ee-uu-apuesta-al-caos-en-medio-oriente\/\" rel=\"bookmark\">EE.UU. apuesta al caos en Medio Oriente<\/a>\n\t\t\t\t<\/h3>\n\t\t\t\n\t\t\t\n\t\t\t\t\t\t\t\n\t\t\t\t\t\t\t\t\t\t\t\t\t\t<div class=\"wd-post-read-more wd-style-link read-more-section\">\n\t\t\t\t\t\t<a class=\"\" href=\"https:\/\/oscarguedez.com\/ee-uu-apuesta-al-caos-en-medio-oriente\/\">Seguir leyendo<\/a>\t\t\t\t\t<\/div>\n\t\t\t\t\t\t\t\t\t\t\t\t\t<\/div>\n\t<\/div>\n<\/article>\n\n\t\t\t\t\t\t\t\t\t\t\t\n<article id=\"post-29588\" class=\"wd-post blog-design-masonry blog-post-loop blog-style-flat wd-col post-29588 post type-post status-publish format-standard has-post-thumbnail hentry category-geopolitica tag-turquia\">\n\t<div class=\"wd-post-inner article-inner\">\n\t\t\t\t\t<div class=\"wd-post-thumb entry-header\">\n\t\t\t\t\t\t\t\t\t<div class=\"wd-post-img post-img-wrapp\">\n\t\t\t\t\t\t<img width=\"1000\" height=\"600\" src=\"https:\/\/oscarguedez.com\/wp-content\/uploads\/2019\/10\/articulo_Turquia-todos-sabiamos-que-lo-haria.jpg\" class=\"attachment-large size-large\" alt=\"\" decoding=\"async\" srcset=\"https:\/\/oscarguedez.com\/wp-content\/uploads\/2019\/10\/articulo_Turquia-todos-sabiamos-que-lo-haria.jpg 1000w, https:\/\/oscarguedez.com\/wp-content\/uploads\/2019\/10\/articulo_Turquia-todos-sabiamos-que-lo-haria-400x240.jpg 400w, https:\/\/oscarguedez.com\/wp-content\/uploads\/2019\/10\/articulo_Turquia-todos-sabiamos-que-lo-haria-768x461.jpg 768w, https:\/\/oscarguedez.com\/wp-content\/uploads\/2019\/10\/articulo_Turquia-todos-sabiamos-que-lo-haria-430x258.jpg 430w, https:\/\/oscarguedez.com\/wp-content\/uploads\/2019\/10\/articulo_Turquia-todos-sabiamos-que-lo-haria-700x420.jpg 700w, https:\/\/oscarguedez.com\/wp-content\/uploads\/2019\/10\/articulo_Turquia-todos-sabiamos-que-lo-haria-150x90.jpg 150w\" sizes=\"(max-width: 1000px) 100vw, 1000px\" \/>\t\t\t\t\t<\/div>\n\t\t\t\t\t<a class=\"wd-fill\" href=\"https:\/\/oscarguedez.com\/turquia-todos-sabiamos-que-lo-haria\/\"><\/a>\n\t\t\t\t\n\t\t\t\t\t\t\t\t\t\t\t\t<div class=\"wd-post-date wd-style-with-bg\">\n\t\t\t\t<span class=\"post-date-day\">\n\t\t\t\t\t11\t\t\t\t<\/span>\n\t\t\t\t<span class=\"post-date-month\">\n\t\t\t\t\tOct\t\t\t\t<\/span>\n\t\t\t<\/div>\n\t\t\t\t\t\t\t\t\t<\/div>\n\t\t\n\t\t<div class=\"wd-post-content article-body-container\">\n\t\t\t\n\t\t\t\t\t\t\t<h3 class=\"wd-post-title wd-entities-title title post-title\">\n\t\t\t\t\t<a href=\"https:\/\/oscarguedez.com\/turquia-todos-sabiamos-que-lo-haria\/\" rel=\"bookmark\">Turqu\u00eda: todos sab\u00edamos que lo har\u00eda<\/a>\n\t\t\t\t<\/h3>\n\t\t\t\n\t\t\t\n\t\t\t\t\t\t\t\n\t\t\t\t\t\t\t\t\t\t\t\t\t\t<div class=\"wd-post-read-more wd-style-link read-more-section\">\n\t\t\t\t\t\t<a class=\"\" href=\"https:\/\/oscarguedez.com\/turquia-todos-sabiamos-que-lo-haria\/\">Seguir leyendo<\/a>\t\t\t\t\t<\/div>\n\t\t\t\t\t\t\t\t\t\t\t\t\t<\/div>\n\t<\/div>\n<\/article>\n\n\t\t\t\t\t\t\t\t\t\t\t\n<article id=\"post-29640\" class=\"wd-post blog-design-masonry blog-post-loop blog-style-flat wd-col post-29640 post type-post status-publish format-standard has-post-thumbnail hentry category-geopolitica tag-colombia tag-farc\">\n\t<div class=\"wd-post-inner article-inner\">\n\t\t\t\t\t<div class=\"wd-post-thumb entry-header\">\n\t\t\t\t\t\t\t\t\t<div class=\"wd-post-img post-img-wrapp\">\n\t\t\t\t\t\t<img width=\"1071\" height=\"800\" src=\"https:\/\/oscarguedez.com\/wp-content\/uploads\/2019\/09\/articulo_Ivan-muerde-el-anzuelo-1071x800.jpg\" class=\"attachment-large size-large\" alt=\"\" decoding=\"async\" srcset=\"https:\/\/oscarguedez.com\/wp-content\/uploads\/2019\/09\/articulo_Ivan-muerde-el-anzuelo-1071x800.jpg 1071w, https:\/\/oscarguedez.com\/wp-content\/uploads\/2019\/09\/articulo_Ivan-muerde-el-anzuelo-400x300.jpg 400w, https:\/\/oscarguedez.com\/wp-content\/uploads\/2019\/09\/articulo_Ivan-muerde-el-anzuelo-768x573.jpg 768w, https:\/\/oscarguedez.com\/wp-content\/uploads\/2019\/09\/articulo_Ivan-muerde-el-anzuelo-1536x1147.jpg 1536w, https:\/\/oscarguedez.com\/wp-content\/uploads\/2019\/09\/articulo_Ivan-muerde-el-anzuelo-2048x1529.jpg 2048w, https:\/\/oscarguedez.com\/wp-content\/uploads\/2019\/09\/articulo_Ivan-muerde-el-anzuelo-430x321.jpg 430w, https:\/\/oscarguedez.com\/wp-content\/uploads\/2019\/09\/articulo_Ivan-muerde-el-anzuelo-700x523.jpg 700w, https:\/\/oscarguedez.com\/wp-content\/uploads\/2019\/09\/articulo_Ivan-muerde-el-anzuelo-150x112.jpg 150w\" sizes=\"(max-width: 1071px) 100vw, 1071px\" \/>\t\t\t\t\t<\/div>\n\t\t\t\t\t<a class=\"wd-fill\" href=\"https:\/\/oscarguedez.com\/ivan-muerde-el-anzuelo\/\"><\/a>\n\t\t\t\t\n\t\t\t\t\t\t\t\t\t\t\t\t<div class=\"wd-post-date wd-style-with-bg\">\n\t\t\t\t<span class=\"post-date-day\">\n\t\t\t\t\t02\t\t\t\t<\/span>\n\t\t\t\t<span class=\"post-date-month\">\n\t\t\t\t\tSep\t\t\t\t<\/span>\n\t\t\t<\/div>\n\t\t\t\t\t\t\t\t\t<\/div>\n\t\t\n\t\t<div class=\"wd-post-content article-body-container\">\n\t\t\t\n\t\t\t\t\t\t\t<h3 class=\"wd-post-title wd-entities-title title post-title\">\n\t\t\t\t\t<a href=\"https:\/\/oscarguedez.com\/ivan-muerde-el-anzuelo\/\" rel=\"bookmark\">Iv\u00e1n muerde el anzuelo<\/a>\n\t\t\t\t<\/h3>\n\t\t\t\n\t\t\t\n\t\t\t\t\t\t\t\n\t\t\t\t\t\t\t\t\t\t\t\t\t\t<div class=\"wd-post-read-more wd-style-link read-more-section\">\n\t\t\t\t\t\t<a class=\"\" href=\"https:\/\/oscarguedez.com\/ivan-muerde-el-anzuelo\/\">Seguir leyendo<\/a>\t\t\t\t\t<\/div>\n\t\t\t\t\t\t\t\t\t\t\t\t\t<\/div>\n\t<\/div>\n<\/article>\n\n\t\t\t\t\t\t\t\t\t\t\t\n<article id=\"post-29631\" class=\"wd-post blog-design-masonry blog-post-loop blog-style-flat wd-col post-29631 post type-post status-publish format-standard has-post-thumbnail hentry category-geopolitica tag-donald-trump tag-eeuu tag-trump\">\n\t<div class=\"wd-post-inner article-inner\">\n\t\t\t\t\t<div class=\"wd-post-thumb entry-header\">\n\t\t\t\t\t\t\t\t\t<div class=\"wd-post-img post-img-wrapp\">\n\t\t\t\t\t\t<img width=\"1071\" height=\"800\" src=\"https:\/\/oscarguedez.com\/wp-content\/uploads\/2018\/05\/articulo_Otra-bofetada-y-el-cinismo-de-EE.UU_-1071x800.jpg\" class=\"attachment-large size-large\" alt=\"\" decoding=\"async\" srcset=\"https:\/\/oscarguedez.com\/wp-content\/uploads\/2018\/05\/articulo_Otra-bofetada-y-el-cinismo-de-EE.UU_-1071x800.jpg 1071w, https:\/\/oscarguedez.com\/wp-content\/uploads\/2018\/05\/articulo_Otra-bofetada-y-el-cinismo-de-EE.UU_-400x300.jpg 400w, https:\/\/oscarguedez.com\/wp-content\/uploads\/2018\/05\/articulo_Otra-bofetada-y-el-cinismo-de-EE.UU_-768x573.jpg 768w, https:\/\/oscarguedez.com\/wp-content\/uploads\/2018\/05\/articulo_Otra-bofetada-y-el-cinismo-de-EE.UU_-1536x1147.jpg 1536w, https:\/\/oscarguedez.com\/wp-content\/uploads\/2018\/05\/articulo_Otra-bofetada-y-el-cinismo-de-EE.UU_-2048x1529.jpg 2048w, https:\/\/oscarguedez.com\/wp-content\/uploads\/2018\/05\/articulo_Otra-bofetada-y-el-cinismo-de-EE.UU_-430x321.jpg 430w, https:\/\/oscarguedez.com\/wp-content\/uploads\/2018\/05\/articulo_Otra-bofetada-y-el-cinismo-de-EE.UU_-700x523.jpg 700w, https:\/\/oscarguedez.com\/wp-content\/uploads\/2018\/05\/articulo_Otra-bofetada-y-el-cinismo-de-EE.UU_-150x112.jpg 150w\" sizes=\"(max-width: 1071px) 100vw, 1071px\" \/>\t\t\t\t\t<\/div>\n\t\t\t\t\t<a class=\"wd-fill\" href=\"https:\/\/oscarguedez.com\/otra-bofetada-y-el-cinismo-de-ee-uu\/\"><\/a>\n\t\t\t\t\n\t\t\t\t\t\t\t\t\t\t\t\t<div class=\"wd-post-date wd-style-with-bg\">\n\t\t\t\t<span class=\"post-date-day\">\n\t\t\t\t\t19\t\t\t\t<\/span>\n\t\t\t\t<span class=\"post-date-month\">\n\t\t\t\t\tMay\t\t\t\t<\/span>\n\t\t\t<\/div>\n\t\t\t\t\t\t\t\t\t<\/div>\n\t\t\n\t\t<div class=\"wd-post-content article-body-container\">\n\t\t\t\n\t\t\t\t\t\t\t<h3 class=\"wd-post-title wd-entities-title title post-title\">\n\t\t\t\t\t<a href=\"https:\/\/oscarguedez.com\/otra-bofetada-y-el-cinismo-de-ee-uu\/\" rel=\"bookmark\">Otra bofetada y el cinismo de EE.UU.<\/a>\n\t\t\t\t<\/h3>\n\t\t\t\n\t\t\t\n\t\t\t\t\t\t\t\n\t\t\t\t\t\t\t\t\t\t\t\t\t\t<div class=\"wd-post-read-more wd-style-link read-more-section\">\n\t\t\t\t\t\t<a class=\"\" href=\"https:\/\/oscarguedez.com\/otra-bofetada-y-el-cinismo-de-ee-uu\/\">Seguir leyendo<\/a>\t\t\t\t\t<\/div>\n\t\t\t\t\t\t\t\t\t\t\t\t\t<\/div>\n\t<\/div>\n<\/article>\n\n\t\t\t\t\t\t\t\t\t\t\t\n<article id=\"post-29646\" class=\"wd-post blog-design-masonry blog-post-loop blog-style-flat wd-col post-29646 post type-post status-publish format-standard has-post-thumbnail hentry category-geopolitica tag-acuerdo tag-acuerdo-nuclear tag-iran tag-iran-y-ee-uu\">\n\t<div class=\"wd-post-inner article-inner\">\n\t\t\t\t\t<div class=\"wd-post-thumb entry-header\">\n\t\t\t\t\t\t\t\t\t<div class=\"wd-post-img post-img-wrapp\">\n\t\t\t\t\t\t<img width=\"1071\" height=\"800\" src=\"https:\/\/oscarguedez.com\/wp-content\/uploads\/2018\/05\/articulo_Acuerdo-nuclear-con-Iran-1071x800.jpg\" class=\"attachment-large size-large\" alt=\"\" decoding=\"async\" srcset=\"https:\/\/oscarguedez.com\/wp-content\/uploads\/2018\/05\/articulo_Acuerdo-nuclear-con-Iran-1071x800.jpg 1071w, https:\/\/oscarguedez.com\/wp-content\/uploads\/2018\/05\/articulo_Acuerdo-nuclear-con-Iran-400x300.jpg 400w, https:\/\/oscarguedez.com\/wp-content\/uploads\/2018\/05\/articulo_Acuerdo-nuclear-con-Iran-768x573.jpg 768w, https:\/\/oscarguedez.com\/wp-content\/uploads\/2018\/05\/articulo_Acuerdo-nuclear-con-Iran-1536x1147.jpg 1536w, https:\/\/oscarguedez.com\/wp-content\/uploads\/2018\/05\/articulo_Acuerdo-nuclear-con-Iran-2048x1529.jpg 2048w, https:\/\/oscarguedez.com\/wp-content\/uploads\/2018\/05\/articulo_Acuerdo-nuclear-con-Iran-430x321.jpg 430w, https:\/\/oscarguedez.com\/wp-content\/uploads\/2018\/05\/articulo_Acuerdo-nuclear-con-Iran-700x523.jpg 700w, https:\/\/oscarguedez.com\/wp-content\/uploads\/2018\/05\/articulo_Acuerdo-nuclear-con-Iran-150x112.jpg 150w\" sizes=\"(max-width: 1071px) 100vw, 1071px\" \/>\t\t\t\t\t<\/div>\n\t\t\t\t\t<a class=\"wd-fill\" href=\"https:\/\/oscarguedez.com\/acuerdo-nuclear-con-iran\/\"><\/a>\n\t\t\t\t\n\t\t\t\t\t\t\t\t\t\t\t\t<div class=\"wd-post-date wd-style-with-bg\">\n\t\t\t\t<span class=\"post-date-day\">\n\t\t\t\t\t09\t\t\t\t<\/span>\n\t\t\t\t<span class=\"post-date-month\">\n\t\t\t\t\tMay\t\t\t\t<\/span>\n\t\t\t<\/div>\n\t\t\t\t\t\t\t\t\t<\/div>\n\t\t\n\t\t<div class=\"wd-post-content article-body-container\">\n\t\t\t\n\t\t\t\t\t\t\t<h3 class=\"wd-post-title wd-entities-title title post-title\">\n\t\t\t\t\t<a href=\"https:\/\/oscarguedez.com\/acuerdo-nuclear-con-iran\/\" rel=\"bookmark\">Acuerdo nuclear con Ir\u00e1n<\/a>\n\t\t\t\t<\/h3>\n\t\t\t\n\t\t\t\n\t\t\t\t\t\t\t\n\t\t\t\t\t\t\t\t\t\t\t\t\t\t<div class=\"wd-post-read-more wd-style-link read-more-section\">\n\t\t\t\t\t\t<a class=\"\" href=\"https:\/\/oscarguedez.com\/acuerdo-nuclear-con-iran\/\">Seguir leyendo<\/a>\t\t\t\t\t<\/div>\n\t\t\t\t\t\t\t\t\t\t\t\t\t<\/div>\n\t<\/div>\n<\/article>\n\n\t\t\t\t\t\t\t\t\t\t\t\n<article id=\"post-29594\" class=\"wd-post blog-design-masonry blog-post-loop blog-style-flat wd-col post-29594 post type-post status-publish format-standard has-post-thumbnail hentry category-geopolitica tag-acuerdo tag-donald-trump tag-iran tag-iran-y-ee-uu tag-nuclear\">\n\t<div class=\"wd-post-inner article-inner\">\n\t\t\t\t\t<div class=\"wd-post-thumb entry-header\">\n\t\t\t\t\t\t\t\t\t<div class=\"wd-post-img post-img-wrapp\">\n\t\t\t\t\t\t<img width=\"600\" height=\"338\" src=\"https:\/\/oscarguedez.com\/wp-content\/uploads\/2018\/05\/articulo_Trump-abandona-acuerdo-nuclear-con-Iran-y-da-un-salto-atras-en-diplomacia-estadounidense.jpg\" class=\"attachment-large size-large\" alt=\"\" decoding=\"async\" srcset=\"https:\/\/oscarguedez.com\/wp-content\/uploads\/2018\/05\/articulo_Trump-abandona-acuerdo-nuclear-con-Iran-y-da-un-salto-atras-en-diplomacia-estadounidense.jpg 600w, https:\/\/oscarguedez.com\/wp-content\/uploads\/2018\/05\/articulo_Trump-abandona-acuerdo-nuclear-con-Iran-y-da-un-salto-atras-en-diplomacia-estadounidense-400x225.jpg 400w, https:\/\/oscarguedez.com\/wp-content\/uploads\/2018\/05\/articulo_Trump-abandona-acuerdo-nuclear-con-Iran-y-da-un-salto-atras-en-diplomacia-estadounidense-430x242.jpg 430w, https:\/\/oscarguedez.com\/wp-content\/uploads\/2018\/05\/articulo_Trump-abandona-acuerdo-nuclear-con-Iran-y-da-un-salto-atras-en-diplomacia-estadounidense-150x85.jpg 150w\" sizes=\"(max-width: 600px) 100vw, 600px\" \/>\t\t\t\t\t<\/div>\n\t\t\t\t\t<a class=\"wd-fill\" href=\"https:\/\/oscarguedez.com\/trump-abandona-acuerdo-nuclear-con-iran-y-da-un-salto-atras-en-diplomacia-estadounidense\/\"><\/a>\n\t\t\t\t\n\t\t\t\t\t\t\t\t\t\t\t\t<div class=\"wd-post-date wd-style-with-bg\">\n\t\t\t\t<span class=\"post-date-day\">\n\t\t\t\t\t08\t\t\t\t<\/span>\n\t\t\t\t<span class=\"post-date-month\">\n\t\t\t\t\tMay\t\t\t\t<\/span>\n\t\t\t<\/div>\n\t\t\t\t\t\t\t\t\t<\/div>\n\t\t\n\t\t<div class=\"wd-post-content article-body-container\">\n\t\t\t\n\t\t\t\t\t\t\t<h3 class=\"wd-post-title wd-entities-title title post-title\">\n\t\t\t\t\t<a href=\"https:\/\/oscarguedez.com\/trump-abandona-acuerdo-nuclear-con-iran-y-da-un-salto-atras-en-diplomacia-estadounidense\/\" rel=\"bookmark\">Trump abandona acuerdo nuclear con Ir\u00e1n y da un salto atr\u00e1s en diplomacia estadounidense<\/a>\n\t\t\t\t<\/h3>\n\t\t\t\n\t\t\t\n\t\t\t\t\t\t\t\n\t\t\t\t\t\t\t\t\t\t\t\t\t\t<div class=\"wd-post-read-more wd-style-link read-more-section\">\n\t\t\t\t\t\t<a class=\"\" href=\"https:\/\/oscarguedez.com\/trump-abandona-acuerdo-nuclear-con-iran-y-da-un-salto-atras-en-diplomacia-estadounidense\/\">Seguir leyendo<\/a>\t\t\t\t\t<\/div>\n\t\t\t\t\t\t\t\t\t\t\t\t\t<\/div>\n\t<\/div>\n<\/article>\n\n\t\t\t\t\t\t\t\t\t\t\t\n<article id=\"post-29652\" class=\"wd-post blog-design-masonry blog-post-loop blog-style-flat wd-col post-29652 post type-post status-publish format-standard has-post-thumbnail hentry category-geopolitica tag-china\">\n\t<div class=\"wd-post-inner article-inner\">\n\t\t\t\t\t<div class=\"wd-post-thumb entry-header\">\n\t\t\t\t\t\t\t\t\t<div class=\"wd-post-img post-img-wrapp\">\n\t\t\t\t\t\t<img width=\"1071\" height=\"800\" src=\"https:\/\/oscarguedez.com\/wp-content\/uploads\/2018\/05\/articulo_China-mucho-que-ofrecer-1071x800.jpg\" class=\"attachment-large size-large\" alt=\"\" decoding=\"async\" srcset=\"https:\/\/oscarguedez.com\/wp-content\/uploads\/2018\/05\/articulo_China-mucho-que-ofrecer-1071x800.jpg 1071w, https:\/\/oscarguedez.com\/wp-content\/uploads\/2018\/05\/articulo_China-mucho-que-ofrecer-400x300.jpg 400w, https:\/\/oscarguedez.com\/wp-content\/uploads\/2018\/05\/articulo_China-mucho-que-ofrecer-768x573.jpg 768w, https:\/\/oscarguedez.com\/wp-content\/uploads\/2018\/05\/articulo_China-mucho-que-ofrecer-1536x1147.jpg 1536w, https:\/\/oscarguedez.com\/wp-content\/uploads\/2018\/05\/articulo_China-mucho-que-ofrecer-2048x1529.jpg 2048w, https:\/\/oscarguedez.com\/wp-content\/uploads\/2018\/05\/articulo_China-mucho-que-ofrecer-430x321.jpg 430w, https:\/\/oscarguedez.com\/wp-content\/uploads\/2018\/05\/articulo_China-mucho-que-ofrecer-700x523.jpg 700w, https:\/\/oscarguedez.com\/wp-content\/uploads\/2018\/05\/articulo_China-mucho-que-ofrecer-150x112.jpg 150w\" sizes=\"(max-width: 1071px) 100vw, 1071px\" \/>\t\t\t\t\t<\/div>\n\t\t\t\t\t<a class=\"wd-fill\" href=\"https:\/\/oscarguedez.com\/china-mucho-que-ofrecer\/\"><\/a>\n\t\t\t\t\n\t\t\t\t\t\t\t\t\t\t\t\t<div class=\"wd-post-date wd-style-with-bg\">\n\t\t\t\t<span class=\"post-date-day\">\n\t\t\t\t\t05\t\t\t\t<\/span>\n\t\t\t\t<span class=\"post-date-month\">\n\t\t\t\t\tMay\t\t\t\t<\/span>\n\t\t\t<\/div>\n\t\t\t\t\t\t\t\t\t<\/div>\n\t\t\n\t\t<div class=\"wd-post-content article-body-container\">\n\t\t\t\n\t\t\t\t\t\t\t<h3 class=\"wd-post-title wd-entities-title title post-title\">\n\t\t\t\t\t<a href=\"https:\/\/oscarguedez.com\/china-mucho-que-ofrecer\/\" rel=\"bookmark\">China: mucho que ofrecer<\/a>\n\t\t\t\t<\/h3>\n\t\t\t\n\t\t\t\n\t\t\t\t\t\t\t\n\t\t\t\t\t\t\t\t\t\t\t\t\t\t<div class=\"wd-post-read-more wd-style-link read-more-section\">\n\t\t\t\t\t\t<a class=\"\" href=\"https:\/\/oscarguedez.com\/china-mucho-que-ofrecer\/\">Seguir leyendo<\/a>\t\t\t\t\t<\/div>\n\t\t\t\t\t\t\t\t\t\t\t\t\t<\/div>\n\t<\/div>\n<\/article>\n\n\t\t\t\t\t\n\t\t\t\t\t","status":"no-more-posts","nextPage":"?woo_ajax=1","currentPage":"https:\/\/oscarguedez.com\/mis_escritos\/page\/6"}