
			
				

					
				

			
		{"items":"\n\t\t\t\t\t\t\t\t\t\t\t\t\t\t<link rel=\"stylesheet\" id=\"wd-post-types-mod-categories-style-bg-css\" href=\"https:\/\/oscarguedez.com\/wp-content\/themes\/woodmart\/css\/parts\/post-types-mod-categories-style-bg.min.css?ver=8.2.7\" type=\"text\/css\" media=\"all\" \/> \t\t\t\n<article id=\"post-29619\" class=\"wd-post blog-design-masonry blog-post-loop blog-style-flat wd-col post-29619 post type-post status-publish format-standard has-post-thumbnail hentry category-cambio_climatico tag-cambio-climatico tag-embarazadas tag-primera-infancia\">\n\t<div class=\"wd-post-inner article-inner\">\n\t\t\t\t\t<div class=\"wd-post-thumb entry-header\">\n\t\t\t\t\t\t\t\t\t<div class=\"wd-post-img post-img-wrapp\">\n\t\t\t\t\t\t<img width=\"1071\" height=\"800\" src=\"https:\/\/oscarguedez.com\/wp-content\/uploads\/2024\/06\/articulo_Primera-Infancia-embarazadas-y-cambio-climatico-Parte-1-1071x800.jpg\" class=\"attachment-large size-large\" alt=\"\" decoding=\"async\" srcset=\"https:\/\/oscarguedez.com\/wp-content\/uploads\/2024\/06\/articulo_Primera-Infancia-embarazadas-y-cambio-climatico-Parte-1-1071x800.jpg 1071w, https:\/\/oscarguedez.com\/wp-content\/uploads\/2024\/06\/articulo_Primera-Infancia-embarazadas-y-cambio-climatico-Parte-1-400x300.jpg 400w, https:\/\/oscarguedez.com\/wp-content\/uploads\/2024\/06\/articulo_Primera-Infancia-embarazadas-y-cambio-climatico-Parte-1-768x573.jpg 768w, https:\/\/oscarguedez.com\/wp-content\/uploads\/2024\/06\/articulo_Primera-Infancia-embarazadas-y-cambio-climatico-Parte-1-1536x1147.jpg 1536w, https:\/\/oscarguedez.com\/wp-content\/uploads\/2024\/06\/articulo_Primera-Infancia-embarazadas-y-cambio-climatico-Parte-1-2048x1529.jpg 2048w, https:\/\/oscarguedez.com\/wp-content\/uploads\/2024\/06\/articulo_Primera-Infancia-embarazadas-y-cambio-climatico-Parte-1-430x321.jpg 430w, https:\/\/oscarguedez.com\/wp-content\/uploads\/2024\/06\/articulo_Primera-Infancia-embarazadas-y-cambio-climatico-Parte-1-700x523.jpg 700w, https:\/\/oscarguedez.com\/wp-content\/uploads\/2024\/06\/articulo_Primera-Infancia-embarazadas-y-cambio-climatico-Parte-1-150x112.jpg 150w\" sizes=\"(max-width: 1071px) 100vw, 1071px\" \/>\t\t\t\t\t<\/div>\n\t\t\t\t\t<a class=\"wd-fill\" href=\"https:\/\/oscarguedez.com\/primera-infancia-embarazadas-y-cambio-climatico-parte-1\/\"><\/a>\n\t\t\t\t\n\t\t\t\t\t\t\t\t\t\t\t\t<link rel=\"stylesheet\" id=\"wd-post-types-mod-date-style-bg-css\" href=\"https:\/\/oscarguedez.com\/wp-content\/themes\/woodmart\/css\/parts\/post-types-mod-date-style-bg.min.css?ver=8.2.7\" type=\"text\/css\" media=\"all\" \/> \t\t\t\t\t\t<div class=\"wd-post-date wd-style-with-bg\">\n\t\t\t\t<span class=\"post-date-day\">\n\t\t\t\t\t27\t\t\t\t<\/span>\n\t\t\t\t<span class=\"post-date-month\">\n\t\t\t\t\tJun\t\t\t\t<\/span>\n\t\t\t<\/div>\n\t\t\t\t\t\t\t\t\t<\/div>\n\t\t\n\t\t<div class=\"wd-post-content article-body-container\">\n\t\t\t\t\t\t\t<div class=\"wd-post-cat wd-style-with-bg meta-post-categories\">\n\t\t\t\t\t<a href=\"https:\/\/oscarguedez.com\/category\/cambio_climatico\/\" rel=\"category tag\">Cambio Clim\u00e1tico<\/a>\t\t\t\t<\/div>\n\t\t\t\n\t\t\t\t\t\t\t<h3 class=\"wd-post-title wd-entities-title title post-title\">\n\t\t\t\t\t<a href=\"https:\/\/oscarguedez.com\/primera-infancia-embarazadas-y-cambio-climatico-parte-1\/\" rel=\"bookmark\">Primera Infancia, embarazadas y cambio clim\u00e1tico (Parte 1)<\/a>\n\t\t\t\t<\/h3>\n\t\t\t\n\t\t\t\t\t\t\t<div class=\"wd-post-meta\">\n\t\t\t\t\t\t\t\t\t\t\t\t\t<link rel=\"stylesheet\" id=\"wd-blog-mod-author-css\" href=\"https:\/\/oscarguedez.com\/wp-content\/themes\/woodmart\/css\/parts\/blog-mod-author.min.css?ver=8.2.7\" type=\"text\/css\" media=\"all\" \/> \t\t\t\t\t\t\t\t<div class=\"wd-post-author\">\n\t\t\t\t\t\t\t\t\t\t\t<span>Publicado por<\/span>\n\t\t\n\t\t\t\t\t<img alt='author-avatar' src='https:\/\/secure.gravatar.com\/avatar\/d9902645d4f0dc4e775b40c07ea4aa2b26c68857eb71bad8a4f818e36fcb319a?s=18&#038;d=mm&#038;r=g' srcset='https:\/\/secure.gravatar.com\/avatar\/d9902645d4f0dc4e775b40c07ea4aa2b26c68857eb71bad8a4f818e36fcb319a?s=36&#038;d=mm&#038;r=g 2x' class='avatar avatar-18 photo' height='18' width='18' decoding='async'\/>\t\t\n\t\t\t\t\t<a href=\"https:\/\/oscarguedez.com\/author\/carlosvargasmcgmail-com\/\" class=\"author\" rel=\"author\">carlosvargasmc@gmail.com<\/a>\n\t\t\t\t\t\t\t\t\t<\/div>\n\t\t\t\t\t<div class=\"wd-modified-date\">\n\t\t\t\t\t\t\t\t<time class=\"updated\" datetime=\"2026-03-29T18:04:43+00:00\">\n\t\t\t29 de marzo de 2026\t\t<\/time>\n\t\t\t\t\t\t\t<\/div>\n\n\t\t\t\t\t\t\t\t\t\t\t<div class=\"wd-post-share wd-tltp\">\n\t\t\t\t\t\t\t<div class=\"tooltip top\">\n\t\t\t\t\t\t\t\t<div class=\"tooltip-inner\">\n\t\t\t\t\t\t\t\t\t\t\t\t<link rel=\"stylesheet\" id=\"wd-social-icons-css\" href=\"https:\/\/oscarguedez.com\/wp-content\/themes\/woodmart\/css\/parts\/el-social-icons.min.css?ver=8.2.7\" type=\"text\/css\" media=\"all\" \/> \t\t\t\t\t\t<div\n\t\t\t\t\t\tclass=\" wd-social-icons wd-style-default wd-size-small social-share wd-shape-circle color-scheme-light text-center\">\n\t\t\t\t\n\t\t\t\t\n\t\t\t\t\t\t\t\t\t<a rel=\"noopener noreferrer nofollow\" href=\"https:\/\/www.facebook.com\/sharer\/sharer.php?u=https:\/\/oscarguedez.com\/primera-infancia-embarazadas-y-cambio-climatico-parte-1\/\" target=\"_blank\" class=\" wd-social-icon social-facebook\" aria-label=\"Facebook social link\">\n\t\t\t\t\t\t<span class=\"wd-icon\"><\/span>\n\t\t\t\t\t\t\t\t\t\t\t<\/a>\n\t\t\t\t\n\t\t\t\t\t\t\t\t\t<a rel=\"noopener noreferrer nofollow\" href=\"https:\/\/x.com\/share?url=https:\/\/oscarguedez.com\/primera-infancia-embarazadas-y-cambio-climatico-parte-1\/\" target=\"_blank\" class=\" wd-social-icon social-twitter\" aria-label=\"X social link\">\n\t\t\t\t\t\t<span class=\"wd-icon\"><\/span>\n\t\t\t\t\t\t\t\t\t\t\t<\/a>\n\t\t\t\t\n\t\t\t\t\n\t\t\t\t\n\t\t\t\t\n\t\t\t\t\n\t\t\t\t\n\t\t\t\t\t\t\t\t\t<a rel=\"noopener noreferrer nofollow\" href=\"https:\/\/pinterest.com\/pin\/create\/button\/?url=https:\/\/oscarguedez.com\/primera-infancia-embarazadas-y-cambio-climatico-parte-1\/&media=https:\/\/oscarguedez.com\/wp-content\/uploads\/2024\/06\/articulo_Primera-Infancia-embarazadas-y-cambio-climatico-Parte-1.jpg&description=Primera+Infancia%2C+embarazadas+y+cambio+clim%C3%A1tico+%28Parte+1%29\" target=\"_blank\" class=\" wd-social-icon social-pinterest\" aria-label=\"Pinterest social link\">\n\t\t\t\t\t\t<span class=\"wd-icon\"><\/span>\n\t\t\t\t\t\t\t\t\t\t\t<\/a>\n\t\t\t\t\n\t\t\t\t\n\t\t\t\t\t\t\t\t\t<a rel=\"noopener noreferrer nofollow\" href=\"https:\/\/www.linkedin.com\/shareArticle?mini=true&url=https:\/\/oscarguedez.com\/primera-infancia-embarazadas-y-cambio-climatico-parte-1\/\" target=\"_blank\" class=\" wd-social-icon social-linkedin\" aria-label=\"Linkedin social link\">\n\t\t\t\t\t\t<span class=\"wd-icon\"><\/span>\n\t\t\t\t\t\t\t\t\t\t\t<\/a>\n\t\t\t\t\n\t\t\t\t\n\t\t\t\t\n\t\t\t\t\n\t\t\t\t\n\t\t\t\t\n\t\t\t\t\n\t\t\t\t\n\t\t\t\t\n\t\t\t\t\n\t\t\t\t\n\t\t\t\t\n\t\t\t\t\n\t\t\t\t\n\t\t\t\t\n\t\t\t\t\t\t\t\t\t<a rel=\"noopener noreferrer nofollow\" href=\"https:\/\/telegram.me\/share\/url?url=https:\/\/oscarguedez.com\/primera-infancia-embarazadas-y-cambio-climatico-parte-1\/\" target=\"_blank\" class=\" wd-social-icon social-tg\" aria-label=\"Telegram social link\">\n\t\t\t\t\t\t<span class=\"wd-icon\"><\/span>\n\t\t\t\t\t\t\t\t\t\t\t<\/a>\n\t\t\t\t\n\t\t\t\t\n\t\t\t<\/div>\n\n\t\t\t\t\t\t\t\t\t\t<\/div>\n\t\t\t\t\t\t\t\t<div class=\"tooltip-arrow\"><\/div>\n\t\t\t\t\t\t\t<\/div>\n\t\t\t\t\t\t<\/div>\n\t\t\t\t\t\n\t\t\t\t\t\t\t\t\t\t\t\t\t\t<link rel=\"stylesheet\" id=\"wd-blog-mod-comments-button-css\" href=\"https:\/\/oscarguedez.com\/wp-content\/themes\/woodmart\/css\/parts\/blog-mod-comments-button.min.css?ver=8.2.7\" type=\"text\/css\" media=\"all\" \/> \t\t\t\t\t\t\t\t\t<div class=\"wd-post-reply wd-style-1\">\n\t\t\t\t\t\t\t<a href=\"https:\/\/oscarguedez.com\/primera-infancia-embarazadas-y-cambio-climatico-parte-1\/#respond\"><span class=\"wd-replies-count\">0<\/span><\/a>\t\t\t\t\t\t<\/div>\n\t\t\t\t\t\t\t\t\t<\/div>\n\t\t\t\n\t\t\t\t\t\t\t\t\t\t\t\t<div class=\"wd-post-excerpt entry-content\">\n\t\t\t\t\t\tMucho se ha hablado acerca de los efectos del cambio clim\u00e1tico sobre los fen\u00f3menos naturales, la exposici\u00f3n de...\t\t\t\t\t<\/div>\n\t\t\t\t\n\t\t\t\t\t\t\t\t\t\t\t\t\t\t<div class=\"wd-post-read-more wd-style-link read-more-section\">\n\t\t\t\t\t\t<a class=\"\" href=\"https:\/\/oscarguedez.com\/primera-infancia-embarazadas-y-cambio-climatico-parte-1\/\">Seguir leyendo<\/a>\t\t\t\t\t<\/div>\n\t\t\t\t\t\t\t\t\t\t\t\t\t<\/div>\n\t<\/div>\n<\/article>\n\n\t\t\t\t\t\t\t\t\t\t\t\n<article id=\"post-29492\" class=\"wd-post blog-design-masonry blog-post-loop blog-style-flat wd-col post-29492 post type-post status-publish format-standard has-post-thumbnail hentry category-cambio_climatico tag-cambio-climatico tag-cumbre-del-clima tag-fondo-de-perdidas-y-danos\">\n\t<div class=\"wd-post-inner article-inner\">\n\t\t\t\t\t<div class=\"wd-post-thumb entry-header\">\n\t\t\t\t\t\t\t\t\t<div class=\"wd-post-img post-img-wrapp\">\n\t\t\t\t\t\t<img width=\"1000\" height=\"600\" src=\"https:\/\/oscarguedez.com\/wp-content\/uploads\/2023\/12\/articulo_Cumbre-del-clima-aprueba-Fondo-de-Perdidas-y-Danos.webp\" class=\"attachment-large size-large\" alt=\"\" decoding=\"async\" srcset=\"https:\/\/oscarguedez.com\/wp-content\/uploads\/2023\/12\/articulo_Cumbre-del-clima-aprueba-Fondo-de-Perdidas-y-Danos.webp 1000w, https:\/\/oscarguedez.com\/wp-content\/uploads\/2023\/12\/articulo_Cumbre-del-clima-aprueba-Fondo-de-Perdidas-y-Danos-400x240.webp 400w, https:\/\/oscarguedez.com\/wp-content\/uploads\/2023\/12\/articulo_Cumbre-del-clima-aprueba-Fondo-de-Perdidas-y-Danos-768x461.webp 768w, https:\/\/oscarguedez.com\/wp-content\/uploads\/2023\/12\/articulo_Cumbre-del-clima-aprueba-Fondo-de-Perdidas-y-Danos-430x258.webp 430w, https:\/\/oscarguedez.com\/wp-content\/uploads\/2023\/12\/articulo_Cumbre-del-clima-aprueba-Fondo-de-Perdidas-y-Danos-700x420.webp 700w, https:\/\/oscarguedez.com\/wp-content\/uploads\/2023\/12\/articulo_Cumbre-del-clima-aprueba-Fondo-de-Perdidas-y-Danos-150x90.webp 150w\" sizes=\"(max-width: 1000px) 100vw, 1000px\" \/>\t\t\t\t\t<\/div>\n\t\t\t\t\t<a class=\"wd-fill\" href=\"https:\/\/oscarguedez.com\/cumbre-del-clima-aprueba-fondo-de-perdidas-y-danos\/\"><\/a>\n\t\t\t\t\n\t\t\t\t\t\t\t\t\t\t\t\t<div class=\"wd-post-date wd-style-with-bg\">\n\t\t\t\t<span class=\"post-date-day\">\n\t\t\t\t\t01\t\t\t\t<\/span>\n\t\t\t\t<span class=\"post-date-month\">\n\t\t\t\t\tDic\t\t\t\t<\/span>\n\t\t\t<\/div>\n\t\t\t\t\t\t\t\t\t<\/div>\n\t\t\n\t\t<div class=\"wd-post-content article-body-container\">\n\t\t\t\t\t\t\t<div class=\"wd-post-cat wd-style-with-bg meta-post-categories\">\n\t\t\t\t\t<a href=\"https:\/\/oscarguedez.com\/category\/cambio_climatico\/\" rel=\"category tag\">Cambio Clim\u00e1tico<\/a>\t\t\t\t<\/div>\n\t\t\t\n\t\t\t\t\t\t\t<h3 class=\"wd-post-title wd-entities-title title post-title\">\n\t\t\t\t\t<a href=\"https:\/\/oscarguedez.com\/cumbre-del-clima-aprueba-fondo-de-perdidas-y-danos\/\" rel=\"bookmark\">Cumbre del clima aprueba Fondo de P\u00e9rdidas y Da\u00f1os<\/a>\n\t\t\t\t<\/h3>\n\t\t\t\n\t\t\t\t\t\t\t<div class=\"wd-post-meta\">\n\t\t\t\t\t\t\t\t\t\t\t\t\t\t\t<div class=\"wd-post-author\">\n\t\t\t\t\t\t\t\t\t\t\t<span>Publicado por<\/span>\n\t\t\n\t\t\t\t\t<img alt='author-avatar' src='https:\/\/secure.gravatar.com\/avatar\/d9902645d4f0dc4e775b40c07ea4aa2b26c68857eb71bad8a4f818e36fcb319a?s=18&#038;d=mm&#038;r=g' srcset='https:\/\/secure.gravatar.com\/avatar\/d9902645d4f0dc4e775b40c07ea4aa2b26c68857eb71bad8a4f818e36fcb319a?s=36&#038;d=mm&#038;r=g 2x' class='avatar avatar-18 photo' height='18' width='18' decoding='async'\/>\t\t\n\t\t\t\t\t<a href=\"https:\/\/oscarguedez.com\/author\/carlosvargasmcgmail-com\/\" class=\"author\" rel=\"author\">carlosvargasmc@gmail.com<\/a>\n\t\t\t\t\t\t\t\t\t<\/div>\n\t\t\t\t\t<div class=\"wd-modified-date\">\n\t\t\t\t\t\t\t\t<time class=\"updated\" datetime=\"2026-03-29T16:05:09+00:00\">\n\t\t\t29 de marzo de 2026\t\t<\/time>\n\t\t\t\t\t\t\t<\/div>\n\n\t\t\t\t\t\t\t\t\t\t\t<div class=\"wd-post-share wd-tltp\">\n\t\t\t\t\t\t\t<div class=\"tooltip top\">\n\t\t\t\t\t\t\t\t<div class=\"tooltip-inner\">\n\t\t\t\t\t\t\t\t\t\t\t\t<div\n\t\t\t\t\t\tclass=\" wd-social-icons wd-style-default wd-size-small social-share wd-shape-circle color-scheme-light text-center\">\n\t\t\t\t\n\t\t\t\t\n\t\t\t\t\t\t\t\t\t<a rel=\"noopener noreferrer nofollow\" href=\"https:\/\/www.facebook.com\/sharer\/sharer.php?u=https:\/\/oscarguedez.com\/cumbre-del-clima-aprueba-fondo-de-perdidas-y-danos\/\" target=\"_blank\" class=\" wd-social-icon social-facebook\" aria-label=\"Facebook social link\">\n\t\t\t\t\t\t<span class=\"wd-icon\"><\/span>\n\t\t\t\t\t\t\t\t\t\t\t<\/a>\n\t\t\t\t\n\t\t\t\t\t\t\t\t\t<a rel=\"noopener noreferrer nofollow\" href=\"https:\/\/x.com\/share?url=https:\/\/oscarguedez.com\/cumbre-del-clima-aprueba-fondo-de-perdidas-y-danos\/\" target=\"_blank\" class=\" wd-social-icon social-twitter\" aria-label=\"X social link\">\n\t\t\t\t\t\t<span class=\"wd-icon\"><\/span>\n\t\t\t\t\t\t\t\t\t\t\t<\/a>\n\t\t\t\t\n\t\t\t\t\n\t\t\t\t\n\t\t\t\t\n\t\t\t\t\n\t\t\t\t\n\t\t\t\t\t\t\t\t\t<a rel=\"noopener noreferrer nofollow\" href=\"https:\/\/pinterest.com\/pin\/create\/button\/?url=https:\/\/oscarguedez.com\/cumbre-del-clima-aprueba-fondo-de-perdidas-y-danos\/&media=https:\/\/oscarguedez.com\/wp-content\/uploads\/2023\/12\/articulo_Cumbre-del-clima-aprueba-Fondo-de-Perdidas-y-Danos.webp&description=Cumbre+del+clima+aprueba+Fondo+de+P%C3%A9rdidas+y+Da%C3%B1os\" target=\"_blank\" class=\" wd-social-icon social-pinterest\" aria-label=\"Pinterest social link\">\n\t\t\t\t\t\t<span class=\"wd-icon\"><\/span>\n\t\t\t\t\t\t\t\t\t\t\t<\/a>\n\t\t\t\t\n\t\t\t\t\n\t\t\t\t\t\t\t\t\t<a rel=\"noopener noreferrer nofollow\" href=\"https:\/\/www.linkedin.com\/shareArticle?mini=true&url=https:\/\/oscarguedez.com\/cumbre-del-clima-aprueba-fondo-de-perdidas-y-danos\/\" target=\"_blank\" class=\" wd-social-icon social-linkedin\" aria-label=\"Linkedin social link\">\n\t\t\t\t\t\t<span class=\"wd-icon\"><\/span>\n\t\t\t\t\t\t\t\t\t\t\t<\/a>\n\t\t\t\t\n\t\t\t\t\n\t\t\t\t\n\t\t\t\t\n\t\t\t\t\n\t\t\t\t\n\t\t\t\t\n\t\t\t\t\n\t\t\t\t\n\t\t\t\t\n\t\t\t\t\n\t\t\t\t\n\t\t\t\t\n\t\t\t\t\n\t\t\t\t\n\t\t\t\t\t\t\t\t\t<a rel=\"noopener noreferrer nofollow\" href=\"https:\/\/telegram.me\/share\/url?url=https:\/\/oscarguedez.com\/cumbre-del-clima-aprueba-fondo-de-perdidas-y-danos\/\" target=\"_blank\" class=\" wd-social-icon social-tg\" aria-label=\"Telegram social link\">\n\t\t\t\t\t\t<span class=\"wd-icon\"><\/span>\n\t\t\t\t\t\t\t\t\t\t\t<\/a>\n\t\t\t\t\n\t\t\t\t\n\t\t\t<\/div>\n\n\t\t\t\t\t\t\t\t\t\t<\/div>\n\t\t\t\t\t\t\t\t<div class=\"tooltip-arrow\"><\/div>\n\t\t\t\t\t\t\t<\/div>\n\t\t\t\t\t\t<\/div>\n\t\t\t\t\t\n\t\t\t\t\t\t\t\t\t\t\t\t\t\t\t\t\t<div class=\"wd-post-reply wd-style-1\">\n\t\t\t\t\t\t\t<a href=\"https:\/\/oscarguedez.com\/cumbre-del-clima-aprueba-fondo-de-perdidas-y-danos\/#respond\"><span class=\"wd-replies-count\">0<\/span><\/a>\t\t\t\t\t\t<\/div>\n\t\t\t\t\t\t\t\t\t<\/div>\n\t\t\t\n\t\t\t\t\t\t\t\t\t\t\t\t<div class=\"wd-post-excerpt entry-content\">\n\t\t\t\t\t\tDub\u00e1i.\u00a0La presidencia de la COP28 anot\u00f3 su primer gol de esta cumbre clim\u00e1tica, nada m\u00e1s iniciar oficialmente ...\t\t\t\t\t<\/div>\n\t\t\t\t\n\t\t\t\t\t\t\t\t\t\t\t\t\t\t<div class=\"wd-post-read-more wd-style-link read-more-section\">\n\t\t\t\t\t\t<a class=\"\" href=\"https:\/\/oscarguedez.com\/cumbre-del-clima-aprueba-fondo-de-perdidas-y-danos\/\">Seguir leyendo<\/a>\t\t\t\t\t<\/div>\n\t\t\t\t\t\t\t\t\t\t\t\t\t<\/div>\n\t<\/div>\n<\/article>\n\n\t\t\t\t\t\t\t\t\t\t\t\n<article id=\"post-29498\" class=\"wd-post blog-design-masonry blog-post-loop blog-style-flat wd-col post-29498 post type-post status-publish format-standard has-post-thumbnail hentry category-cambio_climatico tag-cambio-climatico tag-conferencia-por-el-equilibrio-del-mundo\">\n\t<div class=\"wd-post-inner article-inner\">\n\t\t\t\t\t<div class=\"wd-post-thumb entry-header\">\n\t\t\t\t\t\t\t\t\t<div class=\"wd-post-img post-img-wrapp\">\n\t\t\t\t\t\t<img width=\"1000\" height=\"500\" src=\"https:\/\/oscarguedez.com\/wp-content\/uploads\/2023\/02\/articulo_Cambio-climatico-en-centro-del-debate-en-V-Conferencia-por-el-Equilibrio-del-Mundo.webp\" class=\"attachment-large size-large\" alt=\"\" decoding=\"async\" srcset=\"https:\/\/oscarguedez.com\/wp-content\/uploads\/2023\/02\/articulo_Cambio-climatico-en-centro-del-debate-en-V-Conferencia-por-el-Equilibrio-del-Mundo.webp 1000w, https:\/\/oscarguedez.com\/wp-content\/uploads\/2023\/02\/articulo_Cambio-climatico-en-centro-del-debate-en-V-Conferencia-por-el-Equilibrio-del-Mundo-400x200.webp 400w, https:\/\/oscarguedez.com\/wp-content\/uploads\/2023\/02\/articulo_Cambio-climatico-en-centro-del-debate-en-V-Conferencia-por-el-Equilibrio-del-Mundo-768x384.webp 768w, https:\/\/oscarguedez.com\/wp-content\/uploads\/2023\/02\/articulo_Cambio-climatico-en-centro-del-debate-en-V-Conferencia-por-el-Equilibrio-del-Mundo-430x215.webp 430w, https:\/\/oscarguedez.com\/wp-content\/uploads\/2023\/02\/articulo_Cambio-climatico-en-centro-del-debate-en-V-Conferencia-por-el-Equilibrio-del-Mundo-700x350.webp 700w, https:\/\/oscarguedez.com\/wp-content\/uploads\/2023\/02\/articulo_Cambio-climatico-en-centro-del-debate-en-V-Conferencia-por-el-Equilibrio-del-Mundo-150x75.webp 150w\" sizes=\"(max-width: 1000px) 100vw, 1000px\" \/>\t\t\t\t\t<\/div>\n\t\t\t\t\t<a class=\"wd-fill\" href=\"https:\/\/oscarguedez.com\/cambio-climatico-en-centro-del-debate-en-v-conferencia-por-el-equilibrio-del-mundo\/\"><\/a>\n\t\t\t\t\n\t\t\t\t\t\t\t\t\t\t\t\t<div class=\"wd-post-date wd-style-with-bg\">\n\t\t\t\t<span class=\"post-date-day\">\n\t\t\t\t\t27\t\t\t\t<\/span>\n\t\t\t\t<span class=\"post-date-month\">\n\t\t\t\t\tFeb\t\t\t\t<\/span>\n\t\t\t<\/div>\n\t\t\t\t\t\t\t\t\t<\/div>\n\t\t\n\t\t<div class=\"wd-post-content article-body-container\">\n\t\t\t\t\t\t\t<div class=\"wd-post-cat wd-style-with-bg meta-post-categories\">\n\t\t\t\t\t<a href=\"https:\/\/oscarguedez.com\/category\/cambio_climatico\/\" rel=\"category tag\">Cambio Clim\u00e1tico<\/a>\t\t\t\t<\/div>\n\t\t\t\n\t\t\t\t\t\t\t<h3 class=\"wd-post-title wd-entities-title title post-title\">\n\t\t\t\t\t<a href=\"https:\/\/oscarguedez.com\/cambio-climatico-en-centro-del-debate-en-v-conferencia-por-el-equilibrio-del-mundo\/\" rel=\"bookmark\">Cambio clim\u00e1tico en centro del debate en V Conferencia por el Equilibrio del Mundo<\/a>\n\t\t\t\t<\/h3>\n\t\t\t\n\t\t\t\t\t\t\t<div class=\"wd-post-meta\">\n\t\t\t\t\t\t\t\t\t\t\t\t\t\t\t<div class=\"wd-post-author\">\n\t\t\t\t\t\t\t\t\t\t\t<span>Publicado por<\/span>\n\t\t\n\t\t\t\t\t<img alt='author-avatar' src='https:\/\/secure.gravatar.com\/avatar\/d9902645d4f0dc4e775b40c07ea4aa2b26c68857eb71bad8a4f818e36fcb319a?s=18&#038;d=mm&#038;r=g' srcset='https:\/\/secure.gravatar.com\/avatar\/d9902645d4f0dc4e775b40c07ea4aa2b26c68857eb71bad8a4f818e36fcb319a?s=36&#038;d=mm&#038;r=g 2x' class='avatar avatar-18 photo' height='18' width='18' decoding='async'\/>\t\t\n\t\t\t\t\t<a href=\"https:\/\/oscarguedez.com\/author\/carlosvargasmcgmail-com\/\" class=\"author\" rel=\"author\">carlosvargasmc@gmail.com<\/a>\n\t\t\t\t\t\t\t\t\t<\/div>\n\t\t\t\t\t<div class=\"wd-modified-date\">\n\t\t\t\t\t\t\t\t<time class=\"updated\" datetime=\"2026-03-29T16:10:04+00:00\">\n\t\t\t29 de marzo de 2026\t\t<\/time>\n\t\t\t\t\t\t\t<\/div>\n\n\t\t\t\t\t\t\t\t\t\t\t<div class=\"wd-post-share wd-tltp\">\n\t\t\t\t\t\t\t<div class=\"tooltip top\">\n\t\t\t\t\t\t\t\t<div class=\"tooltip-inner\">\n\t\t\t\t\t\t\t\t\t\t\t\t<div\n\t\t\t\t\t\tclass=\" wd-social-icons wd-style-default wd-size-small social-share wd-shape-circle color-scheme-light text-center\">\n\t\t\t\t\n\t\t\t\t\n\t\t\t\t\t\t\t\t\t<a rel=\"noopener noreferrer nofollow\" href=\"https:\/\/www.facebook.com\/sharer\/sharer.php?u=https:\/\/oscarguedez.com\/cambio-climatico-en-centro-del-debate-en-v-conferencia-por-el-equilibrio-del-mundo\/\" target=\"_blank\" class=\" wd-social-icon social-facebook\" aria-label=\"Facebook social link\">\n\t\t\t\t\t\t<span class=\"wd-icon\"><\/span>\n\t\t\t\t\t\t\t\t\t\t\t<\/a>\n\t\t\t\t\n\t\t\t\t\t\t\t\t\t<a rel=\"noopener noreferrer nofollow\" href=\"https:\/\/x.com\/share?url=https:\/\/oscarguedez.com\/cambio-climatico-en-centro-del-debate-en-v-conferencia-por-el-equilibrio-del-mundo\/\" target=\"_blank\" class=\" wd-social-icon social-twitter\" aria-label=\"X social link\">\n\t\t\t\t\t\t<span class=\"wd-icon\"><\/span>\n\t\t\t\t\t\t\t\t\t\t\t<\/a>\n\t\t\t\t\n\t\t\t\t\n\t\t\t\t\n\t\t\t\t\n\t\t\t\t\n\t\t\t\t\n\t\t\t\t\t\t\t\t\t<a rel=\"noopener noreferrer nofollow\" href=\"https:\/\/pinterest.com\/pin\/create\/button\/?url=https:\/\/oscarguedez.com\/cambio-climatico-en-centro-del-debate-en-v-conferencia-por-el-equilibrio-del-mundo\/&media=https:\/\/oscarguedez.com\/wp-content\/uploads\/2023\/02\/articulo_Cambio-climatico-en-centro-del-debate-en-V-Conferencia-por-el-Equilibrio-del-Mundo.webp&description=Cambio+clim%C3%A1tico+en+centro+del+debate+en+V+Conferencia+por+el+Equilibrio+del+Mundo\" target=\"_blank\" class=\" wd-social-icon social-pinterest\" aria-label=\"Pinterest social link\">\n\t\t\t\t\t\t<span class=\"wd-icon\"><\/span>\n\t\t\t\t\t\t\t\t\t\t\t<\/a>\n\t\t\t\t\n\t\t\t\t\n\t\t\t\t\t\t\t\t\t<a rel=\"noopener noreferrer nofollow\" href=\"https:\/\/www.linkedin.com\/shareArticle?mini=true&url=https:\/\/oscarguedez.com\/cambio-climatico-en-centro-del-debate-en-v-conferencia-por-el-equilibrio-del-mundo\/\" target=\"_blank\" class=\" wd-social-icon social-linkedin\" aria-label=\"Linkedin social link\">\n\t\t\t\t\t\t<span class=\"wd-icon\"><\/span>\n\t\t\t\t\t\t\t\t\t\t\t<\/a>\n\t\t\t\t\n\t\t\t\t\n\t\t\t\t\n\t\t\t\t\n\t\t\t\t\n\t\t\t\t\n\t\t\t\t\n\t\t\t\t\n\t\t\t\t\n\t\t\t\t\n\t\t\t\t\n\t\t\t\t\n\t\t\t\t\n\t\t\t\t\n\t\t\t\t\n\t\t\t\t\t\t\t\t\t<a rel=\"noopener noreferrer nofollow\" href=\"https:\/\/telegram.me\/share\/url?url=https:\/\/oscarguedez.com\/cambio-climatico-en-centro-del-debate-en-v-conferencia-por-el-equilibrio-del-mundo\/\" target=\"_blank\" class=\" wd-social-icon social-tg\" aria-label=\"Telegram social link\">\n\t\t\t\t\t\t<span class=\"wd-icon\"><\/span>\n\t\t\t\t\t\t\t\t\t\t\t<\/a>\n\t\t\t\t\n\t\t\t\t\n\t\t\t<\/div>\n\n\t\t\t\t\t\t\t\t\t\t<\/div>\n\t\t\t\t\t\t\t\t<div class=\"tooltip-arrow\"><\/div>\n\t\t\t\t\t\t\t<\/div>\n\t\t\t\t\t\t<\/div>\n\t\t\t\t\t\n\t\t\t\t\t\t\t\t\t\t\t\t\t\t\t\t\t<div class=\"wd-post-reply wd-style-1\">\n\t\t\t\t\t\t\t<a href=\"https:\/\/oscarguedez.com\/cambio-climatico-en-centro-del-debate-en-v-conferencia-por-el-equilibrio-del-mundo\/#respond\"><span class=\"wd-replies-count\">0<\/span><\/a>\t\t\t\t\t\t<\/div>\n\t\t\t\t\t\t\t\t\t<\/div>\n\t\t\t\n\t\t\t\t\t\t\t\t\t\t\t\t<div class=\"wd-post-excerpt entry-content\">\n\t\t\t\t\t\tEl evento, caracterizado por la diversidad de posturas pol\u00edticas, cont\u00f3 con la participaci\u00f3n de m\u00e1s demil dele...\t\t\t\t\t<\/div>\n\t\t\t\t\n\t\t\t\t\t\t\t\t\t\t\t\t\t\t<div class=\"wd-post-read-more wd-style-link read-more-section\">\n\t\t\t\t\t\t<a class=\"\" href=\"https:\/\/oscarguedez.com\/cambio-climatico-en-centro-del-debate-en-v-conferencia-por-el-equilibrio-del-mundo\/\">Seguir leyendo<\/a>\t\t\t\t\t<\/div>\n\t\t\t\t\t\t\t\t\t\t\t\t\t<\/div>\n\t<\/div>\n<\/article>\n\n\t\t\t\t\t\t\t\t\t\t\t\n<article id=\"post-29505\" class=\"wd-post blog-design-masonry blog-post-loop blog-style-flat wd-col post-29505 post type-post status-publish format-standard has-post-thumbnail hentry category-cambio_climatico tag-cambio-climatico tag-cop27\">\n\t<div class=\"wd-post-inner article-inner\">\n\t\t\t\t\t<div class=\"wd-post-thumb entry-header\">\n\t\t\t\t\t\t\t\t\t<div class=\"wd-post-img post-img-wrapp\">\n\t\t\t\t\t\t<img width=\"1200\" height=\"600\" src=\"https:\/\/oscarguedez.com\/wp-content\/uploads\/2022\/11\/articulo_Hay-dificultades-para-avanzar-con-descarbonizacion.webp\" class=\"attachment-large size-large\" alt=\"\" decoding=\"async\" srcset=\"https:\/\/oscarguedez.com\/wp-content\/uploads\/2022\/11\/articulo_Hay-dificultades-para-avanzar-con-descarbonizacion.webp 1200w, https:\/\/oscarguedez.com\/wp-content\/uploads\/2022\/11\/articulo_Hay-dificultades-para-avanzar-con-descarbonizacion-400x200.webp 400w, https:\/\/oscarguedez.com\/wp-content\/uploads\/2022\/11\/articulo_Hay-dificultades-para-avanzar-con-descarbonizacion-768x384.webp 768w, https:\/\/oscarguedez.com\/wp-content\/uploads\/2022\/11\/articulo_Hay-dificultades-para-avanzar-con-descarbonizacion-430x215.webp 430w, https:\/\/oscarguedez.com\/wp-content\/uploads\/2022\/11\/articulo_Hay-dificultades-para-avanzar-con-descarbonizacion-700x350.webp 700w, https:\/\/oscarguedez.com\/wp-content\/uploads\/2022\/11\/articulo_Hay-dificultades-para-avanzar-con-descarbonizacion-150x75.webp 150w\" sizes=\"(max-width: 1200px) 100vw, 1200px\" \/>\t\t\t\t\t<\/div>\n\t\t\t\t\t<a class=\"wd-fill\" href=\"https:\/\/oscarguedez.com\/hay-dificultades-para-avanzar-con-descarbonizacion\/\"><\/a>\n\t\t\t\t\n\t\t\t\t\t\t\t\t\t\t\t\t<div class=\"wd-post-date wd-style-with-bg\">\n\t\t\t\t<span class=\"post-date-day\">\n\t\t\t\t\t15\t\t\t\t<\/span>\n\t\t\t\t<span class=\"post-date-month\">\n\t\t\t\t\tNov\t\t\t\t<\/span>\n\t\t\t<\/div>\n\t\t\t\t\t\t\t\t\t<\/div>\n\t\t\n\t\t<div class=\"wd-post-content article-body-container\">\n\t\t\t\t\t\t\t<div class=\"wd-post-cat wd-style-with-bg meta-post-categories\">\n\t\t\t\t\t<a href=\"https:\/\/oscarguedez.com\/category\/cambio_climatico\/\" rel=\"category tag\">Cambio Clim\u00e1tico<\/a>\t\t\t\t<\/div>\n\t\t\t\n\t\t\t\t\t\t\t<h3 class=\"wd-post-title wd-entities-title title post-title\">\n\t\t\t\t\t<a href=\"https:\/\/oscarguedez.com\/hay-dificultades-para-avanzar-con-descarbonizacion\/\" rel=\"bookmark\">Hay dificultades para avanzar con descarbonizaci\u00f3n<\/a>\n\t\t\t\t<\/h3>\n\t\t\t\n\t\t\t\t\t\t\t<div class=\"wd-post-meta\">\n\t\t\t\t\t\t\t\t\t\t\t\t\t\t\t<div class=\"wd-post-author\">\n\t\t\t\t\t\t\t\t\t\t\t<span>Publicado por<\/span>\n\t\t\n\t\t\t\t\t<img alt='author-avatar' src='https:\/\/secure.gravatar.com\/avatar\/d9902645d4f0dc4e775b40c07ea4aa2b26c68857eb71bad8a4f818e36fcb319a?s=18&#038;d=mm&#038;r=g' srcset='https:\/\/secure.gravatar.com\/avatar\/d9902645d4f0dc4e775b40c07ea4aa2b26c68857eb71bad8a4f818e36fcb319a?s=36&#038;d=mm&#038;r=g 2x' class='avatar avatar-18 photo' height='18' width='18' decoding='async'\/>\t\t\n\t\t\t\t\t<a href=\"https:\/\/oscarguedez.com\/author\/carlosvargasmcgmail-com\/\" class=\"author\" rel=\"author\">carlosvargasmc@gmail.com<\/a>\n\t\t\t\t\t\t\t\t\t<\/div>\n\t\t\t\t\t<div class=\"wd-modified-date\">\n\t\t\t\t\t\t\t\t<time class=\"updated\" datetime=\"2026-03-29T16:13:40+00:00\">\n\t\t\t29 de marzo de 2026\t\t<\/time>\n\t\t\t\t\t\t\t<\/div>\n\n\t\t\t\t\t\t\t\t\t\t\t<div class=\"wd-post-share wd-tltp\">\n\t\t\t\t\t\t\t<div class=\"tooltip top\">\n\t\t\t\t\t\t\t\t<div class=\"tooltip-inner\">\n\t\t\t\t\t\t\t\t\t\t\t\t<div\n\t\t\t\t\t\tclass=\" wd-social-icons wd-style-default wd-size-small social-share wd-shape-circle color-scheme-light text-center\">\n\t\t\t\t\n\t\t\t\t\n\t\t\t\t\t\t\t\t\t<a rel=\"noopener noreferrer nofollow\" href=\"https:\/\/www.facebook.com\/sharer\/sharer.php?u=https:\/\/oscarguedez.com\/hay-dificultades-para-avanzar-con-descarbonizacion\/\" target=\"_blank\" class=\" wd-social-icon social-facebook\" aria-label=\"Facebook social link\">\n\t\t\t\t\t\t<span class=\"wd-icon\"><\/span>\n\t\t\t\t\t\t\t\t\t\t\t<\/a>\n\t\t\t\t\n\t\t\t\t\t\t\t\t\t<a rel=\"noopener noreferrer nofollow\" href=\"https:\/\/x.com\/share?url=https:\/\/oscarguedez.com\/hay-dificultades-para-avanzar-con-descarbonizacion\/\" target=\"_blank\" class=\" wd-social-icon social-twitter\" aria-label=\"X social link\">\n\t\t\t\t\t\t<span class=\"wd-icon\"><\/span>\n\t\t\t\t\t\t\t\t\t\t\t<\/a>\n\t\t\t\t\n\t\t\t\t\n\t\t\t\t\n\t\t\t\t\n\t\t\t\t\n\t\t\t\t\n\t\t\t\t\t\t\t\t\t<a rel=\"noopener noreferrer nofollow\" href=\"https:\/\/pinterest.com\/pin\/create\/button\/?url=https:\/\/oscarguedez.com\/hay-dificultades-para-avanzar-con-descarbonizacion\/&media=https:\/\/oscarguedez.com\/wp-content\/uploads\/2022\/11\/articulo_Hay-dificultades-para-avanzar-con-descarbonizacion.webp&description=Hay+dificultades+para+avanzar+con+descarbonizaci%C3%B3n\" target=\"_blank\" class=\" wd-social-icon social-pinterest\" aria-label=\"Pinterest social link\">\n\t\t\t\t\t\t<span class=\"wd-icon\"><\/span>\n\t\t\t\t\t\t\t\t\t\t\t<\/a>\n\t\t\t\t\n\t\t\t\t\n\t\t\t\t\t\t\t\t\t<a rel=\"noopener noreferrer nofollow\" href=\"https:\/\/www.linkedin.com\/shareArticle?mini=true&url=https:\/\/oscarguedez.com\/hay-dificultades-para-avanzar-con-descarbonizacion\/\" target=\"_blank\" class=\" wd-social-icon social-linkedin\" aria-label=\"Linkedin social link\">\n\t\t\t\t\t\t<span class=\"wd-icon\"><\/span>\n\t\t\t\t\t\t\t\t\t\t\t<\/a>\n\t\t\t\t\n\t\t\t\t\n\t\t\t\t\n\t\t\t\t\n\t\t\t\t\n\t\t\t\t\n\t\t\t\t\n\t\t\t\t\n\t\t\t\t\n\t\t\t\t\n\t\t\t\t\n\t\t\t\t\n\t\t\t\t\n\t\t\t\t\n\t\t\t\t\n\t\t\t\t\t\t\t\t\t<a rel=\"noopener noreferrer nofollow\" href=\"https:\/\/telegram.me\/share\/url?url=https:\/\/oscarguedez.com\/hay-dificultades-para-avanzar-con-descarbonizacion\/\" target=\"_blank\" class=\" wd-social-icon social-tg\" aria-label=\"Telegram social link\">\n\t\t\t\t\t\t<span class=\"wd-icon\"><\/span>\n\t\t\t\t\t\t\t\t\t\t\t<\/a>\n\t\t\t\t\n\t\t\t\t\n\t\t\t<\/div>\n\n\t\t\t\t\t\t\t\t\t\t<\/div>\n\t\t\t\t\t\t\t\t<div class=\"tooltip-arrow\"><\/div>\n\t\t\t\t\t\t\t<\/div>\n\t\t\t\t\t\t<\/div>\n\t\t\t\t\t\n\t\t\t\t\t\t\t\t\t\t\t\t\t\t\t\t\t<div class=\"wd-post-reply wd-style-1\">\n\t\t\t\t\t\t\t<a href=\"https:\/\/oscarguedez.com\/hay-dificultades-para-avanzar-con-descarbonizacion\/#respond\"><span class=\"wd-replies-count\">0<\/span><\/a>\t\t\t\t\t\t<\/div>\n\t\t\t\t\t\t\t\t\t<\/div>\n\t\t\t\n\t\t\t\t\t\t\t\t\t\t\t\t<div class=\"wd-post-excerpt entry-content\">\n\t\t\t\t\t\tEgipto.\u00a0Las negociaciones clim\u00e1ticas que se desarrollan en Sharm el-Sheikh, Egipto, en el marco de la cumbre d...\t\t\t\t\t<\/div>\n\t\t\t\t\n\t\t\t\t\t\t\t\t\t\t\t\t\t\t<div class=\"wd-post-read-more wd-style-link read-more-section\">\n\t\t\t\t\t\t<a class=\"\" href=\"https:\/\/oscarguedez.com\/hay-dificultades-para-avanzar-con-descarbonizacion\/\">Seguir leyendo<\/a>\t\t\t\t\t<\/div>\n\t\t\t\t\t\t\t\t\t\t\t\t\t<\/div>\n\t<\/div>\n<\/article>\n\n\t\t\t\t\t\t\t\t\t\t\t\n<article id=\"post-29511\" class=\"wd-post blog-design-masonry blog-post-loop blog-style-flat wd-col post-29511 post type-post status-publish format-standard has-post-thumbnail hentry category-cambio_climatico tag-accion-climatica-y-conservacion-del-medioambiente tag-cambio-climatico\">\n\t<div class=\"wd-post-inner article-inner\">\n\t\t\t\t\t<div class=\"wd-post-thumb entry-header\">\n\t\t\t\t\t\t\t\t\t<div class=\"wd-post-img post-img-wrapp\">\n\t\t\t\t\t\t<img width=\"1200\" height=\"675\" src=\"https:\/\/oscarguedez.com\/wp-content\/uploads\/2022\/07\/articulo_RD-asume-el-liderazgo-regional-por-la-accion-climatica-y-conservacion-del-medioambiente.webp\" class=\"attachment-large size-large\" alt=\"\" decoding=\"async\" srcset=\"https:\/\/oscarguedez.com\/wp-content\/uploads\/2022\/07\/articulo_RD-asume-el-liderazgo-regional-por-la-accion-climatica-y-conservacion-del-medioambiente.webp 1200w, https:\/\/oscarguedez.com\/wp-content\/uploads\/2022\/07\/articulo_RD-asume-el-liderazgo-regional-por-la-accion-climatica-y-conservacion-del-medioambiente-400x225.webp 400w, https:\/\/oscarguedez.com\/wp-content\/uploads\/2022\/07\/articulo_RD-asume-el-liderazgo-regional-por-la-accion-climatica-y-conservacion-del-medioambiente-768x432.webp 768w, https:\/\/oscarguedez.com\/wp-content\/uploads\/2022\/07\/articulo_RD-asume-el-liderazgo-regional-por-la-accion-climatica-y-conservacion-del-medioambiente-430x242.webp 430w, https:\/\/oscarguedez.com\/wp-content\/uploads\/2022\/07\/articulo_RD-asume-el-liderazgo-regional-por-la-accion-climatica-y-conservacion-del-medioambiente-700x394.webp 700w, https:\/\/oscarguedez.com\/wp-content\/uploads\/2022\/07\/articulo_RD-asume-el-liderazgo-regional-por-la-accion-climatica-y-conservacion-del-medioambiente-150x84.webp 150w\" sizes=\"(max-width: 1200px) 100vw, 1200px\" \/>\t\t\t\t\t<\/div>\n\t\t\t\t\t<a class=\"wd-fill\" href=\"https:\/\/oscarguedez.com\/rd-asume-el-liderazgo-regional-por-la-accion-climatica-y-conservacion-del-medioambiente\/\"><\/a>\n\t\t\t\t\n\t\t\t\t\t\t\t\t\t\t\t\t<div class=\"wd-post-date wd-style-with-bg\">\n\t\t\t\t<span class=\"post-date-day\">\n\t\t\t\t\t27\t\t\t\t<\/span>\n\t\t\t\t<span class=\"post-date-month\">\n\t\t\t\t\tJul\t\t\t\t<\/span>\n\t\t\t<\/div>\n\t\t\t\t\t\t\t\t\t<\/div>\n\t\t\n\t\t<div class=\"wd-post-content article-body-container\">\n\t\t\t\t\t\t\t<div class=\"wd-post-cat wd-style-with-bg meta-post-categories\">\n\t\t\t\t\t<a href=\"https:\/\/oscarguedez.com\/category\/cambio_climatico\/\" rel=\"category tag\">Cambio Clim\u00e1tico<\/a>\t\t\t\t<\/div>\n\t\t\t\n\t\t\t\t\t\t\t<h3 class=\"wd-post-title wd-entities-title title post-title\">\n\t\t\t\t\t<a href=\"https:\/\/oscarguedez.com\/rd-asume-el-liderazgo-regional-por-la-accion-climatica-y-conservacion-del-medioambiente\/\" rel=\"bookmark\">RD asume el liderazgo regional por la acci\u00f3n clim\u00e1tica y conservaci\u00f3n del medioambiente<\/a>\n\t\t\t\t<\/h3>\n\t\t\t\n\t\t\t\t\t\t\t<div class=\"wd-post-meta\">\n\t\t\t\t\t\t\t\t\t\t\t\t\t\t\t<div class=\"wd-post-author\">\n\t\t\t\t\t\t\t\t\t\t\t<span>Publicado por<\/span>\n\t\t\n\t\t\t\t\t<img alt='author-avatar' src='https:\/\/secure.gravatar.com\/avatar\/d9902645d4f0dc4e775b40c07ea4aa2b26c68857eb71bad8a4f818e36fcb319a?s=18&#038;d=mm&#038;r=g' srcset='https:\/\/secure.gravatar.com\/avatar\/d9902645d4f0dc4e775b40c07ea4aa2b26c68857eb71bad8a4f818e36fcb319a?s=36&#038;d=mm&#038;r=g 2x' class='avatar avatar-18 photo' height='18' width='18' decoding='async'\/>\t\t\n\t\t\t\t\t<a href=\"https:\/\/oscarguedez.com\/author\/carlosvargasmcgmail-com\/\" class=\"author\" rel=\"author\">carlosvargasmc@gmail.com<\/a>\n\t\t\t\t\t\t\t\t\t<\/div>\n\t\t\t\t\t<div class=\"wd-modified-date\">\n\t\t\t\t\t\t\t\t<time class=\"updated\" datetime=\"2026-03-29T16:16:55+00:00\">\n\t\t\t29 de marzo de 2026\t\t<\/time>\n\t\t\t\t\t\t\t<\/div>\n\n\t\t\t\t\t\t\t\t\t\t\t<div class=\"wd-post-share wd-tltp\">\n\t\t\t\t\t\t\t<div class=\"tooltip top\">\n\t\t\t\t\t\t\t\t<div class=\"tooltip-inner\">\n\t\t\t\t\t\t\t\t\t\t\t\t<div\n\t\t\t\t\t\tclass=\" wd-social-icons wd-style-default wd-size-small social-share wd-shape-circle color-scheme-light text-center\">\n\t\t\t\t\n\t\t\t\t\n\t\t\t\t\t\t\t\t\t<a rel=\"noopener noreferrer nofollow\" href=\"https:\/\/www.facebook.com\/sharer\/sharer.php?u=https:\/\/oscarguedez.com\/rd-asume-el-liderazgo-regional-por-la-accion-climatica-y-conservacion-del-medioambiente\/\" target=\"_blank\" class=\" wd-social-icon social-facebook\" aria-label=\"Facebook social link\">\n\t\t\t\t\t\t<span class=\"wd-icon\"><\/span>\n\t\t\t\t\t\t\t\t\t\t\t<\/a>\n\t\t\t\t\n\t\t\t\t\t\t\t\t\t<a rel=\"noopener noreferrer nofollow\" href=\"https:\/\/x.com\/share?url=https:\/\/oscarguedez.com\/rd-asume-el-liderazgo-regional-por-la-accion-climatica-y-conservacion-del-medioambiente\/\" target=\"_blank\" class=\" wd-social-icon social-twitter\" aria-label=\"X social link\">\n\t\t\t\t\t\t<span class=\"wd-icon\"><\/span>\n\t\t\t\t\t\t\t\t\t\t\t<\/a>\n\t\t\t\t\n\t\t\t\t\n\t\t\t\t\n\t\t\t\t\n\t\t\t\t\n\t\t\t\t\n\t\t\t\t\t\t\t\t\t<a rel=\"noopener noreferrer nofollow\" href=\"https:\/\/pinterest.com\/pin\/create\/button\/?url=https:\/\/oscarguedez.com\/rd-asume-el-liderazgo-regional-por-la-accion-climatica-y-conservacion-del-medioambiente\/&media=https:\/\/oscarguedez.com\/wp-content\/uploads\/2022\/07\/articulo_RD-asume-el-liderazgo-regional-por-la-accion-climatica-y-conservacion-del-medioambiente.webp&description=RD+asume+el+liderazgo+regional+por+la+acci%C3%B3n+clim%C3%A1tica+y+conservaci%C3%B3n+del+medioambiente\" target=\"_blank\" class=\" wd-social-icon social-pinterest\" aria-label=\"Pinterest social link\">\n\t\t\t\t\t\t<span class=\"wd-icon\"><\/span>\n\t\t\t\t\t\t\t\t\t\t\t<\/a>\n\t\t\t\t\n\t\t\t\t\n\t\t\t\t\t\t\t\t\t<a rel=\"noopener noreferrer nofollow\" href=\"https:\/\/www.linkedin.com\/shareArticle?mini=true&url=https:\/\/oscarguedez.com\/rd-asume-el-liderazgo-regional-por-la-accion-climatica-y-conservacion-del-medioambiente\/\" target=\"_blank\" class=\" wd-social-icon social-linkedin\" aria-label=\"Linkedin social link\">\n\t\t\t\t\t\t<span class=\"wd-icon\"><\/span>\n\t\t\t\t\t\t\t\t\t\t\t<\/a>\n\t\t\t\t\n\t\t\t\t\n\t\t\t\t\n\t\t\t\t\n\t\t\t\t\n\t\t\t\t\n\t\t\t\t\n\t\t\t\t\n\t\t\t\t\n\t\t\t\t\n\t\t\t\t\n\t\t\t\t\n\t\t\t\t\n\t\t\t\t\n\t\t\t\t\n\t\t\t\t\t\t\t\t\t<a rel=\"noopener noreferrer nofollow\" href=\"https:\/\/telegram.me\/share\/url?url=https:\/\/oscarguedez.com\/rd-asume-el-liderazgo-regional-por-la-accion-climatica-y-conservacion-del-medioambiente\/\" target=\"_blank\" class=\" wd-social-icon social-tg\" aria-label=\"Telegram social link\">\n\t\t\t\t\t\t<span class=\"wd-icon\"><\/span>\n\t\t\t\t\t\t\t\t\t\t\t<\/a>\n\t\t\t\t\n\t\t\t\t\n\t\t\t<\/div>\n\n\t\t\t\t\t\t\t\t\t\t<\/div>\n\t\t\t\t\t\t\t\t<div class=\"tooltip-arrow\"><\/div>\n\t\t\t\t\t\t\t<\/div>\n\t\t\t\t\t\t<\/div>\n\t\t\t\t\t\n\t\t\t\t\t\t\t\t\t\t\t\t\t\t\t\t\t<div class=\"wd-post-reply wd-style-1\">\n\t\t\t\t\t\t\t<a href=\"https:\/\/oscarguedez.com\/rd-asume-el-liderazgo-regional-por-la-accion-climatica-y-conservacion-del-medioambiente\/#respond\"><span class=\"wd-replies-count\">0<\/span><\/a>\t\t\t\t\t\t<\/div>\n\t\t\t\t\t\t\t\t\t<\/div>\n\t\t\t\n\t\t\t\t\t\t\t\t\t\t\t\t<div class=\"wd-post-excerpt entry-content\">\n\t\t\t\t\t\tLa celebraci\u00f3n en Santo Domingo de la cumbre de ministros de Medio Ambiente de Iberoam\u00e9rica y la Semana del Cl...\t\t\t\t\t<\/div>\n\t\t\t\t\n\t\t\t\t\t\t\t\t\t\t\t\t\t\t<div class=\"wd-post-read-more wd-style-link read-more-section\">\n\t\t\t\t\t\t<a class=\"\" href=\"https:\/\/oscarguedez.com\/rd-asume-el-liderazgo-regional-por-la-accion-climatica-y-conservacion-del-medioambiente\/\">Seguir leyendo<\/a>\t\t\t\t\t<\/div>\n\t\t\t\t\t\t\t\t\t\t\t\t\t<\/div>\n\t<\/div>\n<\/article>\n\n\t\t\t\t\t\t\t\t\t\t\t\n<article id=\"post-29523\" class=\"wd-post blog-design-masonry blog-post-loop blog-style-flat wd-col post-29523 post type-post status-publish format-standard has-post-thumbnail hentry category-cambio_climatico tag-cambio-climatico tag-cop26\">\n\t<div class=\"wd-post-inner article-inner\">\n\t\t\t\t\t<div class=\"wd-post-thumb entry-header\">\n\t\t\t\t\t\t\t\t\t<div class=\"wd-post-img post-img-wrapp\">\n\t\t\t\t\t\t<img width=\"1000\" height=\"563\" src=\"https:\/\/oscarguedez.com\/wp-content\/uploads\/2021\/11\/articulo_COP26-termina-con-la-tarea-incompleta.jpg\" class=\"attachment-large size-large\" alt=\"\" decoding=\"async\" srcset=\"https:\/\/oscarguedez.com\/wp-content\/uploads\/2021\/11\/articulo_COP26-termina-con-la-tarea-incompleta.jpg 1000w, https:\/\/oscarguedez.com\/wp-content\/uploads\/2021\/11\/articulo_COP26-termina-con-la-tarea-incompleta-400x225.jpg 400w, https:\/\/oscarguedez.com\/wp-content\/uploads\/2021\/11\/articulo_COP26-termina-con-la-tarea-incompleta-768x432.jpg 768w, https:\/\/oscarguedez.com\/wp-content\/uploads\/2021\/11\/articulo_COP26-termina-con-la-tarea-incompleta-430x242.jpg 430w, https:\/\/oscarguedez.com\/wp-content\/uploads\/2021\/11\/articulo_COP26-termina-con-la-tarea-incompleta-700x394.jpg 700w, https:\/\/oscarguedez.com\/wp-content\/uploads\/2021\/11\/articulo_COP26-termina-con-la-tarea-incompleta-150x84.jpg 150w\" sizes=\"(max-width: 1000px) 100vw, 1000px\" \/>\t\t\t\t\t<\/div>\n\t\t\t\t\t<a class=\"wd-fill\" href=\"https:\/\/oscarguedez.com\/cop26-termina-con-la-tarea-incompleta\/\"><\/a>\n\t\t\t\t\n\t\t\t\t\t\t\t\t\t\t\t\t<div class=\"wd-post-date wd-style-with-bg\">\n\t\t\t\t<span class=\"post-date-day\">\n\t\t\t\t\t15\t\t\t\t<\/span>\n\t\t\t\t<span class=\"post-date-month\">\n\t\t\t\t\tNov\t\t\t\t<\/span>\n\t\t\t<\/div>\n\t\t\t\t\t\t\t\t\t<\/div>\n\t\t\n\t\t<div class=\"wd-post-content article-body-container\">\n\t\t\t\t\t\t\t<div class=\"wd-post-cat wd-style-with-bg meta-post-categories\">\n\t\t\t\t\t<a href=\"https:\/\/oscarguedez.com\/category\/cambio_climatico\/\" rel=\"category tag\">Cambio Clim\u00e1tico<\/a>\t\t\t\t<\/div>\n\t\t\t\n\t\t\t\t\t\t\t<h3 class=\"wd-post-title wd-entities-title title post-title\">\n\t\t\t\t\t<a href=\"https:\/\/oscarguedez.com\/cop26-termina-con-la-tarea-incompleta\/\" rel=\"bookmark\">COP26 termina con la tarea incompleta<\/a>\n\t\t\t\t<\/h3>\n\t\t\t\n\t\t\t\t\t\t\t<div class=\"wd-post-meta\">\n\t\t\t\t\t\t\t\t\t\t\t\t\t\t\t<div class=\"wd-post-author\">\n\t\t\t\t\t\t\t\t\t\t\t<span>Publicado por<\/span>\n\t\t\n\t\t\t\t\t<img alt='author-avatar' src='https:\/\/secure.gravatar.com\/avatar\/d9902645d4f0dc4e775b40c07ea4aa2b26c68857eb71bad8a4f818e36fcb319a?s=18&#038;d=mm&#038;r=g' srcset='https:\/\/secure.gravatar.com\/avatar\/d9902645d4f0dc4e775b40c07ea4aa2b26c68857eb71bad8a4f818e36fcb319a?s=36&#038;d=mm&#038;r=g 2x' class='avatar avatar-18 photo' height='18' width='18' decoding='async'\/>\t\t\n\t\t\t\t\t<a href=\"https:\/\/oscarguedez.com\/author\/carlosvargasmcgmail-com\/\" class=\"author\" rel=\"author\">carlosvargasmc@gmail.com<\/a>\n\t\t\t\t\t\t\t\t\t<\/div>\n\t\t\t\t\t<div class=\"wd-modified-date\">\n\t\t\t\t\t\t\t\t<time class=\"updated\" datetime=\"2026-03-29T16:23:53+00:00\">\n\t\t\t29 de marzo de 2026\t\t<\/time>\n\t\t\t\t\t\t\t<\/div>\n\n\t\t\t\t\t\t\t\t\t\t\t<div class=\"wd-post-share wd-tltp\">\n\t\t\t\t\t\t\t<div class=\"tooltip top\">\n\t\t\t\t\t\t\t\t<div class=\"tooltip-inner\">\n\t\t\t\t\t\t\t\t\t\t\t\t<div\n\t\t\t\t\t\tclass=\" wd-social-icons wd-style-default wd-size-small social-share wd-shape-circle color-scheme-light text-center\">\n\t\t\t\t\n\t\t\t\t\n\t\t\t\t\t\t\t\t\t<a rel=\"noopener noreferrer nofollow\" href=\"https:\/\/www.facebook.com\/sharer\/sharer.php?u=https:\/\/oscarguedez.com\/cop26-termina-con-la-tarea-incompleta\/\" target=\"_blank\" class=\" wd-social-icon social-facebook\" aria-label=\"Facebook social link\">\n\t\t\t\t\t\t<span class=\"wd-icon\"><\/span>\n\t\t\t\t\t\t\t\t\t\t\t<\/a>\n\t\t\t\t\n\t\t\t\t\t\t\t\t\t<a rel=\"noopener noreferrer nofollow\" href=\"https:\/\/x.com\/share?url=https:\/\/oscarguedez.com\/cop26-termina-con-la-tarea-incompleta\/\" target=\"_blank\" class=\" wd-social-icon social-twitter\" aria-label=\"X social link\">\n\t\t\t\t\t\t<span class=\"wd-icon\"><\/span>\n\t\t\t\t\t\t\t\t\t\t\t<\/a>\n\t\t\t\t\n\t\t\t\t\n\t\t\t\t\n\t\t\t\t\n\t\t\t\t\n\t\t\t\t\n\t\t\t\t\t\t\t\t\t<a rel=\"noopener noreferrer nofollow\" href=\"https:\/\/pinterest.com\/pin\/create\/button\/?url=https:\/\/oscarguedez.com\/cop26-termina-con-la-tarea-incompleta\/&media=https:\/\/oscarguedez.com\/wp-content\/uploads\/2021\/11\/articulo_COP26-termina-con-la-tarea-incompleta.jpg&description=COP26+termina+con+la+tarea+incompleta\" target=\"_blank\" class=\" wd-social-icon social-pinterest\" aria-label=\"Pinterest social link\">\n\t\t\t\t\t\t<span class=\"wd-icon\"><\/span>\n\t\t\t\t\t\t\t\t\t\t\t<\/a>\n\t\t\t\t\n\t\t\t\t\n\t\t\t\t\t\t\t\t\t<a rel=\"noopener noreferrer nofollow\" href=\"https:\/\/www.linkedin.com\/shareArticle?mini=true&url=https:\/\/oscarguedez.com\/cop26-termina-con-la-tarea-incompleta\/\" target=\"_blank\" class=\" wd-social-icon social-linkedin\" aria-label=\"Linkedin social link\">\n\t\t\t\t\t\t<span class=\"wd-icon\"><\/span>\n\t\t\t\t\t\t\t\t\t\t\t<\/a>\n\t\t\t\t\n\t\t\t\t\n\t\t\t\t\n\t\t\t\t\n\t\t\t\t\n\t\t\t\t\n\t\t\t\t\n\t\t\t\t\n\t\t\t\t\n\t\t\t\t\n\t\t\t\t\n\t\t\t\t\n\t\t\t\t\n\t\t\t\t\n\t\t\t\t\n\t\t\t\t\t\t\t\t\t<a rel=\"noopener noreferrer nofollow\" href=\"https:\/\/telegram.me\/share\/url?url=https:\/\/oscarguedez.com\/cop26-termina-con-la-tarea-incompleta\/\" target=\"_blank\" class=\" wd-social-icon social-tg\" aria-label=\"Telegram social link\">\n\t\t\t\t\t\t<span class=\"wd-icon\"><\/span>\n\t\t\t\t\t\t\t\t\t\t\t<\/a>\n\t\t\t\t\n\t\t\t\t\n\t\t\t<\/div>\n\n\t\t\t\t\t\t\t\t\t\t<\/div>\n\t\t\t\t\t\t\t\t<div class=\"tooltip-arrow\"><\/div>\n\t\t\t\t\t\t\t<\/div>\n\t\t\t\t\t\t<\/div>\n\t\t\t\t\t\n\t\t\t\t\t\t\t\t\t\t\t\t\t\t\t\t\t<div class=\"wd-post-reply wd-style-1\">\n\t\t\t\t\t\t\t<a href=\"https:\/\/oscarguedez.com\/cop26-termina-con-la-tarea-incompleta\/#respond\"><span class=\"wd-replies-count\">0<\/span><\/a>\t\t\t\t\t\t<\/div>\n\t\t\t\t\t\t\t\t\t<\/div>\n\t\t\t\n\t\t\t\t\t\t\t\t\t\t\t\t<div class=\"wd-post-excerpt entry-content\">\n\t\t\t\t\t\tDeclaraci\u00f3n final hace un llamado a la \u201creducci\u00f3n progresiva\u201d del carb\u00f3n y no a su \u201celiminaci\u00f3n progresiva\u201dEst...\t\t\t\t\t<\/div>\n\t\t\t\t\n\t\t\t\t\t\t\t\t\t\t\t\t\t\t<div class=\"wd-post-read-more wd-style-link read-more-section\">\n\t\t\t\t\t\t<a class=\"\" href=\"https:\/\/oscarguedez.com\/cop26-termina-con-la-tarea-incompleta\/\">Seguir leyendo<\/a>\t\t\t\t\t<\/div>\n\t\t\t\t\t\t\t\t\t\t\t\t\t<\/div>\n\t<\/div>\n<\/article>\n\n\t\t\t\t\t\n\t\t\t\t\t","status":"no-more-posts","nextPage":"?woo_ajax=1","currentPage":"https:\/\/oscarguedez.com\/tag\/cambio-climatico\/page\/2"}